{"id":667509,"date":"2026-09-04T17:51:20","date_gmt":"2026-09-04T17:51:20","guid":{"rendered":"https:\/\/www.europesays.com\/pl\/667509\/"},"modified":"2026-09-04T17:51:20","modified_gmt":"2026-09-04T17:51:20","slug":"spor-o-wiczlinska-radni-zadaja-wyjasnien","status":"publish","type":"post","link":"https:\/\/www.europesays.com\/pl\/667509\/","title":{"rendered":"Sp\u00f3r o Wiczli\u0144sk\u0105. Radni \u017c\u0105daj\u0105 wyja\u015bnie\u0144"},"content":{"rendered":"<p>\t\t\t\t\t\t\t\tWidmo utraty dofinansowania, milionowe straty i\u00a0ryzyko s\u0105dowej batalii. Przysz\u0142o\u015b\u0107 modernizacji ul.\u00a0Wiczli\u0144skiej w\u00a0Gdyni stoi pod\u00a0znakiem zapytania. Temat rozgrza\u0142 do\u00a0czerwono\u015bci dyskusj\u0119 w\u00a0audycji \u201eStrefa Samorz\u0105dowa\u201d.<\/p>\n<p>Sprawa dotyczy ustale\u0144 mi\u0119dzy samorz\u0105dem a\u00a0firm\u0105 odpowiedzialn\u0105 za\u00a0prace drogowe. Wed\u0142ug informacji ujawnionych przez\u00a0radnego Jakuba Ubycha, w\u0142adze Gdyni mia\u0142y zadeklarowa\u0107 wykonawcy dodatkowe 3 mln z\u0142 za\u00a0przyspieszenie inwestycji, po\u00a0czym wycofa\u0142y si\u0119 z\u00a0obietnicy.<\/p>\n<p>\u2013 Jaki jest efekt? Wykonawca \u015bci\u0105gn\u0105\u0142 cz\u0119\u015b\u0107 swoich zasob\u00f3w. Pi\u0105tego wrze\u015bnia, czyli jutro, droga powinna by\u0107 w\u00a0pe\u0142ni otwarta, a\u00a0b\u0119dzie od\u00a0si\u00f3dmego tylko\u00a0na\u00a0ma\u0142ym fragmencie. Pot\u0119\u017cna cz\u0119\u015b\u0107 dzielnicy zostanie bez\u00a0komunikacji miejskiej. Nikt nie\u00a0wie, jaki jest realny termin ko\u0144ca inwestycji, bo\u00a0tych dat jest mn\u00f3stwo \u2013 podkre\u015bla\u0142 Jakub Ubych.<\/p>\n<p>RADNI \u017b\u0104DAJ\u0104 WYJA\u015aNIE\u0143<\/p>\n<p>Sytuacja budzi niepok\u00f3j przedstawicieli r\u00f3\u017cnych opcji politycznych w\u00a0gdy\u0144skiej radzie miasta.<\/p>\n<p>\u2013 Je\u015bli rzeczywi\u015bcie z\u00a0jednej strony mamy podpisane zobowi\u0105zania ze\u00a0strony miasta, z\u00a0drugiej strony wyparcie si\u0119 tego zobowi\u0105zania po\u00a0realizacji jakiej\u015b cz\u0119\u015bci dzia\u0142a\u0144, to\u00a0rzeczywi\u015bcie jest to\u00a0sprawa, kt\u00f3rej\u00a0trzeba si\u0119 przyjrze\u0107 \u2013 m\u00f3wi\u0142 \u0141ukasz Piesiewicz z\u00a0klubu Koalicji Obywatelskiej.<\/p>\n<p>Na\u00a0problem wiarygodno\u015bci samorz\u0105du w\u00a0relacjach z\u00a0biznesem zwraca\u0142 uwag\u0119 r\u00f3wnie\u017c Marek Dudzi\u0144ski z\u00a0Prawa i\u00a0Sprawiedliwo\u015bci: \u2013 W\u00a0jakim \u015bwietle to\u00a0stawia nasze miasto, je\u017celi chodzi o\u00a0wsp\u00f3\u0142prac\u0119 z\u00a0innymi wykonawcami, podmiotami, dostawcami?<\/p>\n<p>STANOWISKO URZ\u0118DU MIASTA<\/p>\n<p>Gdynia odpiera zarzuty i\u00a0t\u0142umaczy, \u017ce\u00a0decyzja mia\u0142a podstawy formalne. Wed\u0142ug magistratu pierwsze pismo w\u00a0sprawie przekazania dodatkowych \u015brodk\u00f3w za\u00a0przyspieszenie prac nie\u00a0spe\u0142nia\u0142o wymog\u00f3w prawnych. Z\u00a0tego powodu prezydent miasta po\u00a0dw\u00f3ch miesi\u0105cach o\u015bwiadczy\u0142a, \u017ce\u00a0wykonawca nie\u00a0otrzyma wnioskowanych funduszy.<\/p>\n<p>Pos\u0142uchaj audycji:\u00a0<\/p>\n<p><a href=\"https:\/\/radiogdansk.pl\/wp-content\/uploads\/2026\/09\/samorzandoffa-04-09.mp3\" rel=\"nofollow noopener\" target=\"_blank\">https:\/\/radiogdansk.pl\/wp-content\/uploads\/2026\/09\/samorzandoffa-04-09.mp3<\/a><\/p>\n<p style=\"text-align: right;\">Joanna Stankiewicz\/SG<\/p>\n","protected":false},"excerpt":{"rendered":"Widmo utraty dofinansowania, milionowe straty i\u00a0ryzyko s\u0105dowej batalii. Przysz\u0142o\u015b\u0107 modernizacji ul.\u00a0Wiczli\u0144skiej w\u00a0Gdyni stoi pod\u00a0znakiem zapytania. Temat rozgrza\u0142 do\u00a0czerwono\u015bci&hellip;\n","protected":false},"author":2,"featured_media":667510,"comment_status":"","ping_status":"","sticky":false,"template":"","format":"standard","meta":{"footnotes":"","_share_on_mastodon":"0"},"categories":[51610],"tags":[1048,42,38,40,39,41],"class_list":["post-667509","post","type-post","status-publish","format-standard","has-post-thumbnail","category-gdansk","tag-gdansk","tag-pl","tag-poland","tag-polish","tag-polska","tag-polski"],"share_on_mastodon":{"url":"https:\/\/pubeurope.com\/@pl\/117214044679124536","error":""},"_links":{"self":[{"href":"https:\/\/www.europesays.com\/pl\/wp-json\/wp\/v2\/posts\/667509","targetHints":{"allow":["GET"]}}],"collection":[{"href":"https:\/\/www.europesays.com\/pl\/wp-json\/wp\/v2\/posts"}],"about":[{"href":"https:\/\/www.europesays.com\/pl\/wp-json\/wp\/v2\/types\/post"}],"author":[{"embeddable":true,"href":"https:\/\/www.europesays.com\/pl\/wp-json\/wp\/v2\/users\/2"}],"replies":[{"embeddable":true,"href":"https:\/\/www.europesays.com\/pl\/wp-json\/wp\/v2\/comments?post=667509"}],"version-history":[{"count":0,"href":"https:\/\/www.europesays.com\/pl\/wp-json\/wp\/v2\/posts\/667509\/revisions"}],"wp:featuredmedia":[{"embeddable":true,"href":"https:\/\/www.europesays.com\/pl\/wp-json\/wp\/v2\/media\/667510"}],"wp:attachment":[{"href":"https:\/\/www.europesays.com\/pl\/wp-json\/wp\/v2\/media?parent=667509"}],"wp:term":[{"taxonomy":"category","embeddable":true,"href":"https:\/\/www.europesays.com\/pl\/wp-json\/wp\/v2\/categories?post=667509"},{"taxonomy":"post_tag","embeddable":true,"href":"https:\/\/www.europesays.com\/pl\/wp-json\/wp\/v2\/tags?post=667509"}],"curies":[{"name":"wp","href":"https:\/\/api.w.org\/{rel}","templated":true}]}}