{"id":667515,"date":"2026-09-04T17:54:09","date_gmt":"2026-09-04T17:54:09","guid":{"rendered":"https:\/\/www.europesays.com\/pl\/667515\/"},"modified":"2026-09-04T17:54:09","modified_gmt":"2026-09-04T17:54:09","slug":"alez-ruch-slaska-wroclaw-od-dluzszego-czasu","status":"publish","type":"post","link":"https:\/\/www.europesays.com\/pl\/667515\/","title":{"rendered":"Ale\u017c ruch \u015al\u0105ska Wroc\u0142aw. &#8222;Od d\u0142u\u017cszego czasu&#8221;"},"content":{"rendered":"<p>Ieltsin Camoes urodzi\u0142 si\u0119 w Angoli, ale przygod\u0119 z pi\u0142k\u0105 no\u017cn\u0105 zaczyna\u0142 w Portugalii, gdzie pr\u00f3bowa\u0142 swoich si\u0142 w kilku akademiach. W 2021 r. przeni\u00f3s\u0142 si\u0119 do Szwecji, a nast\u0119pnie trafi\u0142 do wyst\u0119puj\u0105cego w norweskiej ekstraklasie Tromso IL. Na pocz\u0105tku 2026 r. trafi\u0142 do Egiptu, do klubu Al Ahly, ale po p\u00f3\u0142 roku wr\u00f3ci\u0142 do Norwegii. W tym sezonie mierz\u0105cy 188 cm napastnik wyst\u0105pi\u0142 w czterech meczach, w kt\u00f3rych zdoby\u0142 dwa gole.<\/p>\n<p>Dalszy ci\u0105g artyku\u0142u pod materia\u0142em wideo<\/p>\n<p>\u2014 Camoes to zawodnik, kt\u00f3rego obserwowali\u015bmy od d\u0142u\u017cszego czasu. To du\u017ce wzmocnienie i cieszymy si\u0119, \u017ce jest ju\u017c z nami. To skuteczny napastnik, kt\u00f3ry opr\u00f3cz strzelania goli wyr\u00f3\u017cnia si\u0119 przede wszystkim uniwersalno\u015bci\u0105, zwinno\u015bci\u0105, umiej\u0119tno\u015bci\u0105 gry ty\u0142em do bramki i skuteczno\u015bci\u0105 w pojedynkach. Wierz\u0119, \u017ce znacz\u0105co wzmocni nasz\u0105 si\u0142\u0119 ra\u017cenia \u2014 skomentowa\u0142 transfer na oficjalnej stronie wroc\u0142awskiego klubu dyrektor sportowy \u015al\u0105ska Rafa\u0142 Grodzicki.<\/p>\n<p><a href=\"https:\/\/przegladsportowy.onet.pl\/\" title=\"Strona g\u0142\u00f3wna serwisu\" aria-label=\"Strona g\u0142\u00f3wna serwisu\" data-astro-prefetch=\"tap\" class=\"ods-a-logo-main-desktop\" rel=\"nofollow noopener\" target=\"_blank\"><img src=\"https:\/\/cdn.przegladsportowy.onet.pl\/img\/Logo_desktop_Onet.svg\" class=\"ods-a-logo-main-desktop__image\" alt=\"Logo\" width=\"107\" height=\"60\" fetchpriority=\"high\" decoding=\"sync\" style=\"height:60px\"\/><\/a><\/p>\n<p class=\"ods-m-google-article__text\">Czytaj nas cz\u0119\u015bciej w Google<\/p>\n<p><a href=\"https:\/\/google.com\/preferences\/source?q=przegladsportowy.onet.pl\" target=\"_blank\" rel=\"noopener noreferrer nofollow\" aria-label=\"Dodaj w Google\" title=\"Dodaj w Google\" class=\"ods-a-button ods-a-button__primary ods-a-button__default ods-a-button-l\">Dodaj w Google<\/a><\/p>\n<p>Wroc\u0142awski zesp\u00f3\u0142 po rozegraniu sze\u015bciu mecz\u00f3w ma na koncie sze\u015b\u0107 punkt\u00f3w i zajmuje 14. miejsce w tabeli Ekstraklasy. W najbli\u017cszej kolejce zesp\u00f3\u0142 trenera Ante Simundzy zmierzy si\u0119 w niedziel\u0119 na wyje\u017adzie z Jagielloni\u0105 Bia\u0142ystok (godz. 20.15). (PAP)<\/p>\n<p>\u0179r\u00f3d\u0142o informacji: Polska Agencja Prasowa<\/p>\n<p>Opracowanie:Polska Agencja Prasowa, Dariusz Kosi\u0144ski<\/p>\n<p>Data utworzenia:4 wrze\u015bnia 2026, 19:14<\/p>\n","protected":false},"excerpt":{"rendered":"Ieltsin Camoes urodzi\u0142 si\u0119 w Angoli, ale przygod\u0119 z pi\u0142k\u0105 no\u017cn\u0105 zaczyna\u0142 w Portugalii, gdzie pr\u00f3bowa\u0142 swoich si\u0142&hellip;\n","protected":false},"author":2,"featured_media":667516,"comment_status":"","ping_status":"","sticky":false,"template":"","format":"standard","meta":{"footnotes":"","_share_on_mastodon":"0"},"categories":[51607],"tags":[61195,274,48,46,948,42,38,40,39,41,47,3143,130,1853],"class_list":["post-667515","post","type-post","status-publish","format-standard","has-post-thumbnail","category-wroclaw","tag-bottomfeed_styl","tag-ekstraklasa","tag-nat_styl","tag-omp","tag-pilka_nozna","tag-pl","tag-poland","tag-polish","tag-polska","tag-polski","tag-screening_general","tag-slask_wroclaw","tag-wiadomosci_sportowe","tag-wroclaw"],"share_on_mastodon":{"url":"https:\/\/pubeurope.com\/@pl\/117214057752575732","error":""},"_links":{"self":[{"href":"https:\/\/www.europesays.com\/pl\/wp-json\/wp\/v2\/posts\/667515","targetHints":{"allow":["GET"]}}],"collection":[{"href":"https:\/\/www.europesays.com\/pl\/wp-json\/wp\/v2\/posts"}],"about":[{"href":"https:\/\/www.europesays.com\/pl\/wp-json\/wp\/v2\/types\/post"}],"author":[{"embeddable":true,"href":"https:\/\/www.europesays.com\/pl\/wp-json\/wp\/v2\/users\/2"}],"replies":[{"embeddable":true,"href":"https:\/\/www.europesays.com\/pl\/wp-json\/wp\/v2\/comments?post=667515"}],"version-history":[{"count":0,"href":"https:\/\/www.europesays.com\/pl\/wp-json\/wp\/v2\/posts\/667515\/revisions"}],"wp:featuredmedia":[{"embeddable":true,"href":"https:\/\/www.europesays.com\/pl\/wp-json\/wp\/v2\/media\/667516"}],"wp:attachment":[{"href":"https:\/\/www.europesays.com\/pl\/wp-json\/wp\/v2\/media?parent=667515"}],"wp:term":[{"taxonomy":"category","embeddable":true,"href":"https:\/\/www.europesays.com\/pl\/wp-json\/wp\/v2\/categories?post=667515"},{"taxonomy":"post_tag","embeddable":true,"href":"https:\/\/www.europesays.com\/pl\/wp-json\/wp\/v2\/tags?post=667515"}],"curies":[{"name":"wp","href":"https:\/\/api.w.org\/{rel}","templated":true}]}}