{"id":667535,"date":"2026-09-04T18:04:12","date_gmt":"2026-09-04T18:04:12","guid":{"rendered":"https:\/\/www.europesays.com\/pl\/667535\/"},"modified":"2026-09-04T18:04:12","modified_gmt":"2026-09-04T18:04:12","slug":"17-letnia-polka-napadnieta-w-szwajcarii-policja-poszukuje-sprawcy","status":"publish","type":"post","link":"https:\/\/www.europesays.com\/pl\/667535\/","title":{"rendered":"17-letnia Polka napadni\u0119ta w Szwajcarii. Policja poszukuje sprawcy"},"content":{"rendered":"<p>Do szokuj\u0105cego zdarzenia dosz\u0142o w czwartek wieczorem, tu\u017c przed godzin\u0105 21.30, w Birr (kanton Argowia). 17-letnia Polka sz\u0142a pieszo \u015bcie\u017ck\u0105 rowerow\u0105 pomi\u0119dzy Birrfeldstrasse a przej\u015bciem pod torami ABB, gdy naprzeciwko niej pojawi\u0142a si\u0119 osoba na motorowerze.<\/p>\n<p>Dalszy ci\u0105g artyku\u0142u pod materia\u0142em wideo<\/p>\n<p>Po chwili zosta\u0142a zaatakowana od ty\u0142u przez nieznanego m\u0119\u017cczyzn\u0119, kt\u00f3ry powali\u0142 j\u0105 na ziemi\u0119. Napastnik niespodziewanie wsun\u0105\u0142 r\u0119ce pod ubranie nastolatki. Dziewczyna stanowczo si\u0119 broni\u0142a i dzi\u0119ki temu uda\u0142o jej si\u0119 sp\u0142oszy\u0107 napastnika. Tak sytuacj\u0119 opisuje policja kantonalna Argowia w swoim komunikacie prasowym.<\/p>\n<p><a href=\"https:\/\/www.onet.pl\/\" title=\"Strona G\u0142\u00f3wna\" aria-label=\"Strona G\u0142\u00f3wna\" data-astro-prefetch=\"tap\" class=\"ods-a-logo-main-desktop\" rel=\"nofollow noopener\" target=\"_blank\"><img src=\"https:\/\/cdn.wiadomosci.onet.pl\/img\/Logo_desktop_Onet.svg\" class=\"ods-a-logo-main-desktop__image\" alt=\"Logo\" width=\"107\" height=\"60\" fetchpriority=\"high\" decoding=\"sync\" style=\"height:60px\"\/><\/a><\/p>\n<p class=\"ods-m-google-article__text\">Czytaj nas cz\u0119\u015bciej w Google<\/p>\n<p><a href=\"https:\/\/google.com\/preferences\/source?q=wiadomosci.onet.pl\" target=\"_blank\" rel=\"noopener noreferrer nofollow\" aria-label=\"Dodaj w Google\" title=\"Dodaj w Google\" class=\"ods-a-button ods-a-button__primary ods-a-button__default ods-a-button-l\">Dodaj w Google<\/a><\/p>\n<p>Obecnie poszukiwany jest m\u0119\u017cczyzna w wieku od 20 do 30 lat, maj\u0105cy od 170 do 190 cm wzrostu. W chwili zdarzenia mia\u0142 na sobie czarn\u0105 bluz\u0119 z kapturem. Ma kr\u00f3tkie blond w\u0142osy, jest ogolony i najprawdopodobniej porusza\u0142 si\u0119 motorowerem.<\/p>\n<p>Policja kantonalna Argowia prowadzi \u015bledztwo. Osoby, kt\u00f3re posiadaj\u0105 informacje na temat tego zdarzenia lub to\u017csamo\u015bci sprawcy, proszone s\u0105 o kontakt z wydzia\u0142em dochodzeniowym w Baden pod numerem telefonu 056 200 11 11 lub mailowo: ermittlungnord.kripo@kapo.ag.ch.<\/p>\n<p>Prokuratura wszcz\u0119\u0142a post\u0119powanie karne.<\/p>\n<p>Mroczne oblicze Francji. &#8222;Je\u015bli tam p\u00f3jdziecie, to ju\u017c jeste\u015bcie martwi&#8221;<\/p>\n<p class=\"ods-o-frame-in-text__paragraph\"><a href=\"https:\/\/wiadomosci.onet.pl\/swiat\/najgorsza-dzielnica-francji-jesli-tam-pojdziecie-to-bedziecie-martwi\/fgp0d11\" id=\"37030b17-0f66-4f23-a84f-138c991f7f30\" rel=\"nofollow noopener\" target=\"_blank\">Przeczytaj ca\u0142o\u015b\u0107 artyku\u0142u!<\/a><\/p>\n<p><img class=\"ods-a-photo ods-a-photo--background\" src=\"https:\/\/www.europesays.com\/pl\/wp-content\/uploads\/2026\/09\/sNek9lBaHR0cHM6Ly9vY2RuLmV1L3B1bHNjbXMvTURBXy8xNzVjMjMwM2QxZjUzMDQ0NWViYWMyODRiMGI5ZjQ4ZS5wbmeRlQLNA.jpeg\" height=\"252\" width=\"450\" alt=\"Na mniejszym zdj\u0119ciu Medi, dealer i jeden z g\u0142\u00f3wnych bohater\u00f3w reporta\u017cu. W tle p\u0142on\u0105cy w\u00f3zek sklepowy obok \u015bmieci w Marsylii we Francji, 1 lipca 2023 r.\" loading=\"lazy\" fetchpriority=\"low\" decoding=\"async\"\/><\/p>\n","protected":false},"excerpt":{"rendered":"Do szokuj\u0105cego zdarzenia dosz\u0142o w czwartek wieczorem, tu\u017c przed godzin\u0105 21.30, w Birr (kanton Argowia). 17-letnia Polka sz\u0142a&hellip;\n","protected":false},"author":2,"featured_media":667536,"comment_status":"","ping_status":"","sticky":false,"template":"","format":"standard","meta":{"footnotes":"","_share_on_mastodon":"0"},"categories":[14],"tags":[61195,32,33,27,34,35,28,31,48,25,46,414,40,41,47,80,2238,29,30,26,82,83,84],"class_list":["post-667535","post","type-post","status-publish","format-standard","has-post-thumbnail","category-swiat","tag-bottomfeed_styl","tag-breaking-news","tag-breakingnews","tag-headlines","tag-latest-news","tag-latestnews","tag-naglowki","tag-najwazniejsze-artykuly","tag-nat_styl","tag-news","tag-omp","tag-policja","tag-polish","tag-polski","tag-screening_general","tag-swiat","tag-szwajcaria","tag-top-stories","tag-topstories","tag-wiadomosci","tag-world","tag-world-news","tag-worldnews"],"share_on_mastodon":{"url":"https:\/\/pubeurope.com\/@pl\/117214097083681107","error":""},"_links":{"self":[{"href":"https:\/\/www.europesays.com\/pl\/wp-json\/wp\/v2\/posts\/667535","targetHints":{"allow":["GET"]}}],"collection":[{"href":"https:\/\/www.europesays.com\/pl\/wp-json\/wp\/v2\/posts"}],"about":[{"href":"https:\/\/www.europesays.com\/pl\/wp-json\/wp\/v2\/types\/post"}],"author":[{"embeddable":true,"href":"https:\/\/www.europesays.com\/pl\/wp-json\/wp\/v2\/users\/2"}],"replies":[{"embeddable":true,"href":"https:\/\/www.europesays.com\/pl\/wp-json\/wp\/v2\/comments?post=667535"}],"version-history":[{"count":0,"href":"https:\/\/www.europesays.com\/pl\/wp-json\/wp\/v2\/posts\/667535\/revisions"}],"wp:featuredmedia":[{"embeddable":true,"href":"https:\/\/www.europesays.com\/pl\/wp-json\/wp\/v2\/media\/667536"}],"wp:attachment":[{"href":"https:\/\/www.europesays.com\/pl\/wp-json\/wp\/v2\/media?parent=667535"}],"wp:term":[{"taxonomy":"category","embeddable":true,"href":"https:\/\/www.europesays.com\/pl\/wp-json\/wp\/v2\/categories?post=667535"},{"taxonomy":"post_tag","embeddable":true,"href":"https:\/\/www.europesays.com\/pl\/wp-json\/wp\/v2\/tags?post=667535"}],"curies":[{"name":"wp","href":"https:\/\/api.w.org\/{rel}","templated":true}]}}