{"id":667587,"date":"2026-09-04T18:36:10","date_gmt":"2026-09-04T18:36:10","guid":{"rendered":"https:\/\/www.europesays.com\/pl\/667587\/"},"modified":"2026-09-04T18:36:10","modified_gmt":"2026-09-04T18:36:10","slug":"brat-ziobry-zada-od-tuska-przeprosin-to-absurdalny-atak","status":"publish","type":"post","link":"https:\/\/www.europesays.com\/pl\/667587\/","title":{"rendered":"Brat Ziobry \u017c\u0105da od Tuska przeprosin. &#8222;To absurdalny atak&#8221;"},"content":{"rendered":"\n<p>&#13;<br \/>\nW pi\u0105tek w\u00a0trakcie obrad Sejmu premier Donald Tusk informowa\u0142 o\u00a0\u015bledztwie w\u00a0sprawie Zondacrypto. Szef rz\u0105du cytowa\u0142 m.in. fragmenty zezna\u0144 &#8222;g\u0142\u00f3wnego zeznaj\u0105cego&#8221; w\u00a0sprawie. Prawdopodobnie mowa o\u00a0Przemys\u0142awie Kralu, by\u0142ym szefie Zondacyrpto, kt\u00f3ry od\u00a0pewnego czasu wsp\u00f3\u0142pracuje z\u00a0prokuratur\u0105 w\u00a0tej sprawie. &#13;\n<\/p>\n<p>&#13;<br \/>\n&#8222;Zbyszek zapozna\u0142 si\u0119 z\u00a0aktami (chodzi o\u00a0akty oskar\u017cenia wobec tej osoby) m\u00f3wi\u0142, \u017ce\u00a0gdyby wiedzia\u0142, \u017ce\u00a0taka sprawa si\u0119 toczy, to\u00a0natychmiast by\u00a0interweniowa\u0142. Obieca\u0142, \u017ce\u00a0jak wr\u00f3ci do\u00a0w\u0142adzy w\u00a0Ministerstwie Sprawiedliwo\u015bci, czego jest pewien, to\u00a0ukr\u0119ci \u0142eb wszystkim tym sprawom&#8221; \u2013\u00a0mia\u0142 wyja\u015bnia\u0107 \u015bwiadek. &#13;\n<\/p>\n<p>&#13;<br \/>\n\u2013 Ta\u00a0osoba zezna\u0142a te\u017c, \u017ce\u00a0rekompensata za\u00a0t\u0119 us\u0142ug\u0119 b\u0119dzie wyp\u0142acona panu ministrowi Ziobro za\u00a0po\u015brednictwem fundacji, kt\u00f3r\u0105 zak\u0142ada\u0142 brat pana Ziobry, a\u00a0by\u0142a to\u00a0Fundacja Suwerennej Polski \u2013\u00a0przekaza\u0142 premier Donald Tusk w\u00a0Sejmie. &#13;\n<\/p>\n<p>&#13;<br \/>\nW kwietniu premier informowa\u0142, \u017ce\u00a0fundacja Instytut Polski Suwerennej otrzyma\u0142a od\u00a0Zondacrypto 450 tysi\u0119cy z\u0142otych. Z\u00a0o\u015bwiadczenia maj\u0105tkowego Zbigniewa Ziobry wynika, \u017ce\u00a0polityk PiS po\u017cyczy\u0142 od\u00a0w\u0142asnej fundacji 57 tysi\u0119cy z\u0142otych. &#13;\n<\/p>\n<p>Brat Ziobry domaga si\u0119 przeprosin<\/p>\n<p>&#13;<br \/>\nNa s\u0142owa Donalda Tuska z\u00a0Sejmu zareagowa\u0142 brat by\u0142ego ministra sprawiedliwo\u015bci Witold Kornicki, kt\u00f3ry wystosowa\u0142 do\u00a0premiera wezwanie przeds\u0105dowe, w\u00a0kt\u00f3rym domaga si\u0119 sprostowania nieprawdziwych informacji i\u00a0osobistych przeprosin. &#8222;Premier Tusk z\u00a0m\u00f3wnicy Sejmu wrzuci\u0142 mnie do\u00a0sprawy Zondacrypto jednym zdaniem: \u017ce\u00a0pieni\u0105dze mia\u0142y i\u015b\u0107 przez \u201efundacj\u0119, kt\u00f3r\u0105 zak\u0142ada\u0142 brat pana Ziobry\u201d. Nie\u00a0wymieni\u0142 nazwiska. Nie\u00a0musia\u0142. W\u00a0tym kraju brat Zbigniewa Ziobry jest jeden. I\u00a0to ja&#8221; \u2013\u00a0wskazuje Kornicki. &#13;\n<\/p>\n<p>&#13;<br \/>\n&#8222;Nie zak\u0142ada\u0142em \u017cadnej fundacji. Ani \u201eSuwerennej Polski\u201d, ani \u017cadnej innej. Nie\u00a0doradza\u0142em w\u00a0ich tworzeniu. Nie\u00a0po\u015bredniczy\u0142em. W\u00a0ich KRS nie\u00a0figuruj\u0119. W\u00a0\u017cyciu nie\u00a0spotka\u0142em nikogo z\u00a0Zondacrypto. Nie\u00a0by\u0142em ich klientem. Nie\u00a0\u015bwiadczy\u0142em im\u00a0us\u0142ug. Nigdy nie\u00a0kupowa\u0142em kryptowalut. Jedyny \u201edow\u00f3d\u201d Premiera: pokrewie\u0144stwo. Reszta to\u00a0urywek zeznania, kt\u00f3re Tusk odczyta\u0142 \u2014\u00a0i\u00a0zostawi\u0142 publiczno\u015bci fa\u0142szywy obraz. To\u00a0nie pomy\u0142ka, a\u00a0niedorzeczny, absurdalny atak na\u00a0rodzin\u0119 polityka. To\u00a0desperacka pr\u00f3ba uwiarygodnienia ataku na\u00a0mojego brata, uczciwego cz\u0142owieka i\u00a0patriot\u0119&#8221; \u2013\u00a0czytamy w\u00a0o\u015bwiadczeniu, kt\u00f3rego tre\u015b\u0107 publikujemy jako pierwsi. &#13;\n<\/p>\n<p>&#13;<br \/>\n   Czytaj te\u017c:<br \/><a href=\"https:\/\/dorzeczy.pl\/opinie\/938389\/tusk-pomogl-pis-politycy-zadowoleni-ze-slow-o-zondacrypto.html\" rel=\"follow nofollow noopener\" data-schema=\"DORZECZY\" data-image=\"https:\/\/img.dorzeczy.pl\/_thumb\/e5\/8e\/5c4317a5b1c9d10be169803781e0.jpeg\" target=\"_blank\">PiS zadowolone z\u00a0wyst\u0105pienia Tuska. &#8222;Poda\u0142 prawicy pomocn\u0105 d\u0142o\u0144&#8221;<\/a>   Czytaj te\u017c:<br \/><a href=\"https:\/\/dorzeczy.pl\/opinie\/938368\/weto-ws-kryptowalut-bosak-o-slowach-tuska-dezinformowanie-opinii-publicznej.html\" rel=\"follow nofollow noopener\" data-schema=\"DORZECZY\" data-image=\"https:\/\/img.dorzeczy.pl\/_thumb\/8c\/1a\/288b2a216c0cf9360fbd564fd760.jpeg\" target=\"_blank\">Bosak o\u00a0s\u0142owach Tuska: Dezinformowanie opinii publicznej<\/a>&#13;<\/p>\n","protected":false},"excerpt":{"rendered":"&#13; W pi\u0105tek w\u00a0trakcie obrad Sejmu premier Donald Tusk informowa\u0142 o\u00a0\u015bledztwie w\u00a0sprawie Zondacrypto. Szef rz\u0105du cytowa\u0142 m.in. fragmenty&hellip;\n","protected":false},"author":2,"featured_media":667588,"comment_status":"","ping_status":"","sticky":false,"template":"","format":"standard","meta":{"footnotes":"","_share_on_mastodon":"0"},"categories":[62713],"tags":[1345,98,129629,49,99,2846,3817,81558],"class_list":["post-667587","post","type-post","status-publish","format-standard","has-post-thumbnail","category-donald-tusk","tag-donald-tusk","tag-dorzeczy","tag-kornicki","tag-kraj","tag-tusk","tag-tylko-na-dorzeczy-pl","tag-ziobro","tag-zondacyrpto"],"share_on_mastodon":{"url":"https:\/\/pubeurope.com\/@pl\/117214221564170624","error":""},"_links":{"self":[{"href":"https:\/\/www.europesays.com\/pl\/wp-json\/wp\/v2\/posts\/667587","targetHints":{"allow":["GET"]}}],"collection":[{"href":"https:\/\/www.europesays.com\/pl\/wp-json\/wp\/v2\/posts"}],"about":[{"href":"https:\/\/www.europesays.com\/pl\/wp-json\/wp\/v2\/types\/post"}],"author":[{"embeddable":true,"href":"https:\/\/www.europesays.com\/pl\/wp-json\/wp\/v2\/users\/2"}],"replies":[{"embeddable":true,"href":"https:\/\/www.europesays.com\/pl\/wp-json\/wp\/v2\/comments?post=667587"}],"version-history":[{"count":0,"href":"https:\/\/www.europesays.com\/pl\/wp-json\/wp\/v2\/posts\/667587\/revisions"}],"wp:featuredmedia":[{"embeddable":true,"href":"https:\/\/www.europesays.com\/pl\/wp-json\/wp\/v2\/media\/667588"}],"wp:attachment":[{"href":"https:\/\/www.europesays.com\/pl\/wp-json\/wp\/v2\/media?parent=667587"}],"wp:term":[{"taxonomy":"category","embeddable":true,"href":"https:\/\/www.europesays.com\/pl\/wp-json\/wp\/v2\/categories?post=667587"},{"taxonomy":"post_tag","embeddable":true,"href":"https:\/\/www.europesays.com\/pl\/wp-json\/wp\/v2\/tags?post=667587"}],"curies":[{"name":"wp","href":"https:\/\/api.w.org\/{rel}","templated":true}]}}