{"id":667603,"date":"2026-09-04T18:48:14","date_gmt":"2026-09-04T18:48:14","guid":{"rendered":"https:\/\/www.europesays.com\/pl\/667603\/"},"modified":"2026-09-04T18:48:14","modified_gmt":"2026-09-04T18:48:14","slug":"gdansk-gotowy-na-wielkie-siatkarskie-emocje-najpierw-finlandia-potem-mistrzostwa-swiata-komunikaty","status":"publish","type":"post","link":"https:\/\/www.europesays.com\/pl\/667603\/","title":{"rendered":"Gda\u0144sk gotowy na wielkie siatkarskie emocje. Najpierw Finlandia, potem Mistrzostwa \u015awiata | Komunikaty"},"content":{"rendered":"<p>Ju\u017c w sobot\u0119, 5 wrze\u015bnia reprezentacja Polski siatkarzy zagra w Ergo Arenie z Finlandi\u0105, a za rok ta sama hala b\u0119dzie jedn\u0105 z aren Mistrzostw \u015awiata 2027. Gda\u0144sk b\u0119dzie gospodarzem meczu otwarcia turnieju, a bia\u0142o-czerwoni po raz pierwszy w historii zagraj\u0105 tutaj o mistrzostwo \u015bwiata. W pi\u0105tek przedstawiciele miasta, Polskiego Zwi\u0105zku Pi\u0142ki Siatkowej i reprezentacji Polski spotkali si\u0119 w Ergo Arenie i podczas konferencji prasowej rozpocz\u0119li odliczanie do kolejnych wielkich siatkarskich emocji.<\/p>\n<p>Sobotni mecz z Finlandi\u0105 b\u0119dzie dla reprezentacji Polski ostatnim sprawdzianem przed rozpoczynaj\u0105cymi si\u0119 10 wrze\u015bnia mistrzostwami Europy w Sofii. Bia\u0142o-czerwoni zako\u0144cz\u0105 tym samym przygotowania do turnieju, a dla sztabu szkoleniowego b\u0119dzie to jeszcze jedna okazja do sprawdzenia formy zespo\u0142u i wyci\u0105gni\u0119cia wniosk\u00f3w przed startem rywalizacji o mistrzostwo Europy.<\/p>\n<p>Finlandia nie zamierza jednak pe\u0142ni\u0107 w Gda\u0144sku roli statysty. W tym roku reprezentacja tego kraju wygra\u0142a Z\u0142ot\u0105 Lig\u0119 i wywalczy\u0142a awans do przysz\u0142orocznej edycji Ligi Narod\u00f3w.<\/p>\n<p>&#8211; Jest to przede wszystkim sprawdzian tego, w jakim miejscu jeste\u015bmy przed startem Mistrzostw Europy. Finlandia b\u0119dzie w stanie zmusi\u0107 nas do naprawd\u0119 wyt\u0119\u017conej pracy na boisku \u2013 podkre\u015bla Aleksander \u015aliwka,kapitan dru\u017cyny.<\/p>\n<p>Dla polskich siatkarzy b\u0119dzie to r\u00f3wnie\u017c ostatnia okazja do zagrania przed w\u0142asn\u0105 publiczno\u015bci\u0105 przed wyjazdem na mistrzostwa Europy.<\/p>\n<p>\u2013 Blisko\u015b\u0107 trybun sprawia, \u017ce czujemy si\u0119, jakby\u015bmy byli razem z kibicami na boisku i jakby\u015bmy grali razem. Tutaj w Ergo Arenie s\u0105 oni naszym si\u00f3dmym czy \u00f3smym zawodnikiem i naprawd\u0119 bardzo mocno to czujemy \u2013 dopowiada kapitan reprezentacji Polski.<\/p>\n<p>Za rok zaczynamy w\u0142a\u015bnie w Gda\u0144sku<\/p>\n<p>Jeszcze wi\u0119ksze emocje czekaj\u0105 kibic\u00f3w za rok. Gda\u0144sk b\u0119dzie jednym z gospodarzy Mistrzostw \u015awiata 2027, a Ergo Arena b\u0119dzie miejscem meczu otwarcia turnieju. To oznacza, \u017ce w\u0142a\u015bnie tutaj rozpocznie si\u0119 \u015bwiatowa rywalizacja, a bia\u0142o-czerwoni po raz pierwszy b\u0119d\u0105 walczy\u0107 w Gda\u0144sku o najwa\u017cniejszy tytu\u0142 w \u015bwiatowej siatk\u00f3wce.<\/p>\n<p>Dla Polskiego Zwi\u0105zku Pi\u0142ki Siatkowej wyb\u00f3r Gda\u0144ska by\u0142 naturalnym kierunkiem \u2013 miasto ma do\u015bwiadczenie w organizacji wielkich wydarze\u0144, a Ergo Arena od lat jest jednym z najwa\u017cniejszych miejsc na siatkarskiej mapie Polski.<\/p>\n<p>\u2013 Wielkie sukcesy by\u0142y ju\u017c w tej hali, ale brakowa\u0142o tej wisienki na torcie \u2013 rozgrywek o najwy\u017csz\u0105 stawk\u0119. Dlatego bardzo chcieli\u015bmy zorganizowa\u0107 tutaj mistrzostwa \u015bwiata \u2013 m\u00f3wi Sebastian \u015awiderski, prezes Polskiego Zwi\u0105zku Pi\u0142ki Siatkowej.<\/p>\n<p>Gda\u0144sk przygotowuje si\u0119 do wydarzenia, kt\u00f3re b\u0119dzie czym\u015b wi\u0119cej ni\u017c sportowym turniejem. Mistrzostwa przyci\u0105gn\u0105 do miasta kibic\u00f3w z Polski i zagranicy, a przez dwa tygodnie oczy siatkarskiego \u015bwiata b\u0119d\u0105 zwr\u00f3cone r\u00f3wnie\u017c na Pomorze.<\/p>\n<p>\u2013 Sport jest no\u015bnikiem niesamowitych emocji. Pokazanie Gda\u0144ska poprzez siatk\u00f3wk\u0119, kt\u00f3ra w naszym kraju jest sportem narodowym i odnosi niesamowite sukcesy, jest dla miasta bardzo wa\u017cne. Czekamy na 2027 rok i ju\u017c dzi\u015b wielu kibic\u00f3w odlicza dni \u2013 m\u00f3wi Piotr Borawski, zast\u0119pca prezydenta Gda\u0144ska.<\/p>\n<p>Gda\u0144sk ju\u017c dzi\u015b czeka na bia\u0142o-czerwonych<\/p>\n<p>Reprezentacja Polski ma z Gda\u0144skiem wyj\u0105tkow\u0105 relacj\u0119. Ergo Arena od lat jest miejscem najwa\u017cniejszych spotka\u0144 kadry, a pe\u0142ne trybuny i atmosfera podczas mecz\u00f3w sprawiaj\u0105, \u017ce zawodnicy ch\u0119tnie tutaj wracaj\u0105.<\/p>\n<p>\u2013 Gda\u0144sk jest jednym z tych miast, do kt\u00f3rych wracamy bardzo ch\u0119tnie. Mamy tutaj pi\u0119kne wspomnienia i czujemy si\u0119 jak w domu \u2013 podkre\u015bla Nikola Grbi\u0107, trener reprezentacji Polski.<\/p>\n<p>Teraz przed bia\u0142o-czerwonymi najpierw mistrzostwa Europy, a p\u00f3\u017aniej przygotowania do najwa\u017cniejszego wydarzenia przysz\u0142orocznego sezonu. We wrze\u015bniu 2027 roku reprezentacja Polski rozpocznie w Gda\u0144sku walk\u0119 o mistrzostwo \u015bwiata.<\/p>\n<p>A pierwszy krok do kolejnych wielkich emocji ju\u017c w sobot\u0119. W Ergo Arenie Polska zmierzy si\u0119 z Finlandi\u0105.<\/p>\n","protected":false},"excerpt":{"rendered":"Ju\u017c w sobot\u0119, 5 wrze\u015bnia reprezentacja Polski siatkarzy zagra w Ergo Arenie z Finlandi\u0105, a za rok ta&hellip;\n","protected":false},"author":2,"featured_media":667604,"comment_status":"","ping_status":"","sticky":false,"template":"","format":"standard","meta":{"footnotes":"","_share_on_mastodon":"0"},"categories":[51610],"tags":[1048,42,38,40,39,41],"class_list":["post-667603","post","type-post","status-publish","format-standard","has-post-thumbnail","category-gdansk","tag-gdansk","tag-pl","tag-poland","tag-polish","tag-polska","tag-polski"],"share_on_mastodon":{"url":"https:\/\/pubeurope.com\/@pl\/117214269308148510","error":""},"_links":{"self":[{"href":"https:\/\/www.europesays.com\/pl\/wp-json\/wp\/v2\/posts\/667603","targetHints":{"allow":["GET"]}}],"collection":[{"href":"https:\/\/www.europesays.com\/pl\/wp-json\/wp\/v2\/posts"}],"about":[{"href":"https:\/\/www.europesays.com\/pl\/wp-json\/wp\/v2\/types\/post"}],"author":[{"embeddable":true,"href":"https:\/\/www.europesays.com\/pl\/wp-json\/wp\/v2\/users\/2"}],"replies":[{"embeddable":true,"href":"https:\/\/www.europesays.com\/pl\/wp-json\/wp\/v2\/comments?post=667603"}],"version-history":[{"count":0,"href":"https:\/\/www.europesays.com\/pl\/wp-json\/wp\/v2\/posts\/667603\/revisions"}],"wp:featuredmedia":[{"embeddable":true,"href":"https:\/\/www.europesays.com\/pl\/wp-json\/wp\/v2\/media\/667604"}],"wp:attachment":[{"href":"https:\/\/www.europesays.com\/pl\/wp-json\/wp\/v2\/media?parent=667603"}],"wp:term":[{"taxonomy":"category","embeddable":true,"href":"https:\/\/www.europesays.com\/pl\/wp-json\/wp\/v2\/categories?post=667603"},{"taxonomy":"post_tag","embeddable":true,"href":"https:\/\/www.europesays.com\/pl\/wp-json\/wp\/v2\/tags?post=667603"}],"curies":[{"name":"wp","href":"https:\/\/api.w.org\/{rel}","templated":true}]}}