{"id":667613,"date":"2026-09-04T18:53:19","date_gmt":"2026-09-04T18:53:19","guid":{"rendered":"https:\/\/www.europesays.com\/pl\/667613\/"},"modified":"2026-09-04T18:53:19","modified_gmt":"2026-09-04T18:53:19","slug":"w-brzesku-powstanie-87-pulk-przeciwlotniczy","status":"publish","type":"post","link":"https:\/\/www.europesays.com\/pl\/667613\/","title":{"rendered":"W Brzesku powstanie 87 Pu\u0142k Przeciwlotniczy"},"content":{"rendered":"<p>&#13;<br \/>\n  Budujemy si\u0142\u0119 i odporno\u015b\u0107 pa\u0144stwa polskiego. Dzisiaj rano podpisa\u0142em decyzj\u0119 o uformowaniu 87. Pu\u0142ku Przeciwlotniczego, wchodz\u0105cego w sk\u0142ad 8. Dywizji Piechoty Armii Krajowej. Pu\u0142k b\u0119dzie mia\u0142 swoj\u0105 siedzib\u0119 w Brzesku. Rozpoczynamy proces formowania pierwszego historycznego na tym terenie pu\u0142ku przeciwlotniczego. Docelowo to b\u0119dzie oko\u0142o 1000 \u017co\u0142nierzy. B\u0119dzie wyposa\u017cony w sprz\u0119t obrony przeciwlotniczej, przeciwrakietowej, przeciwdronowej, w systemy budowane w ramach program\u00f3w Narew, Pilica + oraz SAN. B\u0119dzie stacjonowa\u0107 tutaj, \u017ceby nigdy ta tragiczna historia sprzed 87 lat si\u0119 nie powt\u00f3rzy\u0142a &#8211; powiedzia\u0142 wicepremier, minister obrony narodowej W\u0142adys\u0142aw Kosiniak-Kamysz.&#13;\n<\/p>\n<p>&#13;<br \/>\n  <img loading=\"lazy\" decoding=\"async\" style=\"display: block; margin-left: auto; margin-right: auto;\" src=\"https:\/\/www.europesays.com\/pl\/wp-content\/uploads\/2026\/09\/111335.jpeg\" alt=\"\" width=\"800\" height=\"533\"\/>&#13;\n<\/p>\n<p>4 wrze\u015bnia 2026 roku, w Brzesku-S\u0142otwinie odby\u0142y si\u0119 uroczysto\u015bci upami\u0119tniaj\u0105ce 87. rocznic\u0119 tragicznego bombardowania tamtejszego w\u0119z\u0142a kolejowego przez niemieckie lotnictwo we wrze\u015bniu 1939 roku. W wydarzeniu wzi\u0105\u0142 udzia\u0142 wicepremier-minister obrony narodowej W\u0142adys\u0142aw Kosiniak-Kamysz, przedstawiciele w\u0142adz samorz\u0105dowych, duchowie\u0144stwo, \u017co\u0142nierze Wojska Polskiego, harcerze z Hufca ZHP Brzesko oraz zgromadzeni mieszka\u0144cy regionu.<\/p>\n<p>Uroczysto\u015bci rozpocz\u0119\u0142y si\u0119 msz\u0105 \u015bwi\u0119t\u0105 sprawowan\u0105 w intencji ofiar niemieckich nalot\u00f3w z 4 i 5 wrze\u015bnia 1939 roku, odprawion\u0105 w ko\u015bciele pw. Matki Bo\u017cej Cz\u0119stochowskiej.<\/p>\n<p>&#8211; To jest moje zobowi\u0105zanie, kt\u00f3rego dotrzyma\u0142em. Og\u0142asza\u0142em to kilka miesi\u0119cy temu. Dzisiaj przynosz\u0119 ju\u017c konkretn\u0105 decyzj\u0119 rozpisan\u0105 na lata. Oczywi\u015bcie to si\u0119 nie b\u0119dzie dzia\u0142o z dnia na dzie\u0144. Pan genera\u0142 ma trudn\u0105 misj\u0119 formowania od podstaw dywizji, kt\u00f3ra ma swoj\u0105 siedzib\u0119 w Kielcach. (\u2026) Budujemy kolejne dywizje\u00a0\u2013 powiedzia\u0142 wicepremier W\u0142adys\u0142aw Kosiniak-Kamysz.<\/p>\n<p>Nowo formowany pu\u0142k, podobnie jak funkcjonuj\u0105ce ju\u017c jednostki przeciwlotnicze, b\u0119dzie sukcesywnie wyposa\u017cany w rakietowe i artyleryjskie zestawy kr\u00f3tkiego i bardzo kr\u00f3tkiego zasi\u0119gu. Wyposa\u017cenie b\u0119dzie pozyskiwane w ramach realizowanych program\u00f3w modernizacyjnych, w tym NAREW, PILICA+ i SAN.<\/p>\n<p>&#8211; Otrzyma\u0142em tak\u017ce meldunek o gotowo\u015bci ustanowienia i przeniesienia jednej z kompanii 113. Batalionu Brygady Obrony Terytorialnej do Brzeska. Oko\u0142o 100 \u017co\u0142nierzy tego batalionu b\u0119dzie s\u0142u\u017cy\u0142o w Brzesku. Trwaj\u0105 ostatnie rozmowy o pozyskaniu i przekazaniu r\u00f3\u017cnego rodzaju infrastruktury, nieruchomo\u015bci, budynk\u00f3w na potrzeby \u017co\u0142nierzy WOT-u, \u017ceby byli na miejscu, \u017ceby udzielali pomocy. W czasach pokoju WOT ma szczeg\u00f3ln\u0105 rol\u0119 &#8211; dzia\u0142ania antykryzysowe\u00a0&#8211; poinformowa\u0142 wicepremier W. Kosiniak-Kamysz.<\/p>\n<p>Podczas uroczystego apelu poleg\u0142ych przywo\u0142ano pami\u0119\u0107 ponad stu ofiar \u2013 pasa\u017cer\u00f3w poci\u0105g\u00f3w ewakuacyjnych, kolejarzy i mieszka\u0144c\u00f3w Brzeska, kt\u00f3rzy zgin\u0119li w 1939 roku. Uroczysto\u015b\u0107 zako\u0144czy\u0142o z\u0142o\u017cenie wie\u0144c\u00f3w i zapalenie zniczy pami\u0119ci.<\/p>\n<p>&#8211; Ponie\u015bli\u015bmy kl\u0119sk\u0119 w kampanii wrze\u015bniowej. T\u0119 kl\u0119sk\u0119 do\u015bwiadczy\u0142y kolejne rodziny, mieszka\u0144cy, do\u015bwiadczyli cywile, kt\u00f3rzy z G\u00f3rnego \u015al\u0105ska, z Krakowa, na wa\u017cnej trasie Krak\u00f3w\u2013Lw\u00f3w, szukali ratunku. Przez niemieckiego oprawc\u0119, rozkazy wtedy wydane, kt\u00f3re nie oszcz\u0119dza\u0142y cywil\u00f3w, zbombardowani na stacji S\u0142otwina\u2013Brzesko. Zbombardowani i ostrzelani. Zbombardowani cywile, zbombardowani na stacji S\u0142otwina\u2013Brzesko. Brutalno\u015b\u0107 wojny nie zmienia si\u0119 pomimo zmiany cywilizacyjnej i up\u0142ywu lat. Brutalno\u015b\u0107 wojny to jest dramat, tragedia, cierpienie, wojna to jest \u015bmier\u0107. Dlatego wszystkie dzia\u0142ania i ta lekcja historii, kt\u00f3r\u0105 po raz kolejny odrabiamy dzisiaj, szczeg\u00f3lnie wa\u017cna, \u017ce odrabiamy j\u0105 z polsk\u0105 m\u0142odzie\u017c\u0105. Dlatego wszystkie lekcje historii, kt\u00f3re po raz kolejny odrabiamy dzisiaj s\u0105 po to, \u017ceby nie by\u0142o powt\u00f3rki z 1939 roku\u00a0&#8211; m\u00f3wi\u0142 podczas uroczysto\u015bci szef MON.<\/p>\n<p>\u0179r\u00f3d\u0142o: MON<\/p>\n","protected":false},"excerpt":{"rendered":"&#13; Budujemy si\u0142\u0119 i odporno\u015b\u0107 pa\u0144stwa polskiego. Dzisiaj rano podpisa\u0142em decyzj\u0119 o uformowaniu 87. Pu\u0142ku Przeciwlotniczego, wchodz\u0105cego w&hellip;\n","protected":false},"author":2,"featured_media":667614,"comment_status":"","ping_status":"","sticky":false,"template":"","format":"standard","meta":{"footnotes":"","_share_on_mastodon":"0"},"categories":[12],"tags":[2891,425,9114,23206,8660,52570,18211,365,42,38,2279,40,39,50002,52571,41,1030,16864,22721,28760,161,5041,52569,6573],"class_list":["post-667613","post","type-post","status-publish","format-standard","has-post-thumbnail","category-polska","tag-armia","tag-bezpieczenstwo","tag-czolg","tag-marynarka-wojenna","tag-ministerstwo-obrony-narodowej","tag-obrona-narodowa","tag-oficer","tag-okret","tag-pl","tag-poland","tag-poligon","tag-polish","tag-polska","tag-polska-zbrojna","tag-polska-zbrojna-pl","tag-polski","tag-samolot","tag-sily-powietrzne","tag-sluzba-wojskowa","tag-wojska-ladowe","tag-wojsko","tag-wojsko-polskie","tag-zawodowy","tag-zolnierz"],"share_on_mastodon":{"url":"https:\/\/pubeurope.com\/@pl\/117214289559774934","error":""},"_links":{"self":[{"href":"https:\/\/www.europesays.com\/pl\/wp-json\/wp\/v2\/posts\/667613","targetHints":{"allow":["GET"]}}],"collection":[{"href":"https:\/\/www.europesays.com\/pl\/wp-json\/wp\/v2\/posts"}],"about":[{"href":"https:\/\/www.europesays.com\/pl\/wp-json\/wp\/v2\/types\/post"}],"author":[{"embeddable":true,"href":"https:\/\/www.europesays.com\/pl\/wp-json\/wp\/v2\/users\/2"}],"replies":[{"embeddable":true,"href":"https:\/\/www.europesays.com\/pl\/wp-json\/wp\/v2\/comments?post=667613"}],"version-history":[{"count":0,"href":"https:\/\/www.europesays.com\/pl\/wp-json\/wp\/v2\/posts\/667613\/revisions"}],"wp:featuredmedia":[{"embeddable":true,"href":"https:\/\/www.europesays.com\/pl\/wp-json\/wp\/v2\/media\/667614"}],"wp:attachment":[{"href":"https:\/\/www.europesays.com\/pl\/wp-json\/wp\/v2\/media?parent=667613"}],"wp:term":[{"taxonomy":"category","embeddable":true,"href":"https:\/\/www.europesays.com\/pl\/wp-json\/wp\/v2\/categories?post=667613"},{"taxonomy":"post_tag","embeddable":true,"href":"https:\/\/www.europesays.com\/pl\/wp-json\/wp\/v2\/tags?post=667613"}],"curies":[{"name":"wp","href":"https:\/\/api.w.org\/{rel}","templated":true}]}}