{"id":667617,"date":"2026-09-04T18:55:33","date_gmt":"2026-09-04T18:55:33","guid":{"rendered":"https:\/\/www.europesays.com\/pl\/667617\/"},"modified":"2026-09-04T18:55:33","modified_gmt":"2026-09-04T18:55:33","slug":"warszawa-instytut-teatralny-wspiera-teatralne-srodowisko-naukowe","status":"publish","type":"post","link":"https:\/\/www.europesays.com\/pl\/667617\/","title":{"rendered":"Warszawa. Instytut Teatralny wspiera teatralne \u015brodowisko naukowe"},"content":{"rendered":"<p>Instytut Teatralny zaprasza do wysy\u0142ania zg\u0142osze\u0144 do Konkursu na projekty badawczo-wydawnicze oraz do Konkursu na najlepsz\u0105 prac\u0119 magistersk\u0105 z zakresu wiedzy o teatrze, widowisk i performansu. Zg\u0142oszenia do obu Konkurs\u00f3w przyjmujemy do 30 pa\u017adziernika 2026 roku.<\/p>\n<p>            <a data-lightbox=\"article-gallery\" href=\"https:\/\/e-teatr.pl\/files\/multimedias\/182654\/Instytut_Teatralny_wspiera_teatralne___rodowisko_naukowe.jpg\" rel=\"nofollow noopener\" target=\"_blank\">&#13;<br \/>\n        <img loading=\"lazy\" decoding=\"async\" src=\"https:\/\/www.europesays.com\/pl\/wp-content\/uploads\/2026\/09\/thumb_Instytut_Teatralny_wspiera_teatralne___rodowisko_naukowe.jpg\" alt=\"\" title=\"\" width=\"1100\" height=\"577\"\/>      <\/a><\/p>\n<p>fot. mat. IT<\/p>\n<p>W ramach wspierania \u015brodowiska badaczek i badaczy teatru og\u0142aszamy kolejne edycje Konkursu na prac\u0119 magistersk\u0105 z zakresu teatru, widowisk i performansu oraz Konkursu badawczo-wydawniczego. Ta druga inicjatywa przesz\u0142a pewn\u0105 zmian\u0119 ju\u017c w ubieg\u0142ym roku, kiedy podkre\u015blali\u015bmy, \u017ce zale\u017cy nam na jeszcze wi\u0119kszym komponencie rozwijania swoich projekt\u00f3w w kontakcie z publiczno\u015bci\u0105 \u2013 zaznacza Anna Galas-Kosil, zast\u0119pczyni dyrektorki ds. programowych. \u2013 W tym roku kontynuujemy ten kierunek i zapraszamy naukowczynie i naukowc\u00f3w do zg\u0142aszania autorskich pomys\u0142\u00f3w na badania obejmuj\u0105ce ich obszary zainteresowa\u0144, gdzie teatr i sztuki performatywne pokazane s\u0105 w szerokim kontek\u015bcie wa\u017cnych wsp\u00f3\u0142czesnych zjawisk. Jednocze\u015bnie zdecydowa\u0142y\u015bmy si\u0119 na uruchomienie drugiej \u015bcie\u017cki. Chcemy, aby materia\u0142y, kt\u00f3re gromadzimy w Pracowni Dokumentacji Teatru by\u0142y inspiracj\u0105 dla badaczek i badaczy, aby inspirowa\u0142y do g\u0142\u0119bszych refleksji, odkry\u0107 i nowych interpretacji. Proponujemy, aby w bie\u017c\u0105cej edycji takim materia\u0142em by\u0142o archiwum artystki fotografki Gra\u017cyny Wyszomirskiej, na kt\u00f3re sk\u0142adaj\u0105 si\u0119 fotografie oraz recenzje.<\/p>\n<p>Gra\u017cyna Wyszomirska \u2013 polska fotografka, uhonorowana tytu\u0142em Artiste FIAP. \u017by\u0142a w latach 1919-2000. Cz\u0142onkini Okr\u0119gu Wielkopolskiego Zwi\u0105zku Polskich Artyst\u00f3w Fotografik\u00f3w. Cz\u0142onkini Polskiego Towarzystwa Fotograficznego. Cz\u0142onkini Pozna\u0144skiego Towarzystwa Fotograficznego. Jako fotografka pracowa\u0142a w Teatrze im. Stefana Jaracza w \u0141odzi, Teatrze Wsp\u00f3\u0142czesnym im. Edmunda Wierci\u0144skiego we Wroc\u0142awiu, Teatrze im. Jana Kochanowskiego w Opolu, Operze im. Stanis\u0142awa Moniuszki w Poznaniu, Teatrze Dramatycznym w Wa\u0142brzychu, Teatrze Polskim w Bydgoszczy, Teatrze im. Wojciecha Bogus\u0142awskiego w Kaliszu, Teatrze Polskim we Wroc\u0142awiu.<\/p>\n<p><a href=\"https:\/\/www.instytut-teatralny.pl\/dzialalnosc\/konkursy\/konkurs-badawczo-wydawniczy\/vii-edycja-konkursu-na-projekty-badawczo-wydawnicze\/\" rel=\"nofollow noopener\" target=\"_blank\">Konkurs na projekt badawczo-naukowy<\/a><\/p>\n<p>Instytut Teatralny og\u0142asza si\u00f3dm\u0105 edycj\u0119 Konkursu na projekty badawczo-wydawnicze, kt\u00f3rego celem jest wspieranie bada\u0144 i refleksji prezentuj\u0105cych teatr i sztuki performatywne w szerokim kontek\u015bcie zjawisk kulturowych, spo\u0142ecznych, politycznych, ekonomicznych czy ekologicznych. Po raz pierwszy, w ramach tegorocznej edycji Konkursu, wy\u0142onimy po jednym projekcie badawczo-wydawniczym w dw\u00f3ch nast\u0119puj\u0105cych kategoriach:<\/p>\n<p>1. wsp\u00f3\u0142czesny teatr i sztuki performatywne w szerokim kontek\u015bcie zjawisk kulturowych, spo\u0142ecznych, politycznych, ekonomicznych czy ekologicznych \u2013 ze szczeg\u00f3lnym zainteresowaniem spotkaj\u0105 si\u0119 projekty rozpoznaj\u0105ce rozmaite funkcje, jakie teatr oraz sztuki performatywne spe\u0142niaj\u0105 wobec wsp\u00f3lnoty oraz projekty, w kt\u00f3rych teatr i sztuki performatywne traktowane s\u0105 jako medium spraw publicznych, stanowi\u0105 narz\u0119dzie umo\u017cliwiaj\u0105ce poznanie mechanizm\u00f3w kszta\u0142tuj\u0105cych \u015bwiadomo\u015b\u0107 zbiorow\u0105 i dzisiejszy \u015bwiat;<\/p>\n<p>2. tw\u00f3rczo\u015b\u0107 artystki fotografki Gra\u017cyny Wyszomirskiej w oparciu o materia\u0142y archiwalne znajduj\u0105ce si\u0119 w Pracowni Dokumentacji Teatru Instytutu Teatralnego, w szczeg\u00f3lno\u015bci materia\u0142y fotograficzne oraz recenzje.<\/p>\n<p>W ramach programu wy\u0142aniane s\u0105 projekty sk\u0142adaj\u0105ce si\u0119 z rocznego procesu badawczego, kt\u00f3rego etapy s\u0105 prezentowane, dyskutowane lub testowane publicznie w siedzibie Instytutu w formie zaproponowanej przez autork\u0119\/autora oraz rocznego procesu pracy nad tekstem sk\u0142adaj\u0105cego si\u0119 na publikacj\u0119, kt\u00f3ra zostanie wydana w ramach serii Nowa Biblioteka Instytutu Teatralnego.<\/p>\n<p>Konkurs ma charakter otwarty i mo\u017ce do niego przyst\u0105pi\u0107 ka\u017cda osoba pe\u0142noletnia.<\/p>\n<p>Procedura konkursowa jest dwuetapowa. Zg\u0142oszenia prosimy przesy\u0142a\u0107 przez <a href=\"https:\/\/docs.google.com\/forms\/d\/1leS7EEFh6joyhMYZoVqEF1kM9zDOVcp_giVnnRHHI5k\/edit\" target=\"_blank\" rel=\"nofollow noopener\">formularz aplikacyjny w wersji online<\/a>, czekamy na nie do 30 pa\u017adziernika 2026. Nast\u0119pnie aplikacje zostan\u0105 ocenione przez Jury w sk\u0142adzie: dr Magdalena Figza\u0142-Janikowska, Anna Galas-Kosil, dr hab. \u0141ucja Iwanczewska, prof. dr hab. Prot Jarnuszkiewicz, Jadwiga Majewska, Micha\u0142 Smolis, kt\u00f3re wybierze maksymalnie sze\u015b\u0107 zg\u0142osze\u0144 w obu kategoriach i zaprosi ich autorki\/autor\u00f3w do rozm\u00f3w w drugim etapie. Wyniki pierwszego etapu og\u0142oszone b\u0119d\u0105 do 19 listopada 2026. Ostateczne wyniki poznamy do 10 grudnia 2026. Szczeg\u00f3\u0142owe informacje znajduj\u0105 si\u0119 w <a href=\"https:\/\/www.instytut-teatralny.pl\/wp-content\/uploads\/2026\/09\/regulamin-kbw-2026.pdf\" target=\"_blank\" rel=\"nofollow noopener\">Regulaminie Konkursu.<\/a><\/p>\n<p><a href=\"https:\/\/www.instytut-teatralny.pl\/dzialalnosc\/konkursy\/konkurs-najlepsza-praca-magisterska\/konkurs-na-najlepsza-prace-magisterska-2025-2026\/\" rel=\"nofollow noopener\" target=\"_blank\">Konkurs na najlepsz\u0105 prac\u0119 magistersk\u0105 z zakresu wiedzy o teatrze, widowisk i performansu<\/a><\/p>\n<p>Instytut Teatralny og\u0142asza kolejn\u0105 edycj\u0119 Konkursu na najlepsz\u0105 prac\u0119 magistersk\u0105 z zakresu wiedzy o teatrze, widowisk i performansu. Jego celem jest wspieranie m\u0142odego \u015brodowiska badaczy i badaczek i docenienie tych najbardziej utalentowanych na wczesnych etapach \u015bcie\u017cki naukowej.<\/p>\n<p>Do Konkursu mog\u0105 by\u0107 zg\u0142aszane prace magisterskie obronione w roku akademickim 2025\/2026 (mi\u0119dzy 1 pa\u017adziernika 2025 a 30 wrze\u015bnia 2026). W przypadku, je\u015bli data obrony pracy wykracza poza 30 wrze\u015bnia 2026, nale\u017cy do\u0142\u0105czy\u0107 za\u015bwiadczenie z uczelni, kt\u00f3re potwierdzi, \u017ce praca zosta\u0142a z\u0142o\u017cona do tego dnia.<\/p>\n<p>Zakres tematyczny Konkursu obejmuje prace dotycz\u0105ce wszystkich aspekt\u00f3w teatru i widowisk w ich rozmaitych odmianach \u2013 tak wsp\u00f3\u0142czesnych, jak i historycznych. Zg\u0142aszane mog\u0105 by\u0107 tak\u017ce prace dotycz\u0105ce dramatu pod warunkiem, \u017ce uwzgl\u0119dniaj\u0105 jego aspekt teatralny i\/lub dzieje sceniczne.<\/p>\n<p>Zg\u0142oszenie do udzia\u0142u w Konkursie nale\u017cy przesy\u0142a\u0107 w formie elektronicznej poprzez <a href=\"https:\/\/docs.google.com\/forms\/d\/1e30kKMWh3fCgkbtGu6e18Fl7CRHkdE6gkw68p9THaRs\/edit\" target=\"_blank\" rel=\"nofollow noopener\">formularz aplikacyjny<\/a> w wersji online do 30 pa\u017adziernika 2026. Wype\u0142nione zg\u0142oszenie powinno zawiera\u0107:<\/p>\n<p>&#13;<br \/>\ntekst pracy (wraz ze stron\u0105 tytu\u0142ow\u0105) w postaci elektronicznej w formacie PDF (w wersji nieedytowalnej),&#13;<br \/>\nskan podpisanego i ostemplowanego przez uczelni\u0119 dokumentu (Za\u0142\u0105cznik numer 2 do Regulaminu),&#13;<br \/>\nskan rekomendacji podpisanej przez osob\u0119, o kt\u00f3rej mowa w ust. 1 albo 2 powy\u017cej,&#13;<br \/>\nje\u015bli dotyczy \u2013 skan za\u015bwiadczenia z uczelni, o kt\u00f3rym mowa w \u00a7 2 ust. 1 Regulaminu;&#13;<br \/>\nskan podpisanej przez autork\u0119\/autora\/osob\u0119 autorsk\u0105 pracy zgody na opublikowanie danych osobowych Laureata Konkursu (Za\u0142\u0105cznik numer 4 do Regulaminu) lub ww. zgoda podpisana elektronicznie (podpisem kwalifikowanym albo zaufanym);&#13;<br \/>\nkr\u00f3tkie streszczenie pracy, przedstawiaj\u0105ce zwi\u0119\u017ale jej cel, metodyk\u0119 oraz najwa\u017cniejsze wnioski, o ile praca nie zawiera streszczenia w tek\u015bcie.&#13;<\/p>\n<p>Prace zostan\u0105 ocenione przez Jury w sk\u0142adzie: Magdalena Grenda, Agnieszka Marsza\u0142ek, Piotr Morawski, kt\u00f3re przyzna Nagrod\u0119 G\u0142\u00f3wn\u0105 im. Ewy Guderian-Czapli\u0144skiej dla najlepszej pracy, a tak\u017ce mo\u017ce przyzna\u0107 dodatkowe nagrody ni\u017cszego stopnia, wyr\u00f3\u017cnienia i dwie Nagrody Specjalne.<\/p>\n<p>Og\u0142oszenie wynik\u00f3w Konkursu nast\u0105pi jak co roku podczas Mi\u0119dzynarodowego Dnia Teatru \u2013 27 marca 2027.<\/p>\n<p>Pozosta\u0142e wymogi dotycz\u0105ce zg\u0142aszanych prac oraz inne niezb\u0119dne informacje znajduj\u0105 si\u0119 w <a href=\"https:\/\/www.instytut-teatralny.pl\/wp-content\/uploads\/2026\/09\/regulamin--konkurs-mgr-2025-2026.pdf\" target=\"_blank\" rel=\"nofollow noopener\">Regulaminie Konkursu<\/a>.<\/p>\n","protected":false},"excerpt":{"rendered":"Instytut Teatralny zaprasza do wysy\u0142ania zg\u0142osze\u0144 do Konkursu na projekty badawczo-wydawnicze oraz do Konkursu na najlepsz\u0105 prac\u0119 magistersk\u0105&hellip;\n","protected":false},"author":2,"featured_media":667618,"comment_status":"","ping_status":"","sticky":false,"template":"","format":"standard","meta":{"footnotes":"","_share_on_mastodon":"0"},"categories":[51605],"tags":[2434,8588,6588,17490,16331,51630,42,38,40,39,41,649,650,11541,51629,8815,51631,8767,51628,800,8816,435],"class_list":["post-667617","post","type-post","status-publish","format-standard","has-post-thumbnail","category-warszawa","tag-aktor","tag-aktorzy","tag-festiwal","tag-festiwale","tag-kariera","tag-kariery","tag-pl","tag-poland","tag-polish","tag-polska","tag-polski","tag-premiera","tag-premiery","tag-realizacja","tag-realizacje","tag-repertuar","tag-ruch-teatralny","tag-sztuka","tag-sztuki","tag-teatr","tag-teatry","tag-warszawa"],"share_on_mastodon":{"url":"https:\/\/pubeurope.com\/@pl\/117214297496398107","error":""},"_links":{"self":[{"href":"https:\/\/www.europesays.com\/pl\/wp-json\/wp\/v2\/posts\/667617","targetHints":{"allow":["GET"]}}],"collection":[{"href":"https:\/\/www.europesays.com\/pl\/wp-json\/wp\/v2\/posts"}],"about":[{"href":"https:\/\/www.europesays.com\/pl\/wp-json\/wp\/v2\/types\/post"}],"author":[{"embeddable":true,"href":"https:\/\/www.europesays.com\/pl\/wp-json\/wp\/v2\/users\/2"}],"replies":[{"embeddable":true,"href":"https:\/\/www.europesays.com\/pl\/wp-json\/wp\/v2\/comments?post=667617"}],"version-history":[{"count":0,"href":"https:\/\/www.europesays.com\/pl\/wp-json\/wp\/v2\/posts\/667617\/revisions"}],"wp:featuredmedia":[{"embeddable":true,"href":"https:\/\/www.europesays.com\/pl\/wp-json\/wp\/v2\/media\/667618"}],"wp:attachment":[{"href":"https:\/\/www.europesays.com\/pl\/wp-json\/wp\/v2\/media?parent=667617"}],"wp:term":[{"taxonomy":"category","embeddable":true,"href":"https:\/\/www.europesays.com\/pl\/wp-json\/wp\/v2\/categories?post=667617"},{"taxonomy":"post_tag","embeddable":true,"href":"https:\/\/www.europesays.com\/pl\/wp-json\/wp\/v2\/tags?post=667617"}],"curies":[{"name":"wp","href":"https:\/\/api.w.org\/{rel}","templated":true}]}}