{"id":667631,"date":"2026-09-04T19:02:15","date_gmt":"2026-09-04T19:02:15","guid":{"rendered":"https:\/\/www.europesays.com\/pl\/667631\/"},"modified":"2026-09-04T19:02:15","modified_gmt":"2026-09-04T19:02:15","slug":"michal-rachon-ukarany-nagana-biegl-za-autem-ktorym-odjezdzal-ziobro","status":"publish","type":"post","link":"https:\/\/www.europesays.com\/pl\/667631\/","title":{"rendered":"Micha\u0142 Racho\u0144 ukarany nagan\u0105. Bieg\u0142 za autem, kt\u00f3rym odje\u017cd\u017ca\u0142 Ziobro"},"content":{"rendered":"<p>Co wydarzy\u0142o si\u0119 przed siedzib\u0105 TV Republika?<\/p>\n<p>31 stycznia 2025 r. Zbigniew Ziobro zosta\u0142 zatrzymany przez policj\u0119 w siedzibie Telewizji Republika w Warszawie i doprowadzony przed sejmow\u0105 komisj\u0119 do spraw Pegasusa. Za samochodem pobieg\u0142 m.in. Zbigniew Racho\u0144. Osoba prywatna z\u0142o\u017cy\u0142a zawiadomienie na policj\u0119 wskazuj\u0105c, \u017ce Racho\u0144 i inny m\u0119\u017cczyzna &#8222;biegli ulic\u0105 T\u0142omackie do Al. Solidarno\u015bci, a nast\u0119pnie wtargn\u0119li na jezdni\u0119 Al. Solidarno\u015bci oraz biegli po jezdni w kierunku wschodnim przez ok. 50 metr\u00f3w&#8221;. Tre\u015b\u0107 zawiadomienia cytuje serwis Gazeta.pl.<\/p>\n","protected":false},"excerpt":{"rendered":"Co wydarzy\u0142o si\u0119 przed siedzib\u0105 TV Republika? 31 stycznia 2025 r. Zbigniew Ziobro zosta\u0142 zatrzymany przez policj\u0119 w&hellip;\n","protected":false},"author":2,"featured_media":667632,"comment_status":"","ping_status":"","sticky":false,"template":"","format":"standard","meta":{"footnotes":"","_share_on_mastodon":"0"},"categories":[12],"tags":[61195,32,33,36,37,27,49,34,35,19416,28,31,48,25,46,42,38,40,39,41,412,47,29,30,171,70,26,2037],"class_list":["post-667631","post","type-post","status-publish","format-standard","has-post-thumbnail","category-polska","tag-bottomfeed_styl","tag-breaking-news","tag-breakingnews","tag-featured-news","tag-featurednews","tag-headlines","tag-kraj","tag-latest-news","tag-latestnews","tag-michal_rachon","tag-naglowki","tag-najwazniejsze-artykuly","tag-nat_styl","tag-news","tag-omp","tag-pl","tag-poland","tag-polish","tag-polska","tag-polski","tag-prawo_sady_prawnicy","tag-screening_general","tag-top-stories","tag-topstories","tag-tv_republika","tag-w_skrocie","tag-wiadomosci","tag-zbigniew_ziobro"],"share_on_mastodon":{"url":"https:\/\/pubeurope.com\/@pl\/117214324162551267","error":""},"_links":{"self":[{"href":"https:\/\/www.europesays.com\/pl\/wp-json\/wp\/v2\/posts\/667631","targetHints":{"allow":["GET"]}}],"collection":[{"href":"https:\/\/www.europesays.com\/pl\/wp-json\/wp\/v2\/posts"}],"about":[{"href":"https:\/\/www.europesays.com\/pl\/wp-json\/wp\/v2\/types\/post"}],"author":[{"embeddable":true,"href":"https:\/\/www.europesays.com\/pl\/wp-json\/wp\/v2\/users\/2"}],"replies":[{"embeddable":true,"href":"https:\/\/www.europesays.com\/pl\/wp-json\/wp\/v2\/comments?post=667631"}],"version-history":[{"count":0,"href":"https:\/\/www.europesays.com\/pl\/wp-json\/wp\/v2\/posts\/667631\/revisions"}],"wp:featuredmedia":[{"embeddable":true,"href":"https:\/\/www.europesays.com\/pl\/wp-json\/wp\/v2\/media\/667632"}],"wp:attachment":[{"href":"https:\/\/www.europesays.com\/pl\/wp-json\/wp\/v2\/media?parent=667631"}],"wp:term":[{"taxonomy":"category","embeddable":true,"href":"https:\/\/www.europesays.com\/pl\/wp-json\/wp\/v2\/categories?post=667631"},{"taxonomy":"post_tag","embeddable":true,"href":"https:\/\/www.europesays.com\/pl\/wp-json\/wp\/v2\/tags?post=667631"}],"curies":[{"name":"wp","href":"https:\/\/api.w.org\/{rel}","templated":true}]}}