{"id":667653,"date":"2026-09-04T19:17:23","date_gmt":"2026-09-04T19:17:23","guid":{"rendered":"https:\/\/www.europesays.com\/pl\/667653\/"},"modified":"2026-09-04T19:17:23","modified_gmt":"2026-09-04T19:17:23","slug":"mozliwe-tornada-w-wielkopolsce-lowca-burz-ostrzega-przed-nami-trudne-godziny","status":"publish","type":"post","link":"https:\/\/www.europesays.com\/pl\/667653\/","title":{"rendered":"Mo\u017cliwe tornada w Wielkopolsce. \u0141owca burz ostrzega. Przed nami trudne godziny"},"content":{"rendered":"<p class=\"componentsListsTableOfContents__title\">Spis tre\u015bci<\/p>\n<p style=\"text-align: null;\">Pi\u0105tkowe popo\u0142udnie (4 wrze\u015bnia) w Wielkopolsce nie zapowiada si\u0119 spokojnie. Z p\u00f3\u0142nocnego-zachodu zmierza do nas front burzowy, kt\u00f3ry mo\u017ce przynie\u015b\u0107 ze sob\u0105 ekstremalne warunki pogodowe. Przewiduje si\u0119 silne opady deszczu i gradu oraz bardzo silny wiatr, kt\u00f3rego pr\u0119dko\u015b\u0107 oszacowano na 90-110 km\/h.<\/p>\n<p style=\"text-align: null;\">O zbli\u017caj\u0105cym si\u0119 zagro\u017ceniu ostrzega\u0142 ju\u017c <a href=\"https:\/\/www.facebook.com\/StormChasersCzerniejewo\" title=\"\" rel=\"nofollow noopener\" target=\"_blank\">\u0141ukasz Kuli\u0144ski, Wielkopolski \u0141owca Burz<\/a>. Jak napisa\u0142 na Facebooku, nie nale\u017cy spodziewa\u0107 si\u0119 du\u017cych wy\u0142adowa\u0144 elektrycznych, ale bardzo silnego wiatru, a tak\u017ce wyst\u0105pienia tr\u0105b powietrznych.<\/p>\n<p style=\"text-align: null;\">&#8211; W obr\u0119bie frontu dochodzi\u0107 b\u0119dzie do rozwoju superkom\u00f3rek burzowych a tak\u017ce segment\u00f3w z wbudowan\u0105 lini\u0105 szkwa\u0142u w obr\u0119bie kt\u00f3rych obserwowa\u0107 b\u0119dziemy mogli sygnatury broken-s. To sygnatura wskazuj\u0105ca na ryzyko powstania tr\u0105b powietrznych oraz zawirowa\u0144 w obr\u0119bie w\u0119druj\u0105cej linii szkwa\u0142u. Poza tym, tr\u0105by mo\u017cliwe b\u0119d\u0105 tak\u017ce w wyniku w\u0119druj\u0105cych superkom\u00f3rek &#8211; nie wyklucza si\u0119 rozwoju tornada o sile nawet przekraczaj\u0105cej IF2 do czego warunki b\u0119d\u0105 wyj\u0105tkowo korzystne &#8211; czytamy w po\u015bcie \u0141owcy Burz.<\/p>\n<p style=\"text-align: null;\">Najwi\u0119ksze ryzyko powstawania tornad dotyczy po\u0142udniowej i po\u0142udniowo-zachodniej cz\u0119\u015bci regionu, a p\u00f3\u017aniej tak\u017ce wschodniej. Front zawita w Wielkopolsce oko\u0142o 17.00 i opu\u015bci j\u0105 po 20.00.<\/p>\n<p>    <a class=\"componentsRecommendationsSingleArticle__link\" href=\"https:\/\/konin.naszemiasto.pl\/woda-w-studniach-zatruta-z-powodu-narkotykow-problemy-mieszkancow-we-wschodniej-wielkopolsce\/ar\/c1p2-29319789\" data-ec=\"componentsRecommendationsSingleArticle\" data-event-position-el=\"link\" data-ecp=\"url=https:\/\/konin.naszemiasto.pl\/woda-w-studniach-zatruta-z-powodu-narkotykow-problemy-mieszkancow-we-wschodniej-wielkopolsce\/ar\/c1p2-29319789,title=Woda w studniach zatruta z powodu... narkotyk&#xF3;w. Wielka akcja na wschodzie regionu\" rel=\"nofollow noopener\" target=\"_blank\"><img decoding=\"async\" class=\"componentsRecommendationsSingleArticle__tileImg\" loading=\"lazy\" src=\"https:\/\/www.europesays.com\/pl\/wp-content\/uploads\/2026\/09\/26090308e5_975324319,size,320x213,crop,229.0000x191.0000x1514.0000x793.0000,h,6b5ff6.jpg\" data-image-type=\"articles\" alt=\"Woda w studniach zatruta z powodu... narkotyk&#xF3;w. Wielka akcja na wschodzie regionu\"\/>Woda w studniach zatruta z powodu&#8230; narkotyk\u00f3w. Wielka akcja na wschodzie regionu<\/p>\n<p class=\"componentsRecommendationsSingleArticle__lead\">W Cz\u0105stkowie pod K\u0142odaw\u0105 policjanci odkryli laboratorium produkuj\u0105ce narkotyki. Okaza\u0142o si\u0119, \u017ce przest\u0119pcy wylewaj\u0105 poprodukcyjne \u015bcieki do wykopanego rowu, a inne gromadz\u0105 w zakopanych nieszczelnych &#8230;<\/p>\n<p><img decoding=\"async\" class=\"atomsPartialImageAvatar atomsPartialImageAvatar--textSubtle\" data-event-position-context=\"atomsPartialImageAvatar\" alt=\"Szymon Pa&#x17A;\" width=\"24\" height=\"24\" src=\"https:\/\/www.europesays.com\/pl\/wp-content\/uploads\/2026\/09\/6740836bebf08_icon.jpg\" loading=\"lazy\"\/>Szymon Pa\u017a<\/a><\/p>\n<p style=\"text-align: null;\">O trudnej pogodzie ostrzega tak\u017ce portal Weather Alert. Wed\u0142ug ich mapki prawie ca\u0142a Wielkopolska jest zaznaczona kolorem pomara\u0144czowym, co oznacza 3. stopie\u0144 zagro\u017cenia pogodowego. Im bardziej na zach\u00f3d, tym wi\u0119ksze zagro\u017cenie wyst\u0105pienia tr\u0105b powietrznych.<\/p>\n<p style=\"text-align: null;\">Meteorolodzy z Weather Alert przewiduj\u0105 r\u00f3wnie\u017c ulewne deszcze oraz poka\u017anych rozmiar\u00f3w grad.<\/p>\n<p style=\"text-align: null;\">&#8211; Niewykluczone jest wyst\u0105pienie tr\u0105b powietrznych o sile IF-1.5, w skrajnych przypadkach IF2+, to b\u0119dzie najwi\u0119ksze zagro\u017cenie tego dnia, zagro\u017ceniem pozostan\u0105 r\u00f3wnie\u017c porywy wiatru do 90-110 km\/h. nawalny deszcz, oraz grad do 3 cm \u015brednicy &#8211; czytamy w ostrze\u017ceniu.<\/p>\n<p style=\"text-align: null;\">Ostrze\u017cenia pogodowe pojawi\u0142y si\u0119 tak\u017ce na oficjalnej stronie Instytutu Meteorologii i Gospodarki Wodnej. Maj\u0105 one jednak \u0142agodniejszy charakter, w por\u00f3wnaniu do wy\u017cej wymienionych \u017ar\u00f3de\u0142.<\/p>\n<p style=\"text-align: null;\">&#8211; Prognozuje si\u0119 wyst\u0105pienie silnego wiatru o \u015bredniej pr\u0119dko\u015bci do 40 km\/h, w porywach do 85 km\/h, po\u0142udniowo-zachodniego, skr\u0119caj\u0105cego na zachodni. Miejscami r\u00f3wnie\u017c burze &#8211; czytamy w ostrze\u017ceniu IMGW.<\/p>\n<p style=\"text-align: null;\">Meteorolodzy zastrzegli jednak, \u017ce ze wzgl\u0119du na dynamiczn\u0105 sytuacj\u0119 ostrze\u017cenie mo\u017ce by\u0107 korygowane.<\/p>\n<p>    <a class=\"componentsRecommendationsSingleArticle__link\" href=\"https:\/\/konin.naszemiasto.pl\/gigantyczne-centrum-danych-w-koninie-coraz-blizej-kolejny-element-inwestycji-wartej-3-mld-euro-zagwarantowany\/ar\/c3p2-29322055\" data-ec=\"componentsRecommendationsSingleArticle\" data-event-position-el=\"link\" data-ecp=\"url=https:\/\/konin.naszemiasto.pl\/gigantyczne-centrum-danych-w-koninie-coraz-blizej-kolejny-element-inwestycji-wartej-3-mld-euro-zagwarantowany\/ar\/c3p2-29322055,title=Inwestycja warta 3 mld euro coraz bli&#x17C;ej? Kluczowy element zagwarantowany\" rel=\"nofollow noopener\" target=\"_blank\"><img decoding=\"async\" class=\"componentsRecommendationsSingleArticle__tileImg\" loading=\"lazy\" src=\"https:\/\/www.europesays.com\/pl\/wp-content\/uploads\/2026\/09\/26090304fe_975346029_small.jpg\" data-image-type=\"articles\" alt=\"Inwestycja warta 3 mld euro coraz bli&#x17C;ej? Kluczowy element zagwarantowany\"\/>Inwestycja warta 3 mld euro coraz bli\u017cej? Kluczowy element zagwarantowany<\/p>\n<p class=\"componentsRecommendationsSingleArticle__lead\">Enea Obr\u00f3t podpisa\u0142a list intencyjny ws. zasilania projektowanego pod Koninem centrum danych. Sam pierwszy etap Data Center Konin ma wykorzystywa\u0107 blisko 1 TWh rocznie. <\/p>\n<p><img decoding=\"async\" class=\"atomsPartialImageAvatar atomsPartialImageAvatar--textSubtle\" data-event-position-context=\"atomsPartialImageAvatar\" alt=\"Szymon Pa&#x17A;\" width=\"24\" height=\"24\" src=\"https:\/\/www.europesays.com\/pl\/wp-content\/uploads\/2026\/09\/6740836bebf08_icon.jpg\" loading=\"lazy\"\/>Szymon Pa\u017a<\/a><br \/>\n    <a class=\"atomsArticleGalleryImage__mainImgLink\" href=\"https:\/\/poznan.naszemiasto.pl\/mozliwe-tornada-w-wielkopolsce-lowca-burz-ostrzega-przed-nami-trudne-godziny\/gh\/c1p2-29323411\" title=\"Przed mieszka&#x144;cami sporej cz&#x119;&#x15B;ci kraju trudne godziny.\" data-ec=\"atomsArticleGalleryImage\" data-event-position-el=\"mainImage\" aria-label=\"Zobacz galeri&#x119;\" rel=\"nofollow noopener\" target=\"_blank\"><img decoding=\"async\" loading=\"lazy\" src=\"https:\/\/www.europesays.com\/pl\/wp-content\/uploads\/2026\/09\/2609041096_975374193_xlarge.jpg\" data-image-type=\"articles\" class=\"atomsArticleGalleryImage__mainImg atomsArticleGalleryImage__blurUp\" alt=\"Przed mieszka&#x144;cami sporej cz&#x119;&#x15B;ci kraju trudne godziny.\"\/><\/a><\/p>\n<p class=\"atomsArticleGalleryTitle__description\" itemprop=\"description\">\n        Mo\u017cliwe tornada w Wielkopolsce. \u0141owca burz ostrzega. Przed n&#8230;\n      <\/p>\n<p><a class=\"atomsArticleGalleryThumbnails__thumbnailImg--1 atomsArticleGalleryThumbnails__thumbnailLink\" href=\"https:\/\/poznan.naszemiasto.pl\/mozliwe-tornada-w-wielkopolsce-lowca-burz-ostrzega-przed-nami-trudne-godziny\/gh\/c1p2-29323411\" title=\"\" data-ec=\"atomsArticleGalleryThumbnails\" data-event-position-el=\"link\" rel=\"nofollow noopener\" target=\"_blank\"><img decoding=\"async\" loading=\"lazy\" src=\"https:\/\/www.europesays.com\/pl\/wp-content\/uploads\/2026\/09\/2609040922_975373951_small.jpg\" data-image-type=\"articles\" class=\"atomsArticleGalleryThumbnails__thumbnailImg atomsArticleGalleryThumbnails__blurUp\" alt=\"\"\/><\/a><a class=\"atomsArticleGalleryThumbnails__thumbnailImg--2 atomsArticleGalleryThumbnails__thumbnailLink\" href=\"https:\/\/poznan.naszemiasto.pl\/mozliwe-tornada-w-wielkopolsce-lowca-burz-ostrzega-przed-nami-trudne-godziny\/gh\/c1p2-29323411\" title=\"\" data-ec=\"atomsArticleGalleryThumbnails\" data-event-position-el=\"link_more\" rel=\"nofollow noopener\" target=\"_blank\"><\/p>\n<p>\n                              Zobacz galeri\u0119<br \/>\n                (3 zdj\u0119cia)<\/p>\n<p><img decoding=\"async\" loading=\"lazy\" src=\"https:\/\/www.europesays.com\/pl\/wp-content\/uploads\/2026\/09\/26090409f0_975373963_small.jpg\" data-image-type=\"articles\" class=\"atomsArticleGalleryThumbnails__thumbnailImg atomsArticleGalleryThumbnails__blurUp\" alt=\"\"\/><\/a><\/p>\n","protected":false},"excerpt":{"rendered":"Spis tre\u015bci Pi\u0105tkowe popo\u0142udnie (4 wrze\u015bnia) w Wielkopolsce nie zapowiada si\u0119 spokojnie. Z p\u00f3\u0142nocnego-zachodu zmierza do nas front&hellip;\n","protected":false},"author":2,"featured_media":667654,"comment_status":"","ping_status":"","sticky":false,"template":"","format":"standard","meta":{"footnotes":"","_share_on_mastodon":"0"},"categories":[51609],"tags":[14276,42,78,38,40,39,41,1817,23044,23143],"class_list":["post-667653","post","type-post","status-publish","format-standard","has-post-thumbnail","category-poznan","tag-burze","tag-pl","tag-pogoda","tag-poland","tag-polish","tag-polska","tag-polski","tag-poznan","tag-tornado","tag-traba-powietrzna"],"share_on_mastodon":{"url":"https:\/\/pubeurope.com\/@pl\/117214383589276316","error":""},"_links":{"self":[{"href":"https:\/\/www.europesays.com\/pl\/wp-json\/wp\/v2\/posts\/667653","targetHints":{"allow":["GET"]}}],"collection":[{"href":"https:\/\/www.europesays.com\/pl\/wp-json\/wp\/v2\/posts"}],"about":[{"href":"https:\/\/www.europesays.com\/pl\/wp-json\/wp\/v2\/types\/post"}],"author":[{"embeddable":true,"href":"https:\/\/www.europesays.com\/pl\/wp-json\/wp\/v2\/users\/2"}],"replies":[{"embeddable":true,"href":"https:\/\/www.europesays.com\/pl\/wp-json\/wp\/v2\/comments?post=667653"}],"version-history":[{"count":0,"href":"https:\/\/www.europesays.com\/pl\/wp-json\/wp\/v2\/posts\/667653\/revisions"}],"wp:featuredmedia":[{"embeddable":true,"href":"https:\/\/www.europesays.com\/pl\/wp-json\/wp\/v2\/media\/667654"}],"wp:attachment":[{"href":"https:\/\/www.europesays.com\/pl\/wp-json\/wp\/v2\/media?parent=667653"}],"wp:term":[{"taxonomy":"category","embeddable":true,"href":"https:\/\/www.europesays.com\/pl\/wp-json\/wp\/v2\/categories?post=667653"},{"taxonomy":"post_tag","embeddable":true,"href":"https:\/\/www.europesays.com\/pl\/wp-json\/wp\/v2\/tags?post=667653"}],"curies":[{"name":"wp","href":"https:\/\/api.w.org\/{rel}","templated":true}]}}