{"id":667675,"date":"2026-09-04T19:28:11","date_gmt":"2026-09-04T19:28:11","guid":{"rendered":"https:\/\/www.europesays.com\/pl\/667675\/"},"modified":"2026-09-04T19:28:11","modified_gmt":"2026-09-04T19:28:11","slug":"rachunki-za-prad-od-soboty-wchodza-w-zycie-nowe-zasady","status":"publish","type":"post","link":"https:\/\/www.europesays.com\/pl\/667675\/","title":{"rendered":"Rachunki za pr\u0105d. Od soboty wchodz\u0105 w \u017cycie nowe zasady"},"content":{"rendered":"<p>Od 5 wrze\u015bnia 2026 r. maj\u0105 obowi\u0105zywa\u0107 nowe zasady kszta\u0142towania i kalkulacji taryf oraz rozlicze\u0144 <a href=\"https:\/\/www.fakt.pl\/temat\/prad\" id=\"e092671b-f190-478a-b45b-0c2fa24fbcad\" rel=\"nofollow noopener\" target=\"_blank\">w obrocie energi\u0105 elektryczn\u0105<\/a>. &#8222;Nowe przepisy zmieniaj\u0105 zasady naliczania wybranych op\u0142at oraz spos\u00f3b rozliczania odbiorc\u00f3w. Zwi\u0119kszaj\u0105 tak\u017ce przejrzysto\u015b\u0107 rachunk\u00f3w za energi\u0119 elektryczn\u0105&#8221; \u2014 wskazuje w komunikacie resort energii.Dalszy ci\u0105g artyku\u0142u pod materia\u0142em wideoProstsze rozliczenie za pr\u0105d<a href=\"https:\/\/www.fakt.pl\/\" title=\"Strona G\u0142\u00f3wna\" aria-label=\"Strona G\u0142\u00f3wna\" data-astro-prefetch=\"tap\" class=\"ods-a-logo-main-desktop\" rel=\"nofollow noopener\" target=\"_blank\"><img src=\"https:\/\/cdn.fakt.pl\/img\/Logo_desktop_Fakt.svg\" class=\"ods-a-logo-main-desktop__image\" alt=\"Logo\" width=\"107\" height=\"86\" fetchpriority=\"high\" decoding=\"sync\" style=\"height:86px\"\/><\/a><\/p>\n<p class=\"ods-m-google-article__text\">Czytaj nas cz\u0119\u015bciej w Google<\/p>\n<p><a href=\"https:\/\/google.com\/preferences\/source?q=fakt.pl\" target=\"_blank\" rel=\"noopener noreferrer nofollow\" aria-label=\"Dodaj w Google\" title=\"Dodaj w Google\" class=\"ods-a-button ods-a-button__primary ods-a-button__default ods-a-button-l\">Dodaj w Google<\/a><\/p>\n<p>Rozporz\u0105dzenie ma upro\u015bci\u0107 rachunki dla gospodarstw domowych. Wed\u0142ug deklaracji resortu energii, w ci\u0105gu roku stan\u0105 si\u0119 one bardziej przewidywalne.<\/p>\n<p>Op\u0142ata abonamentowa zostanie przeniesiona do cz\u0119\u015bci obrotowej rachunku.<\/p>\n<p>&#8222;Je\u015bli u odbiorcy zostanie zainstalowany licznik zdalnego odczytu, sprzedawca b\u0119dzie musia\u0142 poinformowa\u0107 go o mo\u017cliwo\u015bci rozliczania na podstawie rzeczywistego zu\u017cycia. Pozwoli to odbiorcy \u015bwiadomie wybra\u0107 spos\u00f3b rozliczenia \u2014 na podstawie rzeczywistych odczyt\u00f3w albo prognoz&#8221; \u2014 czytamy.<\/p>\n<p><a href=\"https:\/\/www.fakt.pl\/pieniadze\/falszywe-zwroty-za-prad-cert-polska-radzi-jak-nie-dac-sie-nabrac\/p80z6g8\" id=\"c243ca39-ad04-4e16-9881-1c0b16dd0226\" rel=\"nofollow noopener\" target=\"_blank\">Dosta\u0142e\u015b wiadomo\u015b\u0107 o nadp\u0142acie za pr\u0105d? Uwa\u017caj, to mo\u017ce by\u0107 oszustwo<\/a>Tyle maj\u0105 oszcz\u0119dzi\u0107 przedsi\u0119biorstwa<\/p>\n<p>P\u00f3\u0142 miliarda z\u0142otych rocznie b\u0119d\u0105 mog\u0142y zaoszcz\u0119dzi\u0107 przedsi\u0119biorstwa energoch\u0142onne.<\/p>\n<blockquote class=\"ods-o-quote\">\n<p class=\"ods-o-quote__paragraph\">Zmniejszamy obci\u0105\u017cenia dla firm energoch\u0142onnych, aby polscy przedsi\u0119biorcy byli bardziej konkurencyjni i silniejsi na tle Europy<\/p>\n<\/blockquote>\n<p>\u2014 skomentowa\u0142 w informacji prasowej minister energii.<\/p>\n<p><a href=\"https:\/\/www.fakt.pl\/pieniadze\/najwiekszy-pozeracz-energii-w-domu-koszty-moga-byc-zaskakujace\/d56c7kg\" id=\"d0213ab9-4d84-45a2-9ed1-84fb9b47caad\" rel=\"nofollow noopener\" target=\"_blank\">Najbardziej energoch\u0142onny sprz\u0119t domowy. Jest w wielu kuchniach<\/a><\/p>\n<p>Nowe rozporz\u0105dzenie wprowadza m.in. obni\u017cki op\u0142at sieciowych dla du\u017cych odbiorc\u00f3w energii elektrycznej. Mniej zap\u0142ac\u0105 przedsi\u0119biorstwa, kt\u00f3re w obiekcie przemys\u0142owym zu\u017cywaj\u0105 co najmniej 50 GWh energii rocznie na w\u0142asne potrzeby. Sk\u0142adnik sta\u0142y stawki sieciowej zostanie obni\u017cony o maksymalnie 10 proc., za\u015b sk\u0142adnik zmienny o maksymalnie 50 proc.<\/p>\n<p>Rozporz\u0105dzenie przewiduje r\u00f3wnie\u017c utrzymanie w okresie przej\u015bciowym 2027-2031 ulgi dla dotychczasowych odbiorc\u00f3w specjalnych op\u0142aty jako\u015bciowej, co oznacza dla nich korzy\u015bci na poziomie ok. 67 mln z\u0142 rocznie.<\/p>\n<p>Op\u0142ata jako\u015bciowa zostanie zr\u00f3\u017cnicowana w zale\u017cno\u015bci od pory dnia i roku. Wprowadzenie stref czasowych pozwoli lepiej dostosowa\u0107 zu\u017cycie energii do jej dost\u0119pno\u015bci w systemie.<\/p>\n<p>\u0179r\u00f3d\u0142o: Ministerstwo Energii<\/p>\n<p>1\/1Zmiana<img class=\"ods-a-photo ods-a-photo--background\" src=\"https:\/\/www.europesays.com\/pl\/wp-content\/uploads\/2026\/09\/A26k9lGaHR0cHM6Ly9vY2RuLmV1L3B1bHNjbXMvTURBXy9kNjdlNzg5OC0xYzY1LTQzMGYtOGM1NS1kMTYwYjE1YWQ5ZjcuanBlZ.jpeg\" height=\"528\" width=\"940\" alt=\"Zmiana\" loading=\"lazy\" fetchpriority=\"auto\" decoding=\"auto\" url=\"https:\/\/ocdn.eu\/pulscms\/MDA_\/d67e7898-1c65-430f-8c55-d160b15ad9f7.jpeg\" description=\"Zmiana\" author=\"123Rf, Marek Konrad \/ Fotonews\" source=\"\"\/><\/p>\n<p>123Rf, Marek Konrad \/ Fotonews<\/p>\n<p>Zmiana<\/p>\n<p>Nowe zasady kszta\u0142towania taryf za energi\u0119 elektryczn\u0105 zaczn\u0105 obowi\u0105zywa\u0107 w sobot\u0119.<\/p>\n","protected":false},"excerpt":{"rendered":"Od 5 wrze\u015bnia 2026 r. maj\u0105 obowi\u0105zywa\u0107 nowe zasady kszta\u0142towania i kalkulacji taryf oraz rozlicze\u0144 w obrocie energi\u0105&hellip;\n","protected":false},"author":2,"featured_media":667676,"comment_status":"","ping_status":"","sticky":false,"template":"","format":"standard","meta":{"footnotes":"","_share_on_mastodon":"0"},"categories":[16],"tags":[113,61195,112,3086,189,10995,46,129559,504,42,38,40,39,41,47,111182],"class_list":["post-667675","post","type-post","status-publish","format-standard","has-post-thumbnail","category-biznes","tag-biznes","tag-bottomfeed_styl","tag-business","tag-energia_elektryczna","tag-europa","tag-ministerstwo_energii","tag-omp","tag-omp_tst3","tag-pieniadze","tag-pl","tag-poland","tag-polish","tag-polska","tag-polski","tag-screening_general","tag-topbar_tst1"],"share_on_mastodon":{"url":"https:\/\/pubeurope.com\/@pl\/117214426725240967","error":""},"_links":{"self":[{"href":"https:\/\/www.europesays.com\/pl\/wp-json\/wp\/v2\/posts\/667675","targetHints":{"allow":["GET"]}}],"collection":[{"href":"https:\/\/www.europesays.com\/pl\/wp-json\/wp\/v2\/posts"}],"about":[{"href":"https:\/\/www.europesays.com\/pl\/wp-json\/wp\/v2\/types\/post"}],"author":[{"embeddable":true,"href":"https:\/\/www.europesays.com\/pl\/wp-json\/wp\/v2\/users\/2"}],"replies":[{"embeddable":true,"href":"https:\/\/www.europesays.com\/pl\/wp-json\/wp\/v2\/comments?post=667675"}],"version-history":[{"count":0,"href":"https:\/\/www.europesays.com\/pl\/wp-json\/wp\/v2\/posts\/667675\/revisions"}],"wp:featuredmedia":[{"embeddable":true,"href":"https:\/\/www.europesays.com\/pl\/wp-json\/wp\/v2\/media\/667676"}],"wp:attachment":[{"href":"https:\/\/www.europesays.com\/pl\/wp-json\/wp\/v2\/media?parent=667675"}],"wp:term":[{"taxonomy":"category","embeddable":true,"href":"https:\/\/www.europesays.com\/pl\/wp-json\/wp\/v2\/categories?post=667675"},{"taxonomy":"post_tag","embeddable":true,"href":"https:\/\/www.europesays.com\/pl\/wp-json\/wp\/v2\/tags?post=667675"}],"curies":[{"name":"wp","href":"https:\/\/api.w.org\/{rel}","templated":true}]}}