{"id":667691,"date":"2026-09-04T19:41:34","date_gmt":"2026-09-04T19:41:34","guid":{"rendered":"https:\/\/www.europesays.com\/pl\/667691\/"},"modified":"2026-09-04T19:41:34","modified_gmt":"2026-09-04T19:41:34","slug":"bialystok-wkrotce-rozpocznie-sie-72-sezon-artystyczny-opery-i-filharmonii-podlaskiej","status":"publish","type":"post","link":"https:\/\/www.europesays.com\/pl\/667691\/","title":{"rendered":"Bia\u0142ystok. Wkr\u00f3tce rozpocznie si\u0119 72. sezon artystyczny Opery i Filharmonii Podlaskiej"},"content":{"rendered":"<p>We wrze\u015bniu Opera i Filharmonia Podlaska zaprasza na koncerty z udzia\u0142em znakomitych solist\u00f3w, w tym laureata Konkursu Chopinowskiego Kevina Chena, oraz uroczyst\u0105 inauguracj\u0119 72. Sezonu Artystycznego. W programie znalaz\u0142y si\u0119 tak\u017ce dzie\u0142a Smetany, Schumanna, Brahmsa, Mozarta i Beethovena, koncert charytatywny z udzia\u0142em zespo\u0142u Ich Troje oraz dwie wystawy.<\/p>\n<p>            <a data-lightbox=\"article-gallery\" href=\"https:\/\/e-teatr.pl\/files\/multimedias\/182648\/Inauguracja_18_wrze__nia.jpg\" rel=\"nofollow noopener\" target=\"_blank\">&#13;<br \/>\n        <img loading=\"lazy\" decoding=\"async\" src=\"https:\/\/www.europesays.com\/pl\/wp-content\/uploads\/2026\/09\/thumb_Inauguracja_18_wrze__nia.jpg\" alt=\"\" title=\"\" width=\"1100\" height=\"1549\"\/>      <\/a><\/p>\n<p>fot. mat. organizatora<\/p>\n<p style=\"outline-color: currentcolor !important; outline-style: none !important;\"><a href=\"https:\/\/www.oifp.eu\/repertuar\/koncert-laureata-ii-nagrody-xix-miedzynarodowego-konkursu-pianistycznego-im-fryderyka-chopina-kevina-chena\/\" target=\"_blank\" rel=\"nofollow noopener\">Kevin Chen, laureat II nagrody XIX Mi\u0119dzynarodowego Konkursu Pianistycznego im. Fryderyka Chopina<\/a>\u00a0wyst\u0105pi przed publiczno\u015bci\u0105 Opery i Filharmonii Podlaskiej. <\/p>\n<p style=\"outline-color: currentcolor !important; outline-style: none !important;\">11 wrze\u015bnia, podczas koncertu na Du\u017cej Scenie, melomani us\u0142ysz\u0105 trzy poematy symfoniczne z cyklu\u00a0Moja ojczyzna\u00a0Bed\u0159icha Smetany. Po przerwie zabrzmi z kolei\u00a0II Koncert fortepianowy f-moll\u00a0op. 21 Fryderyka Chopina, w kt\u00f3rym parti\u0119 solow\u0105 wykona Kevin Chen. Ten m\u0142ody kanadyjski pianista ugruntowa\u0142 swoj\u0105 pozycj\u0119 jako jeden z najbardziej wyrazistych artyst\u00f3w swojego pokolenia. Jest ceniony za poetyck\u0105 wra\u017cliwo\u015b\u0107, naturaln\u0105 elokwencj\u0119 oraz znakomite opanowanie techniczne. <\/p>\n<p style=\"outline-color: currentcolor !important; outline-style: none !important;\">Orkiestr\u0119 Opery i Filharmonii Podlaskiej poprowadzi Piotr Wac\u0142awik. <\/p>\n<p style=\"outline-color: currentcolor !important; outline-style: none !important;\">Pocz\u0105tek koncertu o godz. 19.00.<\/p>\n<p style=\"outline-color: currentcolor !important; outline-style: none !important;\">Tydzie\u0144 p\u00f3\u017aniej, 18 wrze\u015bnia, Opera i Filharmonia Podlaska uroczy\u015bcie zainauguruje\u00a0<a href=\"https:\/\/www.oifp.eu\/repertuar\/72-sezon-artystyczny-2026-2027-inauguracja-2\/\" target=\"_blank\" rel=\"nofollow noopener\">72. Sezon Artystyczny<\/a>. W pierwszej cz\u0119\u015bci koncertu na Du\u017cej Scenie przy ul. Odeskiej publiczno\u015b\u0107 us\u0142yszy\u00a0Koncert wiolonczelowy a-moll\u00a0Roberta Schumanna, w kt\u00f3rym parti\u0119 solow\u0105 na wiolonczeli wykona wirtuoz tego instrumentu Tomasz Strahl. W drugiej cz\u0119\u015bci wieczoru zabrzmi monumentalna\u00a0IX Symfonia d-moll\u00a0Ludwiga van Beethovena. <\/p>\n<p style=\"outline-color: currentcolor !important; outline-style: none !important;\">Wyst\u0105pi Orkiestra i Ch\u00f3r Opery i Filharmonii Podlaskiej oraz znakomici soli\u015bci: Anna Wolfinger, Joanna Motulewicz, Adam Zdunikowski i Wojciech Gierlach. <\/p>\n<p style=\"outline-color: currentcolor !important; outline-style: none !important;\">Artyst\u00f3w poprowadzi Maestro Miros\u0142aw Jacek B\u0142aszczyk. Koncert rozpocznie si\u0119 o godz. 19.00.<\/p>\n<p style=\"outline-color: currentcolor !important; outline-style: none !important;\">W ostatni pi\u0105tek wrze\u015bnia Opera zaprasza meloman\u00f3w do sali koncertowej przy Podle\u015bnej na koncert oratoryjny\u00a0<a href=\"https:\/\/www.oifp.eu\/repertuar\/miedzy-cisza-a-swiatlem-koncert-oratoryjny\/\" target=\"_blank\" rel=\"nofollow noopener\">Mi\u0119dzy cisz\u0105 a \u015bwiat\u0142em<\/a><a href=\"https:\/\/www.oifp.eu\/repertuar\/miedzy-cisza-a-swiatlem-koncert-oratoryjny\/\" target=\"_blank\" rel=\"nofollow noopener\">.<\/a> Tego wieczoru b\u0119dzie mo\u017cna us\u0142ysze\u0107 kompozycje Johannesa Brahmsa (Wariacje na temat Haydna) i Wolfganga Amadeusza Mozarta (Requiem d-moll) w wykonaniu Orkiestry i Ch\u00f3ru Opery i Filharmonii Podlaskiej, Ch\u00f3ru Kameralnego Uniwersytetu w Bia\u0142ymstoku oraz solist\u00f3w. <\/p>\n<p style=\"outline-color: currentcolor !important; outline-style: none !important;\">Artyst\u00f3w poprowadzi Maestro Miros\u0142aw Jacek B\u0142aszczyk. Pocz\u0105tek o godz. 19.00.<\/p>\n<p style=\"outline-color: currentcolor !important; outline-style: none !important;\">Wrze\u015bniowy program koncertowy w OiFP uzupe\u0142ni wydarzenie charytatywne organizowane we wsp\u00f3\u0142pracy ze Stowarzyszeniem Pro Salute. 22 wrze\u015bnia o godz. 19.00 na Du\u017cej Scenie odb\u0119dzie si\u0119 \u00f3sma edycja\u00a0<a href=\"https:\/\/www.oifp.eu\/repertuar\/ich-troje-koncert-na-rzecz-dzieci-z-dystrofia-miesniowa\/\" target=\"_blank\" rel=\"nofollow noopener\">Koncertu na rzecz Dzieci z Dystrofi\u0105 Mi\u0119\u015bniow\u0105<\/a>. Gwiazd\u0105 wieczoru b\u0119dzie zesp\u00f3\u0142 Ich Troje. <\/p>\n<p style=\"outline-color: currentcolor !important; outline-style: none !important;\">Bilety na wszystkie wydarzenia mo\u017cna naby\u0107 w kasie Opery oraz w serwisie <a href=\"https:\/\/www.bilety24.pl\" target=\"_blank\" rel=\"nofollow noopener\">Bilety24.pl.<\/a><\/p>\n<p style=\"outline-color: currentcolor !important; outline-style: none !important;\">W przestrzeni Sali wystawowej OiFP mo\u017cna jeszcze ogl\u0105da\u0107 wystaw\u0119\u00a0<a href=\"https:\/\/www.oifp.eu\/repertuar\/archiwum-swiata\/\" target=\"_blank\" rel=\"nofollow noopener\">Archiwum \u015bwiata<\/a>\u00a0\u2013 jej finisa\u017c odb\u0119dzie si\u0119 13 wrze\u015bnia o godz. 16.00. Z kolei 26 wrze\u015bnia o godz. 16.30 zostanie otwarta nowa ekspozycja\u00a0<a href=\"https:\/\/www.oifp.eu\/repertuar\/poezja-ksztaltu\/\" target=\"_blank\" rel=\"nofollow noopener\">Poezja kszta\u0142tu<\/a>\u00a0\u2013\u00a0Mistrzowska klasyka i technologiczna awangarda \u2013 Dialog pokole\u0144 w Bia\u0142ymstoku. Ta dwupokoleniowa wystawa rze\u017aby Stanis\u0142awa Wysockiego oraz Micha\u0142a Wysockiego b\u0119dzie unikaln\u0105 okazj\u0105, by zobaczy\u0107, jak rodzinna tradycja ewoluuje, odpowiadaj\u0105c na wyzwania wsp\u00f3\u0142czesnego \u015bwiata i nowych technologii.<\/p>\n<p style=\"outline-color: currentcolor !important; outline-style: none !important;\">Wystaw\u0119, kt\u00f3r\u0105 Opera organizuje we wsp\u00f3\u0142pracy z Fundacj\u0105 MARCHAND, b\u0119dzie mo\u017cna ogl\u0105da\u0107 do 15 listopada.<\/p>\n","protected":false},"excerpt":{"rendered":"We wrze\u015bniu Opera i Filharmonia Podlaska zaprasza na koncerty z udzia\u0142em znakomitych solist\u00f3w, w tym laureata Konkursu Chopinowskiego&hellip;\n","protected":false},"author":2,"featured_media":667692,"comment_status":"","ping_status":"","sticky":false,"template":"","format":"standard","meta":{"footnotes":"","_share_on_mastodon":"0"},"categories":[51614],"tags":[2434,8588,2151,6588,17490,16331,51630,42,38,40,39,41,649,650,11541,51629,8815,51631,8767,51628,800,8816],"class_list":["post-667691","post","type-post","status-publish","format-standard","has-post-thumbnail","category-bialystok","tag-aktor","tag-aktorzy","tag-bialystok","tag-festiwal","tag-festiwale","tag-kariera","tag-kariery","tag-pl","tag-poland","tag-polish","tag-polska","tag-polski","tag-premiera","tag-premiery","tag-realizacja","tag-realizacje","tag-repertuar","tag-ruch-teatralny","tag-sztuka","tag-sztuki","tag-teatr","tag-teatry"],"share_on_mastodon":{"url":"https:\/\/pubeurope.com\/@pl\/117214477337977845","error":""},"_links":{"self":[{"href":"https:\/\/www.europesays.com\/pl\/wp-json\/wp\/v2\/posts\/667691","targetHints":{"allow":["GET"]}}],"collection":[{"href":"https:\/\/www.europesays.com\/pl\/wp-json\/wp\/v2\/posts"}],"about":[{"href":"https:\/\/www.europesays.com\/pl\/wp-json\/wp\/v2\/types\/post"}],"author":[{"embeddable":true,"href":"https:\/\/www.europesays.com\/pl\/wp-json\/wp\/v2\/users\/2"}],"replies":[{"embeddable":true,"href":"https:\/\/www.europesays.com\/pl\/wp-json\/wp\/v2\/comments?post=667691"}],"version-history":[{"count":0,"href":"https:\/\/www.europesays.com\/pl\/wp-json\/wp\/v2\/posts\/667691\/revisions"}],"wp:featuredmedia":[{"embeddable":true,"href":"https:\/\/www.europesays.com\/pl\/wp-json\/wp\/v2\/media\/667692"}],"wp:attachment":[{"href":"https:\/\/www.europesays.com\/pl\/wp-json\/wp\/v2\/media?parent=667691"}],"wp:term":[{"taxonomy":"category","embeddable":true,"href":"https:\/\/www.europesays.com\/pl\/wp-json\/wp\/v2\/categories?post=667691"},{"taxonomy":"post_tag","embeddable":true,"href":"https:\/\/www.europesays.com\/pl\/wp-json\/wp\/v2\/tags?post=667691"}],"curies":[{"name":"wp","href":"https:\/\/api.w.org\/{rel}","templated":true}]}}