{"id":667715,"date":"2026-09-04T19:53:09","date_gmt":"2026-09-04T19:53:09","guid":{"rendered":"https:\/\/www.europesays.com\/pl\/667715\/"},"modified":"2026-09-04T19:53:09","modified_gmt":"2026-09-04T19:53:09","slug":"warszawa-spektakl-swiadectwo-w-79-rocznice-urodzin-bl-ks-jerzego-popieluszki","status":"publish","type":"post","link":"https:\/\/www.europesays.com\/pl\/667715\/","title":{"rendered":"Warszawa: Spektakl \u201e\u015awiadectwo\u201d w 79. rocznic\u0119 urodzin b\u0142. ks. Jerzego Popie\u0142uszki"},"content":{"rendered":"<p>            &#13;<\/p>\n<p>Tegoroczne obchody b\u0119d\u0105 okazj\u0105, aby spojrze\u0107 na ks. Jerzego Popie\u0142uszk\u0119 nie tylko jako na jedn\u0105 z najwa\u017cniejszych postaci najnowszej <a href=\"https:\/\/magazyn.niedziela.pl\" data-clicksmap=\"site:artykul - InlineAds - historii - \" class=\"link-inline\" rel=\"nofollow noopener\" target=\"_blank\">historii<\/a> Polski, kapelana \u201eSolidarno\u015bci\u201d i m\u0119czennika, ale tak\u017ce poprzez \u015bwiadectwa ludzi, kt\u00f3rzy znali go osobi\u015bcie, spotykali si\u0119 z nim i do\u015bwiadczali jego obecno\u015bci oraz pomocy.<\/p>\n<p>&#13;<\/p>\n<p>Spektakl \u201e\u015awiadectwo\u201d stworzony przez aktora i re\u017cysera Arkadiusza G\u0142owackiego, zbudowany zosta\u0142 na podstawie autentycznych wspomnie\u0144 i relacji os\u00f3b, kt\u00f3re zna\u0142y ks. Jerzego Popie\u0142uszk\u0119. S\u0142owa aktor\u00f3w przywo\u0142aj\u0105 jego spotkania z lud\u017ami i miejsca szczeg\u00f3lnie zwi\u0105zane z jego pos\u0142ug\u0105: warszawski \u017boliborz, Hut\u0119 Warszawa oraz Msze za Ojczyzn\u0119. W opowie\u015bci pojawiaj\u0105 si\u0119 ludzie pracy, rodziny, arty\u015bci oraz osoby, kt\u00f3re przychodzi\u0142y do ks. Jerzego ze swoimi problemami, modlitwami i nadziejami. Zwornikiem spektaklu jest <a href=\"https:\/\/magazyn.niedziela.pl\" data-clicksmap=\"site:artykul - InlineAds - historia - \" class=\"link-inline\" rel=\"nofollow noopener\" target=\"_blank\">historia<\/a> malarskiego portretu ksi\u0119dza Popie\u0142uszki, kt\u00f3ry znalaz\u0142 si\u0119 na plakacie obchod\u00f3w.<\/p>\n<p class=\"font-weight-bold color-light pb-1\">Pom\u00f3\u017c w rozwoju naszego portalu<\/p>\n<p><a href=\"https:\/\/www.niedziela.pl\/wsparcie\" class=\"btn btn-light\" data-clicksmap=\"site:artykul - RedBtnWsparcieArticle - \/wsparcie\" rel=\"nofollow noopener\" target=\"_blank\">&#13;<br \/>\n         &#13;<br \/>\n     &#13;<br \/>\n         &#13;<br \/>\n         &#13;<br \/>\n     &#13;<br \/>\n     Wspieram<\/a>&#13;\n        <\/p>\n<p>    &#13;<\/p>\n<p>Spektakl wystawiony b\u0119dzie w przeddzie\u0144 rocznicy urodzin, 13 wrze\u015bnia o godzinie 19:00 na scenie Domu Amucis na terenie Sanktuarium B\u0142. Ks. Jerzego Popie\u0142uszki przy ulicy Hozjusza 2. Wst\u0119p wolny.<\/p>\n<p>&#13;<\/p>\n<p>Kulminacyjnym punktem obchod\u00f3w b\u0119dzie uroczysta Eucharystia celebrowana 14 wrze\u015bnia o godzinie 18:00 w dniu urodzin kap\u0142ana przy o\u0142tarzu przy kt\u00f3rym on wielokrotnie sprawowa\u0142 liturgi\u0119. Na o\u0142tarzu spoczn\u0105 jego relikwie a po mszy odm\u00f3wiona zostanie <a href=\"https:\/\/www.niedziela.pl\/artykul\/109679\/Niezbednik-Katolika-miej-zawsze-pod-reka\" data-clicksmap=\"site:artykul - InlineAds - modlitwa - \" class=\"link-inline\" rel=\"nofollow noopener\" target=\"_blank\">modlitwa<\/a> w intencji jego rych\u0142ej kanonizacji.<\/p>\n<p>&#13;<\/p>\n<p>Honorowy patronat nad obchodami obj\u0105\u0142 Arcybiskup Metropolita Warszawski Adrian Galbas.<\/p>\n<p>&#13;<\/p>\n<p>***<\/p>\n<p>&#13;<\/p>\n<p>Ksi\u0105dz Jerzy Popie\u0142uszko, urodzony w 1947 roku w Okopach na Bia\u0142ostocczy\u017anie. Po \u015bwi\u0119ceniach kap\u0142a\u0144skich w 1972 roku pe\u0142ni\u0142 pos\u0142ug\u0119 w kilku parafiach Archidiecezji Warszawskiej, zajmuj\u0105c si\u0119 m.in. duszpasterstwem m\u0142odzie\u017cy i s\u0142u\u017cby zdrowia.<\/p>\n<p>&#13;<\/p>\n<p>W ostatnich latach \u017cycia pos\u0142ugiwa\u0142 w parafii \u015aw. Stanis\u0142awa Kostki na warszawskim \u017boliborzu gdzie zwi\u0105za\u0142 si\u0119 z Solidarno\u015bci\u0105 oraz celebrowa\u0142 comiesi\u0119czne Msze \u015awi\u0119te za Ojczyzn\u0119 gromadz\u0105ce wok\u00f3\u0142 \u015bwi\u0105tyni wielotysi\u0119czne t\u0142umy. W czasie stanu wojennego wyst\u0119powa\u0142 w obronie internowanych, co wywo\u0142a\u0142o n\u0119kania i prowokacje ze strony w\u0142adz.<\/p>\n<p>&#13;<\/p>\n<p>19 pa\u017adziernika 1984 podczas powrotu z bydgoskiej parafii \u015awi\u0119tych Polskich Braci M\u0119czennik\u00f3w do Warszawy zosta\u0142 porwany i bestialsko zamordowany przez funkcjonariuszy S\u0142u\u017cby Bezpiecze\u0144stwa. Cia\u0142o ksi\u0119dza wrzucono do Wis\u0142y na wysoko\u015bci tamy we W\u0142oc\u0142awku.<\/p>\n<p>&#13;<\/p>\n<p>Pogrzeb kapelana Solidarno\u015bci odby\u0142 si\u0119 3 listopada 1984 gromadz\u0105c blisko milionow\u0105 rzesz\u0119 ludzi.<\/p>\n<p>&#13;<\/p>\n<p>Od 1984 roku gr\u00f3b m\u0119czennika odwiedzi\u0142o blisko 23 miliony wiernych, w tym liczni kardyna\u0142owie, biskupi, prezydenci i przedstawiciele \u015bwiata kultury.<\/p>\n<p>&#13;<\/p>\n<p>6 czerwca 2010 roku Papie\u017c <a href=\"https:\/\/www.niedziela.pl\/tag\/22\/Benedykt-XVI\" data-clicksmap=\"site:artykul - InlineAds - Benedykt XVI - \" class=\"link-inline\" rel=\"nofollow noopener\" target=\"_blank\">Benedykt XVI<\/a> zaliczy\u0142 ksi\u0119dza Jerzego Popie\u0142uszk\u0119 do grona b\u0142ogos\u0142awionych.<\/p>\n","protected":false},"excerpt":{"rendered":"&#13; Tegoroczne obchody b\u0119d\u0105 okazj\u0105, aby spojrze\u0107 na ks. Jerzego Popie\u0142uszk\u0119 nie tylko jako na jedn\u0105 z najwa\u017cniejszych&hellip;\n","protected":false},"author":2,"featured_media":667716,"comment_status":"","ping_status":"","sticky":false,"template":"","format":"standard","meta":{"footnotes":"","_share_on_mastodon":"0"},"categories":[51605],"tags":[129638,3750,42,38,40,39,41,129637,2419,9378,435],"class_list":["post-667715","post","type-post","status-publish","format-standard","has-post-thumbnail","category-warszawa","tag-bl-ks-jerzy-popieluszko","tag-niedziela","tag-pl","tag-poland","tag-polish","tag-polska","tag-polski","tag-rocznica-urodzin","tag-spektakl","tag-tygodnik-katolicki","tag-warszawa"],"share_on_mastodon":{"url":"https:\/\/pubeurope.com\/@pl\/117214524549439389","error":""},"_links":{"self":[{"href":"https:\/\/www.europesays.com\/pl\/wp-json\/wp\/v2\/posts\/667715","targetHints":{"allow":["GET"]}}],"collection":[{"href":"https:\/\/www.europesays.com\/pl\/wp-json\/wp\/v2\/posts"}],"about":[{"href":"https:\/\/www.europesays.com\/pl\/wp-json\/wp\/v2\/types\/post"}],"author":[{"embeddable":true,"href":"https:\/\/www.europesays.com\/pl\/wp-json\/wp\/v2\/users\/2"}],"replies":[{"embeddable":true,"href":"https:\/\/www.europesays.com\/pl\/wp-json\/wp\/v2\/comments?post=667715"}],"version-history":[{"count":0,"href":"https:\/\/www.europesays.com\/pl\/wp-json\/wp\/v2\/posts\/667715\/revisions"}],"wp:featuredmedia":[{"embeddable":true,"href":"https:\/\/www.europesays.com\/pl\/wp-json\/wp\/v2\/media\/667716"}],"wp:attachment":[{"href":"https:\/\/www.europesays.com\/pl\/wp-json\/wp\/v2\/media?parent=667715"}],"wp:term":[{"taxonomy":"category","embeddable":true,"href":"https:\/\/www.europesays.com\/pl\/wp-json\/wp\/v2\/categories?post=667715"},{"taxonomy":"post_tag","embeddable":true,"href":"https:\/\/www.europesays.com\/pl\/wp-json\/wp\/v2\/tags?post=667715"}],"curies":[{"name":"wp","href":"https:\/\/api.w.org\/{rel}","templated":true}]}}