{"id":667733,"date":"2026-09-04T20:02:13","date_gmt":"2026-09-04T20:02:13","guid":{"rendered":"https:\/\/www.europesays.com\/pl\/667733\/"},"modified":"2026-09-04T20:02:13","modified_gmt":"2026-09-04T20:02:13","slug":"karol-nawrocki-ma-zeznawac-ws-tk-bronislaw-komorowski-komentuje-sprawe-wprost","status":"publish","type":"post","link":"https:\/\/www.europesays.com\/pl\/667733\/","title":{"rendered":"Karol Nawrocki ma zeznawa\u0107 ws. TK. Bronis\u0142aw Komorowski komentuje spraw\u0119 \u2013 Wprost"},"content":{"rendered":"\n<p>&#13;<br \/>\nPrzypomnijmy, prezydent zosta\u0142 wezwany przez <a href=\"https:\/\/www.wprost.pl\/kraj\/12433245\/karol-nawrocki-przyjmie-slubowanie-od-macieja-berka-sedzia-krystian-markiewicz-o-sytuacji-w-tk.html\" rel=\"nofollow noopener\" target=\"_blank\">prokuratur\u0119<\/a> na\u00a0przes\u0142uchanie w\u00a0charakterze \u015bwiadka w\u00a0\u015bledztwie dotycz\u0105cym niedopuszczenia do\u00a0orzekania czworga s\u0119dzi\u00f3w Trybuna\u0142u Konstytucyjnego. Sprawa dotyczy Marcina Dziurdy, Krystiana Markiewicza, Anny Korwin-Piotrowskiej oraz\u00a0Macieja Taborowskiego.  &#13;\n<\/p>\n<p>Komorowski zabra\u0142 g\u0142os ws. wezwania Nawrockiego<\/p>\n<p>&#13;<br \/>\nDo sprawy zapowiadanego przes\u0142uchania prezydenta odni\u00f3s\u0142 si\u0119 w\u00a0rozmowie z\u00a0\u201eFaktem\u201d Bronis\u0142aw Komorowski. Podkre\u015bli\u0142, \u017ce\u00a0chodzi o\u00a0\u201ewyja\u015bnienie okoliczno\u015bci, w\u00a0kt\u00f3rych podejmowa\u0142 decyzje dotycz\u0105ce Trybuna\u0142u\u201d &#13;\n<\/p>\n<p>&#13;<br \/>\n\u2013 Z\u0142o\u017cenie zezna\u0144 w\u00a0charakterze \u015bwiadka w\u00a0sprawach dotycz\u0105cych funkcjonowania pa\u0144stwa jest elementem obywatelskiego obowi\u0105zku \u2013 oceni\u0142 by\u0142y prezydent.  &#13;\n<\/p>\n<p>&#13;<br \/>\nPodkre\u015bli\u0142 r\u00f3wnie\u017c, \u017ce\u00a0<a href=\"https:\/\/www.wprost.pl\/kraj\/12431625\/karol-nawrocki-zostanie-przesluchany-chodzi-o-sedziow-trybunalu-konstytucyjnego.html\" rel=\"nofollow noopener\" target=\"_blank\">Nawrocki<\/a> \u201ez\u00a0szacunku dla\u00a0pa\u0144stwa powinien jak najszybciej porozumie\u0107 si\u0119 z\u00a0prokuratur\u0105 i\u00a0z\u0142o\u017cy\u0107 zeznania w\u00a0charakterze \u015bwiadka\u201d. &#13;\n<\/p>\n<p>&#13;<br \/>\nKomorowski przypomnia\u0142 te\u017c o\u00a0swoim przes\u0142uchaniu, gdy sprawowa\u0142 urz\u0105d. \u2013\u00a0R\u00f3wnie\u017c sk\u0142ada\u0142em zeznania w\u00a02014\u00a0r., b\u0119d\u0105c w\u00f3wczas prezydentem. By\u0142a to\u00a0oczywi\u015bcie sytuacja innego rodzaju. Wyst\u0119powa\u0142em w\u00a0charakterze \u015bwiadka w\u00a0sprawie podejrze\u0144 o\u00a0korupcj\u0119, a\u00a0by\u0107 mo\u017ce r\u00f3wnie\u017c o\u00a0dzia\u0142alno\u015b\u0107 szpiegowsk\u0105 osoby, kt\u00f3ra dotar\u0142a do\u00a0mojej znajomej i\u00a0za jej po\u015brednictwem pr\u00f3bowa\u0142a dotrze\u0107 do\u00a0mnie \u2013\u00a0relacjonowa\u0142 Bronis\u0142aw Komorowski. &#13;\n<\/p>\n<p>Nawrocki odpowie na\u00a0wezwanie prokuratury ws. TK?<\/p>\n<p>&#13;<br \/>\n3 wrze\u015bnia w\u00a0rozmowie z\u00a0mediami Karol Nawrocki zapowiedzia\u0142, \u017ce\u00a0zamierza wzi\u0105\u0107 udzia\u0142 w\u00a0przes\u0142uchaniu. \u2013\u00a0Mo\u017cecie by\u0107 pa\u0144stwo spokojni, ju\u017c dzisiaj zapraszam \u015bledczych \u2013\u00a0m\u00f3wi\u0142 dziennikarzom prezydent. Jednocze\u015bnie doda\u0142: \u2013\u00a0To\u00a0obci\u0105\u017caj\u0105ce dla\u00a0obecnej w\u0142adzy, bo\u00a0tych post\u0119powa\u0144 prokuratorskich wobec mojej osoby, czy\u00a0pr\u00f3ba przes\u0142uchania mnie jako \u015bwiadka jest naprawd\u0119 du\u017co. To\u00a0nie jest powa\u017cne dla\u00a0pa\u0144stwa polskiego, ale\u00a0oczywi\u015bcie, poddam si\u0119 przes\u0142uchaniu. &#13;\n<\/p>\n<p>&#13;<br \/>\n   Czytaj te\u017c:<br \/><a href=\"https:\/\/www.wprost.pl\/kraj\/12433245\/karol-nawrocki-przyjmie-slubowanie-od-macieja-berka-sedzia-krystian-markiewicz-o-sytuacji-w-tk.html\" rel=\"follow nofollow noopener\" data-schema=\"WPROST\" data-image=\"https:\/\/img.wprost.pl\/_thumb\/e9\/31\/a712cf55ac4exxd20a572fd45a26.jpeg\" target=\"_blank\">Co zrobi Nawrocki ws. nowego s\u0119dziego TK? \u201ePrezydentowi chodzi o\u00a0jedno\u201d<\/a>   Czytaj te\u017c:<br \/><a href=\"https:\/\/www.wprost.pl\/polityka\/12433008\/afera-zondacrypto-donald-tusk-cytowal-wyjasnienia-swiadka-karol-nawrocki-komentuje.html\" rel=\"follow nofollow noopener\" data-schema=\"WPROST\" data-image=\"https:\/\/img.wprost.pl\/_thumb\/d2\/7b\/c01eaafebbfcd3b6b4131b7e8e5c.jpeg\" target=\"_blank\">\u201eJak Nawrocki zostanie prezydentem, to\u00a0za\u0142atwi u\u0142askawienie\u201d. G\u0142owa pa\u0144stwa odpowiada Tuskowi<\/a> &#13;<\/p>\n","protected":false},"excerpt":{"rendered":"&#13; Przypomnijmy, prezydent zosta\u0142 wezwany przez prokuratur\u0119 na\u00a0przes\u0142uchanie w\u00a0charakterze \u015bwiadka w\u00a0\u015bledztwie dotycz\u0105cym niedopuszczenia do\u00a0orzekania czworga s\u0119dzi\u00f3w Trybuna\u0142u Konstytucyjnego.&hellip;\n","protected":false},"author":2,"featured_media":667734,"comment_status":"","ping_status":"","sticky":false,"template":"","format":"standard","meta":{"footnotes":"","_share_on_mastodon":"0"},"categories":[62712],"tags":[26839,690,61120,49,907,1627,3992,8232,43315,10666],"class_list":["post-667733","post","type-post","status-publish","format-standard","has-post-thumbnail","category-karol-nawrocki","tag-bronislaw-komorowski","tag-karol-nawrocki","tag-karolina-trela","tag-kraj","tag-polityka","tag-prokuratura","tag-przesluchanie","tag-trybunal-konstytucyjny","tag-wprost","tag-zycie"],"share_on_mastodon":{"url":"https:\/\/pubeurope.com\/@pl\/117214559779483155","error":""},"_links":{"self":[{"href":"https:\/\/www.europesays.com\/pl\/wp-json\/wp\/v2\/posts\/667733","targetHints":{"allow":["GET"]}}],"collection":[{"href":"https:\/\/www.europesays.com\/pl\/wp-json\/wp\/v2\/posts"}],"about":[{"href":"https:\/\/www.europesays.com\/pl\/wp-json\/wp\/v2\/types\/post"}],"author":[{"embeddable":true,"href":"https:\/\/www.europesays.com\/pl\/wp-json\/wp\/v2\/users\/2"}],"replies":[{"embeddable":true,"href":"https:\/\/www.europesays.com\/pl\/wp-json\/wp\/v2\/comments?post=667733"}],"version-history":[{"count":0,"href":"https:\/\/www.europesays.com\/pl\/wp-json\/wp\/v2\/posts\/667733\/revisions"}],"wp:featuredmedia":[{"embeddable":true,"href":"https:\/\/www.europesays.com\/pl\/wp-json\/wp\/v2\/media\/667734"}],"wp:attachment":[{"href":"https:\/\/www.europesays.com\/pl\/wp-json\/wp\/v2\/media?parent=667733"}],"wp:term":[{"taxonomy":"category","embeddable":true,"href":"https:\/\/www.europesays.com\/pl\/wp-json\/wp\/v2\/categories?post=667733"},{"taxonomy":"post_tag","embeddable":true,"href":"https:\/\/www.europesays.com\/pl\/wp-json\/wp\/v2\/tags?post=667733"}],"curies":[{"name":"wp","href":"https:\/\/api.w.org\/{rel}","templated":true}]}}