{"id":667741,"date":"2026-09-04T20:11:14","date_gmt":"2026-09-04T20:11:14","guid":{"rendered":"https:\/\/www.europesays.com\/pl\/667741\/"},"modified":"2026-09-04T20:11:14","modified_gmt":"2026-09-04T20:11:14","slug":"czy-wystepuje-smog-w-bydgoszczy-poznaj-biezace-dane-z-4-09-2026","status":"publish","type":"post","link":"https:\/\/www.europesays.com\/pl\/667741\/","title":{"rendered":"Czy wyst\u0119puje smog w Bydgoszczy? Poznaj bie\u017c\u0105ce dane z 4.09.2026"},"content":{"rendered":"<p><img decoding=\"async\" loading=\"eager\" fetchpriority=\"high\" class=\"atomsArticleGalleryImage__mainImg\" src=\"https:\/\/www.europesays.com\/pl\/wp-content\/uploads\/2026\/09\/il20260721_972260789_medium.jpg\" alt=\"Nie wychod&#x17A; z domu bez sprawdzenia, czy w Bydgoszczy jest smog\" width=\"1600\" height=\"1057\"\/><\/p>\n<p>\n        Nie wychod\u017a z domu bez sprawdzenia, czy w Bydgoszczy jest smog<\/p>\n<p>          fot. S\u0142awomir Kowalski\n        <\/p>\n<p>Smog w Bydgoszczy, stan na 4.09.2026. Sprawd\u017a poziom PM10 i PM2.5 w powietrzu. Przekonaj si\u0119, czy wyj\u015bcie na zewn\u0105trz w pi\u0105tek jest zdrowe. Zobacz, jak w ostatnich dniach zmienia\u0142 si\u0119 stan powietrza w Bydgoszczy. B\u00f3l g\u0142owy to cz\u0119sty objaw zbyt d\u0142ugiego wdychania zanieczyszczonego powietrza.<\/p>\n","protected":false},"excerpt":{"rendered":"Nie wychod\u017a z domu bez sprawdzenia, czy w Bydgoszczy jest smog fot. S\u0142awomir Kowalski Smog w Bydgoszczy, stan&hellip;\n","protected":false},"author":2,"featured_media":667742,"comment_status":"","ping_status":"","sticky":false,"template":"","format":"standard","meta":{"footnotes":"","_share_on_mastodon":"0"},"categories":[51613],"tags":[7132,42,78,38,40,39,41,101840,43824],"class_list":["post-667741","post","type-post","status-publish","format-standard","has-post-thumbnail","category-bydgoszcz","tag-bydgoszcz","tag-pl","tag-pogoda","tag-poland","tag-polish","tag-polska","tag-polski","tag-smog-bydgoszcz","tag-zanieczyszczenie-powietrza"],"share_on_mastodon":{"url":"https:\/\/pubeurope.com\/@pl\/117214596399950462","error":""},"_links":{"self":[{"href":"https:\/\/www.europesays.com\/pl\/wp-json\/wp\/v2\/posts\/667741","targetHints":{"allow":["GET"]}}],"collection":[{"href":"https:\/\/www.europesays.com\/pl\/wp-json\/wp\/v2\/posts"}],"about":[{"href":"https:\/\/www.europesays.com\/pl\/wp-json\/wp\/v2\/types\/post"}],"author":[{"embeddable":true,"href":"https:\/\/www.europesays.com\/pl\/wp-json\/wp\/v2\/users\/2"}],"replies":[{"embeddable":true,"href":"https:\/\/www.europesays.com\/pl\/wp-json\/wp\/v2\/comments?post=667741"}],"version-history":[{"count":0,"href":"https:\/\/www.europesays.com\/pl\/wp-json\/wp\/v2\/posts\/667741\/revisions"}],"wp:featuredmedia":[{"embeddable":true,"href":"https:\/\/www.europesays.com\/pl\/wp-json\/wp\/v2\/media\/667742"}],"wp:attachment":[{"href":"https:\/\/www.europesays.com\/pl\/wp-json\/wp\/v2\/media?parent=667741"}],"wp:term":[{"taxonomy":"category","embeddable":true,"href":"https:\/\/www.europesays.com\/pl\/wp-json\/wp\/v2\/categories?post=667741"},{"taxonomy":"post_tag","embeddable":true,"href":"https:\/\/www.europesays.com\/pl\/wp-json\/wp\/v2\/tags?post=667741"}],"curies":[{"name":"wp","href":"https:\/\/api.w.org\/{rel}","templated":true}]}}