{"id":667745,"date":"2026-09-04T20:13:23","date_gmt":"2026-09-04T20:13:23","guid":{"rendered":"https:\/\/www.europesays.com\/pl\/667745\/"},"modified":"2026-09-04T20:13:23","modified_gmt":"2026-09-04T20:13:23","slug":"zamek-ktorego-juz-nie-ma-szczecinianie-beda-rozmawiac-o-tajemnicach-oderburga","status":"publish","type":"post","link":"https:\/\/www.europesays.com\/pl\/667745\/","title":{"rendered":"Zamek, kt\u00f3rego ju\u017c nie ma. Szczecinianie b\u0119d\u0105 rozmawia\u0107 o tajemnicach Oderburga"},"content":{"rendered":"<p>\n                        Jak wygl\u0105da\u0142a renesansowa rezydencja ksi\u0105\u017c\u0119ca w Grabowie? Gdzie dok\u0142adnie si\u0119 znajdowa\u0142a i co mo\u017cemy dzi\u015b powiedzie\u0107 o jej wygl\u0105dzie? Na ile historyczne \u017ar\u00f3d\u0142a pozwalaj\u0105 odtworzy\u0107 zamek, kt\u00f3ry znikn\u0105\u0142 z krajobrazu Szczecina? Odpowiedzi na te pytania b\u0119d\u0105 szuka\u0107 uczestnicy debaty po\u015bwi\u0119conej Zamkowi Oderburg. Spotkanie odb\u0119dzie si\u0119 9 wrze\u015bnia o godz. 18.00 w Centrum Solidarno\u015bci Stocznia przy ul. Ofiar Grudnia 1970 r. 19 w Szczecinie.\n                    <\/p>\n<p>Oderburg to jeden z tych fragment\u00f3w historii Szczecina, kt\u00f3re mo\u017cna dzi\u015b odkrywa\u0107 niemal na nowo. Renesansowa rezydencja ksi\u0105\u017c\u0119ca powsta\u0142a w XVI wieku w Grabowie, na miejscu dawnego klasztoru kartuz\u00f3w. Po sekularyzacji klasztoru w 1538 roku ksi\u0105\u017c\u0119 Barnim IX przekszta\u0142ci\u0142 istniej\u0105ce zabudowania w rezydencj\u0119, kt\u00f3ra w kolejnych dziesi\u0119cioleciach by\u0142a rozbudowywana.<\/p>\n<p>Z archiwalnych \u015blad\u00f3w do obrazu 3D<\/p>\n<p>Punktem wyj\u015bcia do debaty b\u0119dzie powstaj\u0105ca animacja komputerowa 3D autorstwa Anny Koc, kt\u00f3ra podejmuje pr\u00f3b\u0119 wirtualnego odtworzenia Oderburga i pokazania go w przestrzeni dawnego Szczecina.<\/p>\n<p>Anna Koc \u2013 architektka, scenografka, graficzka i artystka 3D \u2013 od kilku lat wykorzystuje nowe technologie do przywracania nieistniej\u0105cych ju\u017c obiekt\u00f3w miasta. Wcze\u015bniej stworzy\u0142a m.in. animowane rekonstrukcje Wie\u017cy Quistorpa, Mostku nad Rusa\u0142k\u0105, Syrenich Staw\u00f3w oraz dawnych fragment\u00f3w Niemierzyna. Jej prace powstaj\u0105 w oparciu o dost\u0119pne materia\u0142y archiwalne i historyczne.<\/p>\n<p>Debata b\u0119dzie wi\u0119c okazj\u0105 nie tylko do rozmowy o samym Oderburgu, ale r\u00f3wnie\u017c o tym, jak wsp\u00f3\u0142czesne technologie mog\u0105 pomaga\u0107 w odkrywaniu lokalnego dziedzictwa. Czy komputerowa rekonstrukcja mo\u017ce by\u0107 czym\u015b wi\u0119cej ni\u017c atrakcyjn\u0105 ilustracj\u0105 historii? Czy mo\u017ce sta\u0107 si\u0119 narz\u0119dziem edukacyjnym, a nawet wspiera\u0107 badania? I gdzie znajduje si\u0119 granica mi\u0119dzy wiedz\u0105 historyczn\u0105 a konieczn\u0105 interpretacj\u0105?<\/p>\n<p>Historycy, archeolog i tw\u00f3rczyni rekonstrukcji<\/p>\n<p>Rozmow\u0119 poprowadzi Pawe\u0142 Zi\u0105tek, mi\u0142o\u015bnik i popularyzator historii Szczecina, tw\u00f3rca profilu \u201eSzczecin znany i historyczny\u201d. W debacie wezm\u0105 udzia\u0142:<\/p>\n<p>&#13;<br \/>\nAnna Koc \u2013 architektka, scenografka, graficzka, artystka 3D i cz\u0142onkini zarz\u0105du Stowarzyszenia Denkmal Pomorze;&#13;<br \/>\ndr Marek \u0141uczak \u2013 historyk, autor licznych publikacji o Szczecinie i Pomorzu, ekspert w zakresie ochrony zabytk\u00f3w i odzyskiwania utraconych dzie\u0142 sztuki;&#13;<br \/>\nTomasz Wieczorek \u2013 przewodnik po Szczecinie i Pomorzu Zachodnim, konsultant historyczny i wieloletni pracownik Zamku Ksi\u0105\u017c\u0105t Pomorskich;&#13;<br \/>\ndr Micha\u0142 Gierke \u2013 historyk i archeolog, badacz \u015bredniowiecznych i nowo\u017cytnych dziej\u00f3w Pomorza i Nowej Marchii.&#13;<\/p>\n<p>R\u00f3\u017cne do\u015bwiadczenia zaproszonych go\u015bci pozwol\u0105 spojrze\u0107 na Oderburg z kilku perspektyw \u2013 historycznej, architektonicznej, archeologicznej i popularyzatorskiej.<\/p>\n<p>Podczas spotkania b\u0119dzie mo\u017cna dowiedzie\u0107 si\u0119 m.in., jakie \u017ar\u00f3d\u0142a pozwalaj\u0105 dzi\u015b odtworzy\u0107 wygl\u0105d zamku, gdzie dok\u0142adnie znajdowa\u0142a si\u0119 rezydencja i co znajduje si\u0119 w tym miejscu obecnie. Wa\u017cnym tematem b\u0119dzie tak\u017ce historia Grabowa i miejsce Oderburga w krajobrazie dawnego Szczecina oraz w\u015br\u00f3d rezydencji ksi\u0105\u017c\u0105t z dynastii Gryfit\u00f3w.<\/p>\n<p>Debata o Zamku Oderburg odb\u0119dzie si\u0119 9 wrze\u015bnia (\u015broda) o godz. 18.00 w Centrum Solidarno\u015bci Stocznia przy ul. Ofiar Grudnia 1970 r. 19. Organizatorem wydarzenia jest Stowarzyszenie Przysta\u0144.Warto\u015bci.<\/p>\n<p>To spotkanie dla tych, kt\u00f3rzy lubi\u0105 histori\u0119 Szczecina, ale tak\u017ce dla wszystkich, kt\u00f3rych interesuje pytanie, jak za pomoc\u0105 wsp\u00f3\u0142czesnych narz\u0119dzi przywraca\u0107 pami\u0119\u0107 o miejscach, kt\u00f3rych fizycznie ju\u017c nie ma.<\/p>\n<p>Wydarzenie realizowane jest w ramach zadania \u201eSpotkajmy si\u0119! Kultura w dzia\u0142aniu\u201d, dofinansowanego w konkursie dotycz\u0105cym wsparcia gmin z obszaru wojew\u00f3dztwa zachodniopomorskiego w zakresie wdra\u017cania Gminnych Program\u00f3w Rewitalizacji, w ramach projektu \u201eRegionalne Granty na Rewitalizacj\u0119\u201d, realizowanego w projekcie \u201eRegiony Rewitalizacji Edycja 3.0\u201d, wsp\u00f3\u0142finansowanego ze \u015brodk\u00f3w Programu Pomoc Techniczna dla Funduszy Europejskich 2021\u20132027.<\/p>\n","protected":false},"excerpt":{"rendered":"Jak wygl\u0105da\u0142a renesansowa rezydencja ksi\u0105\u017c\u0119ca w Grabowie? Gdzie dok\u0142adnie si\u0119 znajdowa\u0142a i co mo\u017cemy dzi\u015b powiedzie\u0107 o jej&hellip;\n","protected":false},"author":2,"featured_media":667746,"comment_status":"","ping_status":"","sticky":false,"template":"","format":"standard","meta":{"footnotes":"","_share_on_mastodon":"0"},"categories":[51611],"tags":[291,1089,3839,3511,261,3840,42,38,40,907,39,41,123,2307,26,1092],"class_list":["post-667745","post","type-post","status-publish","format-standard","has-post-thumbnail","category-szczecin","tag-historia","tag-imprezy","tag-interwencje","tag-inwestycje","tag-kultura","tag-lokale","tag-pl","tag-poland","tag-polish","tag-polityka","tag-polska","tag-polski","tag-rozrywka","tag-szczecin","tag-wiadomosci","tag-wydarzenia"],"share_on_mastodon":{"url":"https:\/\/pubeurope.com\/@pl\/117214603285501025","error":""},"_links":{"self":[{"href":"https:\/\/www.europesays.com\/pl\/wp-json\/wp\/v2\/posts\/667745","targetHints":{"allow":["GET"]}}],"collection":[{"href":"https:\/\/www.europesays.com\/pl\/wp-json\/wp\/v2\/posts"}],"about":[{"href":"https:\/\/www.europesays.com\/pl\/wp-json\/wp\/v2\/types\/post"}],"author":[{"embeddable":true,"href":"https:\/\/www.europesays.com\/pl\/wp-json\/wp\/v2\/users\/2"}],"replies":[{"embeddable":true,"href":"https:\/\/www.europesays.com\/pl\/wp-json\/wp\/v2\/comments?post=667745"}],"version-history":[{"count":0,"href":"https:\/\/www.europesays.com\/pl\/wp-json\/wp\/v2\/posts\/667745\/revisions"}],"wp:featuredmedia":[{"embeddable":true,"href":"https:\/\/www.europesays.com\/pl\/wp-json\/wp\/v2\/media\/667746"}],"wp:attachment":[{"href":"https:\/\/www.europesays.com\/pl\/wp-json\/wp\/v2\/media?parent=667745"}],"wp:term":[{"taxonomy":"category","embeddable":true,"href":"https:\/\/www.europesays.com\/pl\/wp-json\/wp\/v2\/categories?post=667745"},{"taxonomy":"post_tag","embeddable":true,"href":"https:\/\/www.europesays.com\/pl\/wp-json\/wp\/v2\/tags?post=667745"}],"curies":[{"name":"wp","href":"https:\/\/api.w.org\/{rel}","templated":true}]}}