{"id":667747,"date":"2026-09-04T20:14:12","date_gmt":"2026-09-04T20:14:12","guid":{"rendered":"https:\/\/www.europesays.com\/pl\/667747\/"},"modified":"2026-09-04T20:14:12","modified_gmt":"2026-09-04T20:14:12","slug":"wylaczenia-energii-elektrycznej-w-gdansku-aktualizacja-4-09","status":"publish","type":"post","link":"https:\/\/www.europesays.com\/pl\/667747\/","title":{"rendered":"Wy\u0142\u0105czenia energii elektrycznej w Gda\u0144sku. Aktualizacja 4.09"},"content":{"rendered":"<p><img decoding=\"async\" loading=\"eager\" fetchpriority=\"high\" class=\"atomsArticleGalleryImage__mainImg\" src=\"https:\/\/www.europesays.com\/pl\/wp-content\/uploads\/2026\/09\/1788552852_262_il20251121_950411973_medium.jpg\" alt=\"Wy&#x142;&#x105;czenia pr&#x105;du w Gda&#x144;sku. Gdzie mo&#x17C;e zabrakn&#x105;&#x107; pr&#x105;du 4.09?\" width=\"1920\" height=\"1280\"\/><\/p>\n<p>\n        Wy\u0142\u0105czenia pr\u0105du w Gda\u0144sku. Gdzie mo\u017ce zabrakn\u0105\u0107 pr\u0105du 4.09?<\/p>\n<p>          fot. zhengzaishuru\/iStock\n        <\/p>\n<p>Gdzie mog\u0105 wyst\u0105pi\u0107 wy\u0142\u0105czenia pr\u0105du w Gda\u0144sku 4.09? Sprawd\u017a, czy 4.09 mo\u017ce zabrakn\u0105\u0107 pr\u0105du w twoim mie\u015bcie. Brak pr\u0105du mo\u017ce by\u0107 irytuj\u0105cy, dlatego warto na ten czas znale\u017a\u0107 sobie odpowiednie zaj\u0119cie, kt\u00f3re nie b\u0119dzie wymaga\u0142o korzystania z energii elektrycznej. Przyczyn\u0105 wy\u0142\u0105cze\u0144 pr\u0105du s\u0105 remontu, budowy lub modernizacje sieci. Dobrze jest przygotowa\u0107 si\u0119 na tego typu sytuacje.<\/p>\n","protected":false},"excerpt":{"rendered":"Wy\u0142\u0105czenia pr\u0105du w Gda\u0144sku. Gdzie mo\u017ce zabrakn\u0105\u0107 pr\u0105du 4.09? fot. zhengzaishuru\/iStock Gdzie mog\u0105 wyst\u0105pi\u0107 wy\u0142\u0105czenia pr\u0105du w Gda\u0144sku&hellip;\n","protected":false},"author":2,"featured_media":667748,"comment_status":"","ping_status":"","sticky":false,"template":"","format":"standard","meta":{"footnotes":"","_share_on_mastodon":"0"},"categories":[51610],"tags":[89859,5318,1048,42,38,40,39,41],"class_list":["post-667747","post","type-post","status-publish","format-standard","has-post-thumbnail","category-gdansk","tag-braki-pradu","tag-energia-elektryczna","tag-gdansk","tag-pl","tag-poland","tag-polish","tag-polska","tag-polski"],"share_on_mastodon":{"url":"https:\/\/pubeurope.com\/@pl\/117214607996550753","error":""},"_links":{"self":[{"href":"https:\/\/www.europesays.com\/pl\/wp-json\/wp\/v2\/posts\/667747","targetHints":{"allow":["GET"]}}],"collection":[{"href":"https:\/\/www.europesays.com\/pl\/wp-json\/wp\/v2\/posts"}],"about":[{"href":"https:\/\/www.europesays.com\/pl\/wp-json\/wp\/v2\/types\/post"}],"author":[{"embeddable":true,"href":"https:\/\/www.europesays.com\/pl\/wp-json\/wp\/v2\/users\/2"}],"replies":[{"embeddable":true,"href":"https:\/\/www.europesays.com\/pl\/wp-json\/wp\/v2\/comments?post=667747"}],"version-history":[{"count":0,"href":"https:\/\/www.europesays.com\/pl\/wp-json\/wp\/v2\/posts\/667747\/revisions"}],"wp:featuredmedia":[{"embeddable":true,"href":"https:\/\/www.europesays.com\/pl\/wp-json\/wp\/v2\/media\/667748"}],"wp:attachment":[{"href":"https:\/\/www.europesays.com\/pl\/wp-json\/wp\/v2\/media?parent=667747"}],"wp:term":[{"taxonomy":"category","embeddable":true,"href":"https:\/\/www.europesays.com\/pl\/wp-json\/wp\/v2\/categories?post=667747"},{"taxonomy":"post_tag","embeddable":true,"href":"https:\/\/www.europesays.com\/pl\/wp-json\/wp\/v2\/tags?post=667747"}],"curies":[{"name":"wp","href":"https:\/\/api.w.org\/{rel}","templated":true}]}}