{"id":667769,"date":"2026-09-04T20:26:20","date_gmt":"2026-09-04T20:26:20","guid":{"rendered":"https:\/\/www.europesays.com\/pl\/667769\/"},"modified":"2026-09-04T20:26:20","modified_gmt":"2026-09-04T20:26:20","slug":"cd-projekt-wycisnal-z-gamescomu-co-sie-dalo-sprzedaz-11-letniego-wiedzmina-3-rosnie-puls-biznesu","status":"publish","type":"post","link":"https:\/\/www.europesays.com\/pl\/667769\/","title":{"rendered":"CD Projekt wycisn\u0105\u0142 z Gamescomu co si\u0119 da\u0142o. Sprzeda\u017c 11-letniego Wied\u017amina 3 ro\u015bnie &#8211; Puls Biznesu"},"content":{"rendered":"<p>opublikowano:\u00a02026-09-04 17:30<\/p>\n<p class=\"o-article__lead\">Po targach Gamescom gie\u0142dowy producent gier obserwuje wzrost zainteresowania i sprzeda\u017cy gry, kt\u00f3ra mia\u0142a premier\u0119 w 2015 r.<\/p>\n<p data-block-key=\"uy3kq\">Przeczytaj artyku\u0142 i dowiedz si\u0119:<\/p>\n<p data-block-key=\"asvag\">&#8211; jak udzia\u0142 w targach Gamescom wp\u0142yn\u0105\u0142 na bie\u017c\u0105c\u0105 sprzeda\u017c \u201eWied\u017amina 3\u201d<\/p>\n<p data-block-key=\"5qnkb\">&#8211; ile wynios\u0142y przychody sp\u00f3\u0142ki z uniwersum Wied\u017amina w pierwszym p\u00f3\u0142roczu<\/p>\n<p data-block-key=\"6tbgl\">&#8211; czy data premiery dodatku do \u201eWied\u017amina 3\u201d jest skorelowana z premier\u0105 \u201eWied\u017amin 4\u201d<\/p>\n<p>Pos\u0142uchaj<\/p>\n<p><img decoding=\"async\" class=\"a-image__img\" src=\"https:\/\/www.europesays.com\/pl\/wp-content\/uploads\/2026\/09\/1788553580_942_speaker.png\" loading=\"lazy\" width=\"22\" height=\"22\" alt=\"Speaker icon\"\/><\/p>\n<p>Zosta\u0144 subskrybentem<\/p>\n<p>i s\u0142uchaj tego oraz wielu innych artyku\u0142\u00f3w w pb.pl<\/p>\n","protected":false},"excerpt":{"rendered":"opublikowano:\u00a02026-09-04 17:30 Po targach Gamescom gie\u0142dowy producent gier obserwuje wzrost zainteresowania i sprzeda\u017cy gry, kt\u00f3ra mia\u0142a premier\u0119 w&hellip;\n","protected":false},"author":2,"featured_media":667770,"comment_status":"","ping_status":"","sticky":false,"template":"","format":"standard","meta":{"footnotes":"","_share_on_mastodon":"0"},"categories":[20],"tags":[120,118,119,42,38,40,39,41,116,114,115,121,117],"class_list":["post-667769","post","type-post","status-publish","format-standard","has-post-thumbnail","category-nauka-i-technika","tag-nauka","tag-nauka-i-technika","tag-naukatechnika","tag-pl","tag-poland","tag-polish","tag-polska","tag-polski","tag-science","tag-science-and-technology","tag-sciencetechnology","tag-technika","tag-technology"],"share_on_mastodon":{"url":"https:\/\/pubeurope.com\/@pl\/117214654373058036","error":""},"_links":{"self":[{"href":"https:\/\/www.europesays.com\/pl\/wp-json\/wp\/v2\/posts\/667769","targetHints":{"allow":["GET"]}}],"collection":[{"href":"https:\/\/www.europesays.com\/pl\/wp-json\/wp\/v2\/posts"}],"about":[{"href":"https:\/\/www.europesays.com\/pl\/wp-json\/wp\/v2\/types\/post"}],"author":[{"embeddable":true,"href":"https:\/\/www.europesays.com\/pl\/wp-json\/wp\/v2\/users\/2"}],"replies":[{"embeddable":true,"href":"https:\/\/www.europesays.com\/pl\/wp-json\/wp\/v2\/comments?post=667769"}],"version-history":[{"count":0,"href":"https:\/\/www.europesays.com\/pl\/wp-json\/wp\/v2\/posts\/667769\/revisions"}],"wp:featuredmedia":[{"embeddable":true,"href":"https:\/\/www.europesays.com\/pl\/wp-json\/wp\/v2\/media\/667770"}],"wp:attachment":[{"href":"https:\/\/www.europesays.com\/pl\/wp-json\/wp\/v2\/media?parent=667769"}],"wp:term":[{"taxonomy":"category","embeddable":true,"href":"https:\/\/www.europesays.com\/pl\/wp-json\/wp\/v2\/categories?post=667769"},{"taxonomy":"post_tag","embeddable":true,"href":"https:\/\/www.europesays.com\/pl\/wp-json\/wp\/v2\/tags?post=667769"}],"curies":[{"name":"wp","href":"https:\/\/api.w.org\/{rel}","templated":true}]}}