{"id":667781,"date":"2026-09-04T20:32:18","date_gmt":"2026-09-04T20:32:18","guid":{"rendered":"https:\/\/www.europesays.com\/pl\/667781\/"},"modified":"2026-09-04T20:32:18","modified_gmt":"2026-09-04T20:32:18","slug":"doradczyni-karola-nawrockiego-chce-zmian-w-pit-mowi-o-karze-za-malzenstwo","status":"publish","type":"post","link":"https:\/\/www.europesays.com\/pl\/667781\/","title":{"rendered":"Doradczyni Karola Nawrockiego chce zmian w PIT. M\u00f3wi o karze za &#8222;ma\u0142\u017ce\u0144stwo&#8221;"},"content":{"rendered":"<p>Podczas pi\u0105tkowej konferencji &#8222;Wok\u00f3\u0142 rozwi\u0105za\u0144 podatkowych dla rodzin&#8221; eksperci, ekonomi\u015bci i przedstawiciele organizacji spo\u0142ecznych dyskutowali o sytuacji finansowej rodzin, demografii i potencjalnych zmianach w systemie podatkowym. Punktem wyj\u015bcia by\u0142 prezydencki projekt &#8222;PIT Zero. Rodzina na plus&#8221;, kt\u00f3ry zak\u0142ada PIT-0 dla rodzic\u00f3w wychowuj\u0105cych co najmniej dwoje dzieci.<\/p>\n<p>Dalszy ci\u0105g artyku\u0142u pod materia\u0142em wideoDoradczyni prezydenta Nawrockiego o nowych propozycjach dla rodzin. M\u00f3wi o &#8222;karze za ma\u0142\u017ce\u0144stwo&#8221;<a href=\"https:\/\/www.fakt.pl\/\" title=\"Strona G\u0142\u00f3wna\" aria-label=\"Strona G\u0142\u00f3wna\" data-astro-prefetch=\"tap\" class=\"ods-a-logo-main-desktop\" rel=\"nofollow noopener\" target=\"_blank\"><img src=\"https:\/\/cdn.fakt.pl\/img\/Logo_desktop_Fakt.svg\" class=\"ods-a-logo-main-desktop__image\" alt=\"Logo\" width=\"107\" height=\"86\" fetchpriority=\"high\" decoding=\"sync\" style=\"height:86px\"\/><\/a><\/p>\n<p class=\"ods-m-google-article__text\">Czytaj nas cz\u0119\u015bciej w Google<\/p>\n<p><a href=\"https:\/\/google.com\/preferences\/source?q=fakt.pl\" target=\"_blank\" rel=\"noopener noreferrer nofollow\" aria-label=\"Dodaj w Google\" title=\"Dodaj w Google\" class=\"ods-a-button ods-a-button__primary ods-a-button__default ods-a-button-l\">Dodaj w Google<\/a><\/p>\n<p>G\u0142os zabra\u0142a te\u017c Barbara Socha, przewodnicz\u0105ca Rady Rodziny i Demografii przy Prezydencie RP, kt\u00f3ra m\u00f3wi\u0142a m.in. o dw\u00f3ch mo\u017cliwych kierunkach zmian w podatkach dla rodzin. <\/p>\n<p>Pierwszy zak\u0142ada rozszerzenie wsp\u00f3lnego rozliczania z dzie\u0107mi, z kt\u00f3rego obecnie korzystaj\u0105 samotni rodzice. \u2014 Druga opcja [&#8230;] to mo\u017cliwo\u015b\u0107 wprowadzenia wsp\u00f3lnego rozliczania nie tylko dla samotnych rodzic\u00f3w, ale dla wszystkich rodzic\u00f3w, kt\u00f3rzy wychowuj\u0105 dzieci \u2014 m\u00f3wi\u0142a.<\/p>\n<p>\u2014 Najwa\u017cniejsza zaleta w moim przekonaniu osobi\u015bcie to jest zlikwidowanie tej swoistej kary za ma\u0142\u017ce\u0144stwo, kt\u00f3ra dzisiaj istnieje. To jest problem, z kt\u00f3rym si\u0119 wiele kraj\u00f3w na \u015bwiecie mierzy, \u017ce w\u0142a\u015bnie przywileje czy r\u00f3\u017cne rodzaje ulg, kt\u00f3re maj\u0105 samotni rodzice, w\u0142a\u015bnie skutkuj\u0105 tym zniech\u0119caniem do zawierania ma\u0142\u017ce\u0144stw \u2014 stwierdzi\u0142a. Socha wskaza\u0142a te\u017c na minus takiego rozwi\u0105zania. Relatywnie najwi\u0119cej mog\u0142yby na nim zyska\u0107 osoby o wysokich dochodach.<\/p>\n<p>PIT-0 &#8222;na za\u0142o\u017cenie gniazda&#8221;<\/p>\n<p>Drugi kierunek zmian dotyczy PIT-0. Dzi\u015b ze zwolnienia korzystaj\u0105 m.in. osoby do 26. roku \u017cycia oraz rodzice wychowuj\u0105cy co najmniej czworo dzieci. Socha uwa\u017ca, \u017ce system mo\u017cna by\u0142oby rozszerzy\u0107 tak, aby preferencje podatkowe towarzyszy\u0142y m\u0142odym tak\u017ce wtedy, gdy zak\u0142adaj\u0105 rodzin\u0119.<\/p>\n<p>\u2014 Gdyby rozwin\u0105\u0107 to, co zaproponowa\u0142 pan prezydent, czyli PIT-0 od urodzenia drugiego dziecka, i doda\u0107 do tego trzyletni\u0105 ulg\u0119 dla m\u0142odych ma\u0142\u017ce\u0144stw &#8222;na za\u0142o\u017cenie gniazda&#8221;, a p\u00f3\u017aniej na przyk\u0142ad kolejne trzy lata po urodzeniu pierwszego dziecka, mieliby\u015bmy pewien ci\u0105g. Rodziny, kt\u00f3re si\u0119 rozwijaj\u0105 i kt\u00f3rym rodz\u0105 si\u0119 kolejne dzieci, mog\u0142yby dzi\u0119ki temu d\u0142u\u017cej korzysta\u0107 z tej ulgi \u2014 m\u00f3wi\u0142a.<\/p>\n<p><a href=\"https:\/\/www.fakt.pl\/polityka\/karol-nawrocki-wezwany-do-prokuratury-komorowski-radzi-prezydentowi\/c5e9kr1\" id=\"09cee689-57de-4f0c-bc91-cb3aceb67d58\" rel=\"nofollow noopener\" target=\"_blank\">Komorowski oceni\u0142 wezwanie prezydenta Nawrockiego do prokuratury<\/a><a href=\"https:\/\/www.fakt.pl\/polityka\/wlodzimierz-czarzasty-ostro-o-karolu-nawrockim-padly-slowa-o-urojeniach\/d980lxn\" id=\"4af3208e-3755-4f0b-a64f-15bb3fc1fea5\" rel=\"nofollow noopener\" target=\"_blank\">Czarzasty ostro odpowiedzia\u0142 Nawrockiemu. &#8222;Musi si\u0119 zmierzy\u0107 z urojeniami&#8221;<\/a><a href=\"https:\/\/www.fakt.pl\/polityka\/weto-ws-kryptowalut-podtrzymane-decyzja-prezydenta-karola-nawrockiego-utrzymana\/w0ld6rv\" id=\"68296061-d7f7-446e-82dd-f6db64d38d85\" rel=\"nofollow noopener\" target=\"_blank\">Sejm podj\u0105\u0142 decyzj\u0119 w sprawie weta Nawrockiego<\/a><\/p>\n","protected":false},"excerpt":{"rendered":"Podczas pi\u0105tkowej konferencji &#8222;Wok\u00f3\u0142 rozwi\u0105za\u0144 podatkowych dla rodzin&#8221; eksperci, ekonomi\u015bci i przedstawiciele organizacji spo\u0142ecznych dyskutowali o sytuacji finansowej&hellip;\n","protected":false},"author":2,"featured_media":667782,"comment_status":"","ping_status":"","sticky":false,"template":"","format":"standard","meta":{"footnotes":"","_share_on_mastodon":"0"},"categories":[62712],"tags":[61195,690,43,555,46,129234,504,10910,248,47,111182],"class_list":["post-667781","post","type-post","status-publish","format-standard","has-post-thumbnail","category-karol-nawrocki","tag-bottomfeed_styl","tag-karol-nawrocki","tag-karol_nawrocki","tag-malzenstwo","tag-omp","tag-omp_tst2","tag-pieniadze","tag-pit","tag-podatki","tag-screening_general","tag-topbar_tst1"],"share_on_mastodon":{"url":"https:\/\/pubeurope.com\/@pl\/117214678982827757","error":""},"_links":{"self":[{"href":"https:\/\/www.europesays.com\/pl\/wp-json\/wp\/v2\/posts\/667781","targetHints":{"allow":["GET"]}}],"collection":[{"href":"https:\/\/www.europesays.com\/pl\/wp-json\/wp\/v2\/posts"}],"about":[{"href":"https:\/\/www.europesays.com\/pl\/wp-json\/wp\/v2\/types\/post"}],"author":[{"embeddable":true,"href":"https:\/\/www.europesays.com\/pl\/wp-json\/wp\/v2\/users\/2"}],"replies":[{"embeddable":true,"href":"https:\/\/www.europesays.com\/pl\/wp-json\/wp\/v2\/comments?post=667781"}],"version-history":[{"count":0,"href":"https:\/\/www.europesays.com\/pl\/wp-json\/wp\/v2\/posts\/667781\/revisions"}],"wp:featuredmedia":[{"embeddable":true,"href":"https:\/\/www.europesays.com\/pl\/wp-json\/wp\/v2\/media\/667782"}],"wp:attachment":[{"href":"https:\/\/www.europesays.com\/pl\/wp-json\/wp\/v2\/media?parent=667781"}],"wp:term":[{"taxonomy":"category","embeddable":true,"href":"https:\/\/www.europesays.com\/pl\/wp-json\/wp\/v2\/categories?post=667781"},{"taxonomy":"post_tag","embeddable":true,"href":"https:\/\/www.europesays.com\/pl\/wp-json\/wp\/v2\/tags?post=667781"}],"curies":[{"name":"wp","href":"https:\/\/api.w.org\/{rel}","templated":true}]}}