{"id":667795,"date":"2026-09-04T20:44:13","date_gmt":"2026-09-04T20:44:13","guid":{"rendered":"https:\/\/www.europesays.com\/pl\/667795\/"},"modified":"2026-09-04T20:44:13","modified_gmt":"2026-09-04T20:44:13","slug":"weekend-z-utrudnieniami-w-gdansku-imprezy-biegowe","status":"publish","type":"post","link":"https:\/\/www.europesays.com\/pl\/667795\/","title":{"rendered":"Weekend z utrudnieniami w Gda\u0144sku. Imprezy biegowe"},"content":{"rendered":"<p>\t\t\t\t\t\t\t\tWeekend 5-6 wrze\u015bnia up\u0142ynie w\u00a0Gda\u0144sku pod\u00a0znakiem dw\u00f3ch du\u017cych imprez biegowych, a\u00a0co\u00a0za\u00a0tym idzie \u2013 utrudnie\u0144 w\u00a0ruchu. Co\u00a0si\u0119 zmieni?<\/p>\n<p>5 wrze\u015bnia w\u00a0Gda\u0144sku odb\u0119dzie si\u0119 60. Festiwal Chodu i\u00a0Bieg im.\u00a0Obro\u0144c\u00f3w Poczty Polskiej, a\u00a0ju\u017c dzie\u0144 p\u00f3\u017aniej \u2013 64. Bieg Westerplatte. Wydarzenia wp\u0142yn\u0105 na\u00a0organizacj\u0119 ruchu w\u00a0stolicy wojew\u00f3dztwa.<\/p>\n<p>SOBOTA: 60. FESTIWAL CHODU i\u00a0BIEG IM.\u00a0OBRO\u0143C\u00d3W POCZTY POLSKIEJ<\/p>\n<p>O\u00a0zmianach, kt\u00f3re czekaj\u0105 Gda\u0144szczan 5 wrze\u015bnia, w\u00a0swoich mediach spo\u0142eczno\u015bciowych poinformowa\u0142 Zarz\u0105d Transportu Miejskiego w\u00a0Gda\u0144sku:<\/p>\n<p>Linia 100: funkcjonowanie zostaje zawieszone.<br \/>\nLinie 106, 130, 208 (ok. 14:30 \u2013 16:00): brak mo\u017cliwo\u015bci dojazdu do\u00a0przystanku Muzeum II\u00a0Wojny \u015awiatowej. Przystanek ko\u0144cowy: Plac Solidarno\u015bci 03. Przystanek pocz\u0105tkowy: Plac Solidarno\u015bci 04 (linie 130 i\u00a0208) oraz\u00a0Dworzec G\u0142\u00f3wny 08 (linia 106).<br \/>Prace drogowe na\u00a0ul.\u00a0Sucharskiego<br \/>\nLinia 158 (godz.\u00a05:00 \u2013 18:00): w\u00a0kierunku Wrzeszcza PKP \u2013 autobusy pojad\u0105 objazdem przez\u00a0ul.\u00a0Andruszkiewicza. Obs\u0142uga przystank\u00f3w pozostaje bez\u00a0zmian.<\/p>\n<p>NIEDZIELA: 64. BIEG WESTERPLATTE<\/p>\n<p>Zmiany b\u0119d\u0105 obowi\u0105zywa\u0142y w\u00a0godzinach 8:00 \u2013 12:00. Na\u00a0czas trwania biegu zmienione zostan\u0105 trasy i\u00a0rozk\u0142ady wybranych linii:<\/p>\n<p>Linia 106: wybrane kursy z\u00a0Muzeum II\u00a0W\u015a (9:18, 10:28, 11:48) zostan\u0105 skr\u00f3cone do\u00a0przystanku Grabarczyka 02.<br \/>\nLinia 122: wybrane kursy z\u00a0Sopotu (w\u00a0godz.\u00a06:59-11:39) zostan\u0105 skr\u00f3cone do\u00a0przystanku PCK 01.<br \/>\nLinia 149: kursy z\u00a0przystanku Krynicka (w\u00a0godz.\u00a07:24-10:44) zostan\u0105 skr\u00f3cone do\u00a0przystanku Chrobrego 02.<br \/>\nLinia 158: zawieszenie cz\u0119\u015bci kurs\u00f3w z\u00a0Wrzeszcza PKP w\u00a0kierunku Stog\u00f3w (od\u00a08:22 do\u00a011:52) oraz\u00a0kursu o\u00a011:02 z\u00a0przystanku al.\u00a0P\u0142a\u017cy\u0144skiego 04. Zawieszone zostan\u0105 przystanki Sucharskiego \u2013 PKP 01 oraz\u00a0Ku\u00a0Uj\u015bciu 05.<br \/>\nLinia 606: odwo\u0142any kurs o\u00a0godz.\u00a010:39 z\u00a0Dworca G\u0142\u00f3wnego.<br \/>\nLinia 658: linia rozpocznie kursowanie od\u00a0godz.\u00a012:00 (Polsat Plus Arena Gda\u0144sk 04).<\/p>\n<p style=\"text-align: right;\">SG<\/p>\n","protected":false},"excerpt":{"rendered":"Weekend 5-6 wrze\u015bnia up\u0142ynie w\u00a0Gda\u0144sku pod\u00a0znakiem dw\u00f3ch du\u017cych imprez biegowych, a\u00a0co\u00a0za\u00a0tym idzie \u2013 utrudnie\u0144 w\u00a0ruchu. Co\u00a0si\u0119 zmieni? 5&hellip;\n","protected":false},"author":2,"featured_media":667796,"comment_status":"","ping_status":"","sticky":false,"template":"","format":"standard","meta":{"footnotes":"","_share_on_mastodon":"0"},"categories":[51610],"tags":[1048,42,38,40,39,41],"class_list":["post-667795","post","type-post","status-publish","format-standard","has-post-thumbnail","category-gdansk","tag-gdansk","tag-pl","tag-poland","tag-polish","tag-polska","tag-polski"],"share_on_mastodon":{"url":"https:\/\/pubeurope.com\/@pl\/117214725213707031","error":""},"_links":{"self":[{"href":"https:\/\/www.europesays.com\/pl\/wp-json\/wp\/v2\/posts\/667795","targetHints":{"allow":["GET"]}}],"collection":[{"href":"https:\/\/www.europesays.com\/pl\/wp-json\/wp\/v2\/posts"}],"about":[{"href":"https:\/\/www.europesays.com\/pl\/wp-json\/wp\/v2\/types\/post"}],"author":[{"embeddable":true,"href":"https:\/\/www.europesays.com\/pl\/wp-json\/wp\/v2\/users\/2"}],"replies":[{"embeddable":true,"href":"https:\/\/www.europesays.com\/pl\/wp-json\/wp\/v2\/comments?post=667795"}],"version-history":[{"count":0,"href":"https:\/\/www.europesays.com\/pl\/wp-json\/wp\/v2\/posts\/667795\/revisions"}],"wp:featuredmedia":[{"embeddable":true,"href":"https:\/\/www.europesays.com\/pl\/wp-json\/wp\/v2\/media\/667796"}],"wp:attachment":[{"href":"https:\/\/www.europesays.com\/pl\/wp-json\/wp\/v2\/media?parent=667795"}],"wp:term":[{"taxonomy":"category","embeddable":true,"href":"https:\/\/www.europesays.com\/pl\/wp-json\/wp\/v2\/categories?post=667795"},{"taxonomy":"post_tag","embeddable":true,"href":"https:\/\/www.europesays.com\/pl\/wp-json\/wp\/v2\/tags?post=667795"}],"curies":[{"name":"wp","href":"https:\/\/api.w.org\/{rel}","templated":true}]}}