{"id":667801,"date":"2026-09-04T20:49:46","date_gmt":"2026-09-04T20:49:46","guid":{"rendered":"https:\/\/www.europesays.com\/pl\/667801\/"},"modified":"2026-09-04T20:49:46","modified_gmt":"2026-09-04T20:49:46","slug":"slask-wroclaw-ma-nowego-napastnika-kim-jest-ieltsin-camoes","status":"publish","type":"post","link":"https:\/\/www.europesays.com\/pl\/667801\/","title":{"rendered":"\u015al\u0105sk Wroc\u0142aw ma nowego napastnika! Kim jest Ieltsin Cam\u00f5es?"},"content":{"rendered":"<p>Jeszcze kilka lat temu strzela\u0142 gole na czwartym poziomie rozgrywkowym w Szwecji. P\u00f3\u017aniej krok po kroku wspina\u0142 si\u0119 przez Superettan i norwesk\u0105 Eliteserien, a\u017c zapracowa\u0142 na transfer do jednego z najwi\u0119kszych klub\u00f3w Afryki. Ieltsin Cam\u00f5es ma za sob\u0105 nietypow\u0105 drog\u0119 do powa\u017cnej pi\u0142ki, ale niemal na ka\u017cdym jej etapie potrafi\u0142 potwierdza\u0107 jedno. Wie, gdzie znajduje si\u0119 bramka. Teraz 27-letni napastnik ma zapewni\u0107 \u015al\u0105skowi Wroc\u0142aw jako\u015b\u0107, kt\u00f3rej w ofensywie d\u0142ugo brakowa\u0142o. Co ciekawe, przy Oporowskiej znali go ju\u017c znacznie wcze\u015bniej. Cam\u00f5es zosta\u0142 do \u015al\u0105ska wypo\u017cyczony na rok z opcj\u0105 wykupu. Je\u015bli Wroc\u0142awianie zdecyduj\u0105 si\u0119 na odkupienie zawodnika podpisze on ze \u015al\u0105skiem trzyletni kontrakt.<br \/>\n&#13;<\/p>\n<p>W tym artykule przeczytasz:<\/p>\n<p>                O drodze Ieltsina Cam\u00f5esa do \u015al\u0105ska Wroc\u0142awJak przebiega\u0142 jego rozw\u00f3jJakie s\u0105 najwi\u0119ksze atuty nowego napastnika \u015al\u0105ska<br \/>\n            &#13;<\/p>\n<p>Pe\u0142ne nazwisko nowego napastnika \u015al\u0105ska brzmi Ieltsin Jer\u00f3nimo Semedo Cam\u00f5es. Urodzi\u0142 si\u0119 16 kwietnia 1999 roku w Luandzie, ma 188 centymetr\u00f3w wzrostu, jest prawono\u017cny i posiada obywatelstwa Republiki Zielonego Przyl\u0105dka oraz Portugalii. W 2026 roku doczeka\u0142 si\u0119 r\u00f3wnie\u017c debiutu w reprezentacji Cabo Verde. Zagra\u0142 46 minut w marcowym spotkaniu z Finlandi\u0105.<\/p>\n<p>Pi\u0142karskie wychowanie odebra\u0142 jednak w Portugalii. W m\u0142odym wieku przewin\u0105\u0142 si\u0119 mi\u0119dzy innymi przez akademi\u0119 Sportingu CP, p\u00f3\u017aniej by\u0142 zwi\u0105zany r\u00f3wnie\u017c z Nacionalem oraz Mar\u00edtimo. Do wielkiej pi\u0142ki nie dosta\u0142 si\u0119 jednak najkr\u00f3tsz\u0105 mo\u017cliw\u0105 drog\u0105. Na poziomie seniorskim wyst\u0119powa\u0142 w rezerwach Mar\u00edtimo, Uni\u00e3o Almeirim oraz Alverca B i d\u0142ugo pozostawa\u0142 zawodnikiem znanym przede wszystkim ludziom bardzo uwa\u017cnie obserwuj\u0105cym ni\u017csze portugalskie ligi.<\/p>\n<p>Prze\u0142om przyszed\u0142 dopiero po wyje\u017adzie do Szwecji. Latem 2021 roku Cam\u00f5es trafi\u0142 do Skellefte\u00e5 FF i w\u0142a\u015bnie tam zacz\u0105\u0142 budowa\u0107 nazwisko. W pierwszym sezonie zdoby\u0142 11 bramek w 18 ligowych spotkaniach. Rok p\u00f3\u017aniej by\u0142 ju\u017c zdecydowanie ponad poziom rozgrywek, 26 mecz\u00f3w i 26 goli. \u0141\u0105cznie dla Skellefte\u00e5 strzeli\u0142 37 bramek w 44 ligowych wyst\u0119pach, a klub po latach wspomina\u0142, \u017ce przez dwa sezony z rz\u0119du wybierano go najbardziej warto\u015bciowym zawodnikiem zespo\u0142u.<\/p>\n<p>Nie by\u0142 to jeszcze futbol, kt\u00f3ry mo\u017cna por\u00f3wnywa\u0107 z Ekstraklas\u0105 czy Eliteserien, ale w\u0142a\u015bnie wtedy rozpocz\u0105\u0142 si\u0119 regularny marsz Cam\u00f5esa w g\u00f3r\u0119.<\/p>\n<p>Co rok wy\u017cej i co rok skuteczniej<\/p>\n<p>26 bramek na czwartym poziomie w Szwecji otworzy\u0142o mu drzwi do IK Brage wyst\u0119puj\u0105cego w Superettan. Cam\u00f5es sp\u0119dzi\u0142 tam dwa sezony i w obu nale\u017ca\u0142 do najwa\u017cniejszych pi\u0142karzy zespo\u0142u. W 2023 roku zdoby\u0142 9 bramek w 29 spotkaniach ligowych, rok p\u00f3\u017aniej poprawi\u0142 ten wynik do 13 trafie\u0144 w 27 meczach. \u0141\u0105czny bilans ligowy w Brage zamkn\u0105\u0142 na 22 golach w 56 wyst\u0119pach.<\/p>\n<p>Kiedy podpisywa\u0142 kontrakt ze szwedzkim klubem, m\u00f3wi\u0142, \u017ce chce nie tylko strzela\u0107 goli, lecz tak\u017ce sta\u0107 si\u0119 wa\u017cn\u0105 cz\u0119\u015bci\u0105 dru\u017cyny i przyk\u0142adem zar\u00f3wno na boisku, jak i poza nim. To o tyle charakterystyczne, \u017ce praktycznie ca\u0142a jego seniorska kariera by\u0142a budowana bez wielkiego szumu. Zamiast jednego spektakularnego transferu nast\u0119powa\u0142y po sobie kolejne sportowe awanse.<\/p>\n<p>Nast\u0119pnym przystankiem by\u0142o Troms\u00f8. Norwegowie interesowali si\u0119 nim ju\u017c wcze\u015bniej, ale ostatecznie pozyskali go z Brage w lutym 2025 roku. Podpisa\u0142 trzyletni kontrakt. Wed\u0142ug dost\u0119pnych danych podstawowa kwota transferu wynosi\u0142a oko\u0142o 175 tys. euro i w zale\u017cno\u015bci od bonus\u00f3w mog\u0142a wzrosn\u0105\u0107 nawet do 350 tys. euro.<\/p>\n<p>W Norwegii Cam\u00f5es po raz pierwszy pokaza\u0142, \u017ce gole z ni\u017cszych poziom\u00f3w rozgrywkowych mo\u017cna prze\u0142o\u017cy\u0107 tak\u017ce na zdecydowanie mocniejsz\u0105 lig\u0119.<\/p>\n<p><img loading=\"lazy\" decoding=\"async\" class=\"size-full wp-image-68556\" src=\"https:\/\/www.europesays.com\/pl\/wp-content\/uploads\/2026\/09\/Camoes.jpg\" alt=\"Ieltsin Cam\u00f5es - \u015al\u0105sk\" width=\"450\" height=\"600\"  \/>Fot. Troms\u00f8<br \/>\nRezerwowy, kt\u00f3ry nie potrzebowa\u0142 wielu okazji<\/p>\n<p>Pocz\u0105tek w Troms\u00f8 mia\u0142 do\u015b\u0107 nietypowy. Cam\u00f5es d\u0142ugo nie by\u0142 podstawowym napastnikiem, a mimo to regularnie wykorzystywa\u0142 kr\u00f3tkie pobyty na murawie. Pierwsz\u0105 bramk\u0119 w Eliteserien zdoby\u0142 ju\u017c przy debiucie przeciwko Kristiansund. Kiedy pod koniec czerwca po raz pierwszy znalaz\u0142 si\u0119 w wyj\u015bciowym sk\u0142adzie na mecz ligowy z Fredrikstad, mia\u0142 ju\u017c na koncie cztery trafienia. Co jeszcze bardziej efektowne w meczu z Fredrikstad strzeli\u0142 pi\u0105tego gola, kt\u00f3ry pad\u0142 po zaledwie sz\u00f3stym oddanym przez niego strzale w sezonie.<\/p>\n<p>Z czasem miejsce w jedenastce przesta\u0142o podlega\u0107 dyskusji. Sezon 2025 zako\u0144czy\u0142 z 13 golami i czterema asystami w 25 spotkaniach Eliteserien, b\u0119d\u0105c najlepszym strzelcem Troms\u00f8. Dru\u017cyna zaj\u0119\u0142a trzecie miejsce w lidze i wywalczy\u0142a prawo gry w europejskich pucharach.<\/p>\n<p>Ten okres najmocniej zmieni\u0142 jego status na rynku. Z zawodnika, kt\u00f3ry jeszcze trzy lata wcze\u015bniej biega\u0142 po boiskach szwedzkiej czwartej ligi, sta\u0142 si\u0119 jednym z najskuteczniejszych napastnik\u00f3w Eliteserien.<\/p>\n<p>Al Ahly \u2013 wielki transfer, kt\u00f3ry nie wypali\u0142<\/p>\n<p>Zim\u0105 2026 roku przysz\u0142a propozycja trudna do odrzucenia. Cam\u00f5es zosta\u0142 wypo\u017cyczony do egipskiego Al Ahly, czyli najbardziej utytu\u0142owanego klubu w Afryce. Sam zawodnik \u017cegna\u0142 Troms\u00f8 bardzo emocjonalnie, podkre\u015blaj\u0105c wyj\u0105tkow\u0105 wi\u0119\u017a z kibicami i deklaruj\u0105c, \u017ce klub pozostanie dla niego szczeg\u00f3lnym miejscem. Dyrektor sportowy Norweg\u00f3w Lars Petter Andressen m\u00f3wi\u0142 natomiast o \u201efantastycznym rozwoju\u201d napastnika. Przyznawa\u0142 te\u017c, \u017ce sam Cam\u00f5es bardzo chcia\u0142 wykorzysta\u0107 mo\u017cliwo\u015b\u0107 przeprowadzki do Kairu.<\/p>\n<p>Sportowo egipski epizod nie by\u0142 jednak r\u00f3wnie udany. Cam\u00f5es wyst\u0105pi\u0142 w czterech spotkaniach ligowych i trzech meczach afryka\u0144skiej Ligi Mistrz\u00f3w, ale nie zdoby\u0142 bramki. Po zako\u0144czeniu wypo\u017cyczenia wr\u00f3ci\u0142 do Troms\u00f8.<\/p>\n<p>Norwegowie ponownie zacz\u0119li z niego korzysta\u0107, cho\u0107 ju\u017c przede wszystkim jako zmiennika. W czterech ligowych wyst\u0119pach w 2026 roku sp\u0119dzi\u0142 na boisku zaledwie 78 minut, a mimo tego zd\u0105\u017cy\u0142 zdoby\u0107 dwie bramki. Do\u0142o\u017cy\u0142 r\u00f3wnie\u017c wyst\u0119py w eliminacjach europejskich puchar\u00f3w, w tym w dwumeczu z Brighton.<\/p>\n<p><img loading=\"lazy\" decoding=\"async\" class=\"size-full wp-image-68557\" src=\"https:\/\/www.europesays.com\/pl\/wp-content\/uploads\/2026\/09\/Camoes-Al-Ahly.jpeg\" alt=\"Ieltsin Cam\u00f5es - \u015al\u0105sk\" width=\"1638\" height=\"2048\"  \/>Fot. Al Ahly<br \/>\n\u015al\u0105sk zna go od dawna<\/p>\n<p>Transfer do Wroc\u0142awia nie jest efektem znalezienia zawodnika kilka tygodni temu w jednej z baz danych. Cam\u00f5es znajdowa\u0142 si\u0119 na radarze \u015al\u0105ska znacznie wcze\u015bniej.<\/p>\n<p>Z moich informacji wynika, \u017ce wroc\u0142awianie rozpatrywali ten transfer ju\u017c w styczniu 2025 roku. Ostatecznie klub zdecydowa\u0142 si\u0119 w\u00f3wczas na Assada Al Hamlawiego, ale nazwisko Cam\u00f5esa nie zosta\u0142o wykre\u015blone z notes\u00f3w. Przeciwnie, jego dalszy rozw\u00f3j by\u0142 obserwowany, a okres w Troms\u00f8 jedynie potwierdzi\u0142, \u017ce wcze\u015bniej dostrze\u017cony potencja\u0142 rzeczywi\u015bcie da si\u0119 prze\u0142o\u017cy\u0107 na wy\u017cszy poziom.<\/p>\n<p>To istotne r\u00f3wnie\u017c z innego powodu. \u015al\u0105sk nie sprowadza zawodnika wy\u0142\u0105cznie na podstawie liczb. Cam\u00f5es by\u0142 analizowany pod wzgl\u0119dem tego, jak porusza si\u0119 bez pi\u0142ki, w jaki spos\u00f3b mo\u017ce funkcjonowa\u0107 w ataku pozycyjnym. Weryfikowano r\u00f3wnie\u017c jak zachowuje si\u0119 po zej\u015bciu mi\u0119dzy linie i czy potrafi uczestniczy\u0107 w rozegraniu, zamiast czeka\u0107 wy\u0142\u0105cznie w polu karnym.<\/p>\n<p>188 centymetr\u00f3w, ale to nie klasyczny \u201ewie\u017cowiec\u201d<\/p>\n<p>Na pierwszy rzut oka warunki fizyczne mog\u0105 sugerowa\u0107 klasycznego \u015brodkowego napastnika. 188 centymetr\u00f3w wzrostu, dobre warunki do gry ty\u0142em do bramki i mo\u017cliwo\u015b\u0107 wykorzystania d\u0142ugiego podania. Wszystko si\u0119 zgadza. Tyle \u017ce w\u0142a\u015bnie w ten spos\u00f3b naj\u0142atwiej stworzy\u0107 sobie b\u0142\u0119dny obraz nowego zawodnika \u015al\u0105ska.<\/p>\n<p>Cam\u00f5es zdecydowanie lepiej czuje si\u0119, kiedy mo\u017ce by\u0107 w ruchu. Potrafi zej\u015b\u0107 do pi\u0142ki, pokaza\u0107 si\u0119 mi\u0119dzy liniami, przenie\u015b\u0107 akcj\u0119 do bocznego sektora albo ruszy\u0107 w przestrze\u0144 za obron\u0105. Jest mobilny jak na zawodnika o takich warunkach fizycznych, a dzi\u0119ki dobrej koordynacji potrafi szybko obr\u00f3ci\u0107 si\u0119 z pi\u0142k\u0105 i ruszy\u0107 z ni\u0105 w kierunku bramki.<\/p>\n<p>Nie jest wi\u0119c typow\u0105 \u201edziewi\u0105tk\u0105\u201d, kt\u00f3rej zadaniem b\u0119dzie przez dziewi\u0119\u0107dziesi\u0105t minut przepychanie si\u0119 ze stoperami. Mo\u017ce gra\u0107 w ten spos\u00f3b, szczeg\u00f3lnie gdy zesp\u00f3\u0142 b\u0119dzie zmuszony wyj\u015b\u0107 spod pressingu d\u0142u\u017cszym podaniem. Jednak jego najwi\u0119ksza warto\u015b\u0107 pojawia si\u0119 w\u00f3wczas, gdy \u015al\u0105sk zdo\u0142a dostarczy\u0107 mu pi\u0142k\u0119 przed bramk\u0119 albo stworzy\u0107 mo\u017cliwo\u015b\u0107 atakowania przestrzeni.<\/p>\n<p>Cam\u00f5es mo\u017ce r\u00f3wnie\u017c zej\u015b\u0107 ni\u017cej i uczestniczy\u0107 w kombinacjach, dzi\u0119ki czemu nie ogranicza si\u0119 do roli zawodnika finalizuj\u0105cego akcje. W przesz\u0142o\u015bci wyst\u0119powa\u0142 nie tylko jako \u015brodkowy napastnik, lecz r\u00f3wnie\u017c jako cofni\u0119ta \u201edziewi\u0105tka\u201d lub zawodnik ustawiony szerzej.<\/p>\n<p>Najwi\u0119kszy atut? Wyko\u0144czenie<\/p>\n<p>Je\u017celi jednak trzeba wskaza\u0107 jeden element, dla kt\u00f3rego \u015al\u0105sk zdecydowa\u0142 si\u0119 wr\u00f3ci\u0107 do tego nazwiska, b\u0119dzie nim finalizacja.<\/p>\n<p>Cam\u00f5es potrafi ko\u0144czy\u0107 akcje praw\u0105 i lew\u0105 nog\u0105, a przy swoich warunkach fizycznych pozostaje r\u00f3wnie\u017c zagro\u017ceniem w powietrzu. Nie potrzebuje wielu kontakt\u00f3w z pi\u0142k\u0105 w polu karnym. Nie ma te\u017c tendencji do komplikowania sytuacji, kiedy pojawia si\u0119 mo\u017cliwo\u015b\u0107 oddania strza\u0142u. Historia jego pierwszych miesi\u0119cy w Troms\u00f8 doskonale to potwierdza. Pi\u0119\u0107 goli przy sze\u015bciu strza\u0142ach by\u0142o oczywi\u015bcie wynikiem niemo\u017cliwym do utrzymania na d\u0142u\u017csz\u0105 met\u0119, ale dobrze pokazuj\u0105cym jako\u015b\u0107, z jak\u0105 wszed\u0142 do Eliteserien.<\/p>\n<p>Co wa\u017cne, nie jest wy\u0142\u0105cznie napastnikiem czekaj\u0105cym na podanie pi\u0119\u0107 metr\u00f3w od bramki. Potrafi prowadzi\u0107 pi\u0142k\u0119, wygra\u0107 pojedynek jeden na jednego i stworzy\u0107 przewag\u0119 w ograniczonej przestrzeni. Dzi\u0119ki temu mo\u017ce by\u0107 przydatny tak\u017ce przeciwko rywalom broni\u0105cym nisko, kiedy samo atakowanie pola karnego przestaje wystarcza\u0107.<\/p>\n<p>S\u0105 r\u00f3wnie\u017c elementy, w kt\u00f3rych oczekiwania trzeba tonowa\u0107. Cam\u00f5es nie jest napastnikiem zbudowanym przede wszystkim na agresywnym pressingu i ci\u0105g\u0142ym polowaniu na odbi\u00f3r. W defensywie zachowuje odpowiedni\u0105 organizacj\u0119 i potrafi realizowa\u0107 zadania zespo\u0142owe, ale trudno oczekiwa\u0107, \u017ce w\u0142a\u015bnie pressing stanie si\u0119 jego znakiem rozpoznawczym.<\/p>\n<p>\u015al\u0105sk bierze napastnika, kt\u00f3ry wci\u0105\u017c jest w ruchu<\/p>\n<p>Kariera Cam\u00f5esa mo\u017ce si\u0119 podoba\u0107 w\u0142a\u015bnie dlatego, \u017ce niemal nic nie dosta\u0142 w niej za darmo. Nie zosta\u0142 gwiazd\u0105 akademii Sportingu. Nie trafi\u0142 w wieku 19 lat za miliony euro do jednej z najlepszych europejskich lig. Z Portugalii wyjecha\u0142 na szwedzk\u0105 prowincj\u0119, tam zacz\u0105\u0142 od czwartego poziomu. P\u00f3\u017aniej przeszed\u0142 do Superettan, nast\u0119pnie do Norwegii. W ko\u0144cu zapracowa\u0142 na zainteresowanie Al Ahly i reprezentacji Cabo Verde.<\/p>\n<p>Ka\u017cdy kolejny krok oznacza\u0142 podniesienie poziomu i niemal za ka\u017cdym razem Cam\u00f5es potrafi\u0142 si\u0119 do niego dostosowa\u0107.<\/p>\n<p>\u015al\u0105sk nie pozyskuje te\u017c klasycznej dziewi\u0105tki, kt\u00f3ra b\u0119dzie \u017cy\u0142a wy\u0142\u0105cznie z do\u015brodkowa\u0144. Dostaje napastnika ruchliwego, dobrze czuj\u0105cego przestrze\u0144, potrafi\u0105cego po\u0142\u0105czy\u0107 gr\u0119 i przede wszystkim dysponuj\u0105cego umiej\u0119tno\u015bci\u0105, kt\u00f3rej nie da si\u0119 nauczy\u0107 ka\u017cdego. Regularnym znajdowaniem drogi do bramki.<\/p>\n<p>Pozostaje pytanie, czy zrobi to r\u00f3wnie\u017c we Wroc\u0142awiu. Jego historia podpowiada jednak, \u017ce kiedy Cam\u00f5es dostawa\u0142 szans\u0119 na kolejnym poziomie, zazwyczaj potrzebowa\u0142 niewiele czasu, \u017ceby udowodni\u0107, \u017ce na ni\u0105 zas\u0142uguje.<\/p>\n","protected":false},"excerpt":{"rendered":"Jeszcze kilka lat temu strzela\u0142 gole na czwartym poziomie rozgrywkowym w Szwecji. P\u00f3\u017aniej krok po kroku wspina\u0142 si\u0119&hellip;\n","protected":false},"author":2,"featured_media":667802,"comment_status":"","ping_status":"","sticky":false,"template":"","format":"standard","meta":{"footnotes":"","_share_on_mastodon":"0"},"categories":[51607],"tags":[274,129620,42,38,40,39,41,27683,697,110960,2817,1853],"class_list":["post-667801","post","type-post","status-publish","format-standard","has-post-thumbnail","category-wroclaw","tag-ekstraklasa","tag-ieltsin-camoes","tag-pl","tag-poland","tag-polish","tag-polska","tag-polski","tag-skauting","tag-slask-wroclaw","tag-slaskekstraklasa","tag-transfery","tag-wroclaw"],"share_on_mastodon":{"url":"https:\/\/pubeurope.com\/@pl\/117214745728142211","error":""},"_links":{"self":[{"href":"https:\/\/www.europesays.com\/pl\/wp-json\/wp\/v2\/posts\/667801","targetHints":{"allow":["GET"]}}],"collection":[{"href":"https:\/\/www.europesays.com\/pl\/wp-json\/wp\/v2\/posts"}],"about":[{"href":"https:\/\/www.europesays.com\/pl\/wp-json\/wp\/v2\/types\/post"}],"author":[{"embeddable":true,"href":"https:\/\/www.europesays.com\/pl\/wp-json\/wp\/v2\/users\/2"}],"replies":[{"embeddable":true,"href":"https:\/\/www.europesays.com\/pl\/wp-json\/wp\/v2\/comments?post=667801"}],"version-history":[{"count":0,"href":"https:\/\/www.europesays.com\/pl\/wp-json\/wp\/v2\/posts\/667801\/revisions"}],"wp:featuredmedia":[{"embeddable":true,"href":"https:\/\/www.europesays.com\/pl\/wp-json\/wp\/v2\/media\/667802"}],"wp:attachment":[{"href":"https:\/\/www.europesays.com\/pl\/wp-json\/wp\/v2\/media?parent=667801"}],"wp:term":[{"taxonomy":"category","embeddable":true,"href":"https:\/\/www.europesays.com\/pl\/wp-json\/wp\/v2\/categories?post=667801"},{"taxonomy":"post_tag","embeddable":true,"href":"https:\/\/www.europesays.com\/pl\/wp-json\/wp\/v2\/tags?post=667801"}],"curies":[{"name":"wp","href":"https:\/\/api.w.org\/{rel}","templated":true}]}}