{"id":667809,"date":"2026-09-04T20:54:22","date_gmt":"2026-09-04T20:54:22","guid":{"rendered":"https:\/\/www.europesays.com\/pl\/667809\/"},"modified":"2026-09-04T20:54:22","modified_gmt":"2026-09-04T20:54:22","slug":"wichura-nadciaga-nad-wschodnia-wielkopolske-imgw-ostrzega-mieszkancow-regionu","status":"publish","type":"post","link":"https:\/\/www.europesays.com\/pl\/667809\/","title":{"rendered":"Wichura nadci\u0105ga nad Wschodni\u0105 Wielkopolsk\u0119. IMGW ostrzega mieszka\u0144c\u00f3w regionu"},"content":{"rendered":"<p>Mieszka\u0144cy Konina i ca\u0142ej wschodniej Wielkopolski powinni przygotowa\u0107 si\u0119 na trudne warunki pogodowe. Instytut Meteorologii i Gospodarki Wodnej wyda\u0142 ostrze\u017cenie pierwszego stopnia przed silnym wiatrem dla ca\u0142ego wojew\u00f3dztwa wielkopolskiego. Synoptycy prognozuj\u0105 porywy dochodz\u0105ce nawet do 85 km\/h, a miejscami mo\u017cliwe s\u0105 r\u00f3wnie\u017c burze.<\/p>\n<p>Najgro\u017aniejsza sytuacja spodziewana jest w pi\u0105tkowe popo\u0142udnie i wiecz\u00f3r. Silniejszy wiatr ma pojawi\u0107 si\u0119 oko\u0142o godziny 16.00, a alerty b\u0119d\u0105 obowi\u0105zywa\u0107 do p\u00f3\u017anych godzin nocnych. Zagro\u017cenie dotyczy m.in. Konina oraz powiat\u00f3w koni\u0144skiego, tureckiego, s\u0142upeckiego i kolskiego. Meteorolodzy ostrzegaj\u0105, \u017ce gwa\u0142towne porywy mog\u0105 \u0142ama\u0107 ga\u0142\u0119zie, uszkadza\u0107 linie energetyczne oraz utrudnia\u0107 ruch drogowy. Kierowcy powinni zachowa\u0107 szczeg\u00f3ln\u0105 ostro\u017cno\u015b\u0107, zw\u0142aszcza na otwartych odcinkach dr\u00f3g i podczas wyprzedzania pojazd\u00f3w ci\u0119\u017carowych.<\/p>\n<p>Cho\u0107 najwi\u0119ksze opady deszczu prognozowane s\u0105 na p\u00f3\u0142nocy kraju, r\u00f3wnie\u017c we Wschodniej Wielkopolsce mieszka\u0144cy musz\u0105 liczy\u0107 si\u0119 z przelotnym deszczem i lokalnymi burzami. Niestety, poprawa pogody nie nadejdzie szybko. Tak\u017ce sobota zapowiada si\u0119 pochmurnie i wietrznie. Wed\u0142ug prognoz IMGW porywy wiatru mog\u0105 ponownie osi\u0105ga\u0107 od 70 do 80 km\/h, a miejscami wyst\u0105pi\u0105 intensywniejsze opady deszczu.<\/p>\n<p>S\u0142u\u017cby apeluj\u0105 o zabezpieczenie przedmiot\u00f3w pozostawionych na balkonach i posesjach oraz o unikanie parkowania samochod\u00f3w pod drzewami. Warto r\u00f3wnie\u017c \u015bledzi\u0107 bie\u017c\u0105ce komunikaty pogodowe i ostrze\u017cenia wydawane przez IMGW.<\/p>\n","protected":false},"excerpt":{"rendered":"Mieszka\u0144cy Konina i ca\u0142ej wschodniej Wielkopolski powinni przygotowa\u0107 si\u0119 na trudne warunki pogodowe. Instytut Meteorologii i Gospodarki Wodnej&hellip;\n","protected":false},"author":2,"featured_media":667810,"comment_status":"","ping_status":"","sticky":false,"template":"","format":"standard","meta":{"footnotes":"","_share_on_mastodon":"0"},"categories":[51605],"tags":[210,33722,31141,19633,42,38,40,39,41,33721,33720,435,26],"class_list":["post-667809","post","type-post","status-publish","format-standard","has-post-thumbnail","category-warszawa","tag-aktualnosci","tag-klodawa","tag-kolo","tag-konin","tag-pl","tag-poland","tag-polish","tag-polska","tag-polski","tag-slupca","tag-turek","tag-warszawa","tag-wiadomosci"],"share_on_mastodon":{"url":"https:\/\/pubeurope.com\/@pl\/117214764453280995","error":""},"_links":{"self":[{"href":"https:\/\/www.europesays.com\/pl\/wp-json\/wp\/v2\/posts\/667809","targetHints":{"allow":["GET"]}}],"collection":[{"href":"https:\/\/www.europesays.com\/pl\/wp-json\/wp\/v2\/posts"}],"about":[{"href":"https:\/\/www.europesays.com\/pl\/wp-json\/wp\/v2\/types\/post"}],"author":[{"embeddable":true,"href":"https:\/\/www.europesays.com\/pl\/wp-json\/wp\/v2\/users\/2"}],"replies":[{"embeddable":true,"href":"https:\/\/www.europesays.com\/pl\/wp-json\/wp\/v2\/comments?post=667809"}],"version-history":[{"count":0,"href":"https:\/\/www.europesays.com\/pl\/wp-json\/wp\/v2\/posts\/667809\/revisions"}],"wp:featuredmedia":[{"embeddable":true,"href":"https:\/\/www.europesays.com\/pl\/wp-json\/wp\/v2\/media\/667810"}],"wp:attachment":[{"href":"https:\/\/www.europesays.com\/pl\/wp-json\/wp\/v2\/media?parent=667809"}],"wp:term":[{"taxonomy":"category","embeddable":true,"href":"https:\/\/www.europesays.com\/pl\/wp-json\/wp\/v2\/categories?post=667809"},{"taxonomy":"post_tag","embeddable":true,"href":"https:\/\/www.europesays.com\/pl\/wp-json\/wp\/v2\/tags?post=667809"}],"curies":[{"name":"wp","href":"https:\/\/api.w.org\/{rel}","templated":true}]}}