{"id":667815,"date":"2026-09-04T20:57:18","date_gmt":"2026-09-04T20:57:18","guid":{"rendered":"https:\/\/www.europesays.com\/pl\/667815\/"},"modified":"2026-09-04T20:57:18","modified_gmt":"2026-09-04T20:57:18","slug":"ksiaze-harry-i-meghan-markle-po-netflixie-podpisali-nowy-kontrakt-film-to-klapa","status":"publish","type":"post","link":"https:\/\/www.europesays.com\/pl\/667815\/","title":{"rendered":"Ksi\u0105\u017c\u0119 Harry i Meghan Markle po Netflixie. Podpisali nowy kontrakt, film to klapa"},"content":{"rendered":"<p><a href=\"https:\/\/plejada.pl\/temat\/rodziny-krolewskie-rody-royalsi\/rgknq1p\" target=\"_blank\" class=\"ods-c-linked-image\" rel=\"nofollow noopener\"><img src=\"https:\/\/www.europesays.com\/pl\/wp-content\/uploads\/2026\/09\/1788555434_961_203k9lBaHR0cHM6Ly9vY2RuLmV1L3B1bHNjbXMvTURBXy9mMTRkOTIyMDcwYjFjMGI2YzQyMTNkNDYwYWYwNTg3Ni5qcGeRlQLNB.jpeg\" height=\"50\" width=\"400\" alt=\"royalsi plejada\" fetchpriority=\"auto\" loading=\"lazy\" decoding=\"async\" class=\"ods-c-image__img ods-c-linked-image__image\"\/><\/a><a href=\"https:\/\/plejada.pl\/temat\/ksiaze-harry-henryk-ksiaze-sussexu\/4z43csc\" id=\"0e150c37-306e-433c-aab4-cdfd7b4dc39d\" rel=\"nofollow noopener\" target=\"_blank\">Harry<\/a> i Meghan, po zako\u0144czeniu wartego 376 mln z\u0142 kontraktu z Netflixem, postanowili zwi\u0105za\u0107 si\u0119 z platform\u0105 Paramount+. Nowa produkcja pary, dokument &#8222;Cookie Queens&#8221;, ma by\u0107 dost\u0119pna w\u0142a\u015bnie na tej platformie. Wed\u0142ug doniesie\u0144, mimo s\u0142abego przyj\u0119cia filmu w ameryka\u0144skich kinach, ksi\u0105\u017c\u0119ca para podpisa\u0142a porozumienie z dyrektorem generalnym Paramount+, Brianem Robbinsem.Wed\u0142ug informacji &#8222;Cookie Queens&#8221; opowiada o m\u0142odych harcerkach rywalizuj\u0105cych o miano najlepszej sprzedawczyni ciastek. W weekend premiery film nie zdo\u0142a\u0142 przebi\u0107 popularno\u015bci kompilacji filmik\u00f3w o kotach, co mia\u0142o by\u0107 dla Harry\u2019ego i <a href=\"https:\/\/plejada.pl\/temat\/ksiezna-meghan-ksiezna-sussex-meghan-markle\/52km2qm\" id=\"bf67c2a8-4229-4627-ba5e-1810ea47d49a\" rel=\"nofollow noopener\" target=\"_blank\">Meghan<\/a> powodem do niezadowolenia. Pomimo tego, para zdecydowa\u0142a si\u0119 na dalsz\u0105 wsp\u00f3\u0142prac\u0119 z Paramount+, licz\u0105c na lepszy odbi\u00f3r nowych produkcji.<a href=\"https:\/\/www.onet.pl\/\" title=\"Strona G\u0142\u00f3wna\" aria-label=\"Strona G\u0142\u00f3wna\" data-astro-prefetch=\"tap\" class=\"ods-a-logo-main-desktop\" rel=\"nofollow noopener\" target=\"_blank\"><img src=\"https:\/\/cdn.plejada.pl\/img\/Logo_desktop_Onet.svg\" class=\"ods-a-logo-main-desktop__image\" alt=\"Logo\" width=\"107\" height=\"60\" fetchpriority=\"high\" decoding=\"sync\" style=\"height:60px\"\/><\/a><\/p>\n<p class=\"ods-m-google-article__text\">Czytaj nas cz\u0119\u015bciej w Google<\/p>\n<p><a href=\"https:\/\/google.com\/preferences\/source?q=plejada.pl\" target=\"_blank\" rel=\"noopener noreferrer nofollow\" aria-label=\"Dodaj w Google\" title=\"Dodaj w Google\" class=\"ods-a-button ods-a-button__primary ods-a-button__default ods-a-button-l\">Dodaj w Google<\/a>Dalszy ci\u0105g artyku\u0142u pod materia\u0142em wideoZmiany po rozstaniu z Netflixem<\/p>\n<p>Relacje Harry\u2019ego i Meghan z Brianem Robbinsem si\u0119gaj\u0105 2024 r., kiedy to pojawili si\u0119 razem na premierze filmu o Bobie Marleyu na Jamajce. Daily Mail informuje, \u017ce to w\u0142a\u015bnie te kontakty mia\u0142y wp\u0142yw na podpisanie nowej umowy.<\/p>\n<p><img class=\"ods-a-photo ods-a-photo--background\" src=\"https:\/\/www.europesays.com\/pl\/wp-content\/uploads\/2026\/09\/nd0k9lBaHR0cHM6Ly9vY2RuLmV1L3B1bHNjbXMvTURBXy9hYzU1Mzc4Yzc1MmE0NzE3NWMxYWQyYmM3NTk2YzAxYy5qcGeRlQLNA.jpeg\" height=\"300\" width=\"450\" alt=\"Ksi\u0105\u017c\u0119 Harry\" loading=\"lazy\" fetchpriority=\"low\" decoding=\"async\"\/><\/p>\n<p>Wielka, pi\u0119cioletnia umowa Sussex\u00f3w z Netflixem, podpisana po ich odej\u015bciu z rodziny kr\u00f3lewskiej, zako\u0144czy\u0142a si\u0119 w 2025 r. i zosta\u0142a zast\u0105piona wieloletnim kontraktem typu first look. Produkcje Archewell Productions, firmy nale\u017c\u0105cej do Harry\u2019ego i Meghan, nie spe\u0142ni\u0142y oczekiwa\u0144 platformy. W\u015br\u00f3d nich znalaz\u0142y si\u0119 dokumenty o polo i kulisy Invictus Games, kt\u00f3re nie zdoby\u0142y du\u017cej popularno\u015bci.<\/p>\n<p><img class=\"ods-a-photo ods-a-photo--background\" src=\"https:\/\/www.europesays.com\/pl\/wp-content\/uploads\/2026\/09\/1788555438_650__Vfk9lBaHR0cHM6Ly9vY2RuLmV1L3B1bHNjbXMvTURBXy8wZjk1YTE5MDk5OTRhMzMzM2NjMWE2MWNlMzQxMjJkZi5qcGeRkwXNB.jpeg\" height=\"603\" width=\"940\" alt=\"Meghan Markle i ksi\u0105\u017c\u0119 Harry\" loading=\"lazy\" fetchpriority=\"auto\" decoding=\"auto\" url=\"https:\/\/ocdn.eu\/pulscms\/MDA_\/0f95a1909994a3333cc1a61ce34122df.jpg\" description=\"Meghan Markle i ksi\u0105\u017c\u0119 Harry\" author=\"Lorna Roberts \/ Shutterstock\" source=\"\" link=\"\"\/><\/p>\n<p>Lorna Roberts \/ Shutterstock<\/p>\n<p>Meghan Markle i ksi\u0105\u017c\u0119 Harry<\/p>\n<p>Dzi\u0119kujemy, \u017ce przeczyta\u0142a\u015b\/e\u015b nasz artyku\u0142 do ko\u0144ca. W serwisie Plejada.pl ka\u017cdego dnia piszemy o najwa\u017cniejszych wydarzeniach show-biznesowych. B\u0105d\u017a na bie\u017c\u0105co!<a rel=\"nofollow noopener\" href=\"https:\/\/profile.google.com\/cp\/Cg0vZy8xMWJ6X19wdHBx\" id=\"b1d02d34-719d-4641-8f3e-65c1709cd7a2\" target=\"_blank\"> Obserwuj<\/a> Plejad\u0119 w Google. Odwied\u017a nas tak\u017ce na<a rel=\"nofollow noopener\" href=\"https:\/\/www.facebook.com\/plejadapl\" id=\"371d714f-e23f-4492-8dfd-7a67b5825a3f\" target=\"_blank\"> Facebooku<\/a>,<a rel=\"nofollow noopener\" href=\"https:\/\/www.instagram.com\/plejadapl\/\" id=\"45a3094c-9cf1-49e6-846f-a59b92aceea1\" target=\"_blank\"> Instagramie<\/a>,<a rel=\"nofollow noopener\" href=\"https:\/\/www.youtube.com\/c\/plejada\" id=\"71663080-2641-40a2-b7b0-e46f00d3ab89\" target=\"_blank\"> YouTubie<\/a> oraz<a rel=\"nofollow noopener\" href=\"https:\/\/www.tiktok.com\/@plejada_pl\" id=\"aefcd34b-e35f-456f-9886-6c26e7d88757\" target=\"_blank\"> TikToku<\/a>.Chcesz podzieli\u0107 si\u0119 ciekawym newsem lub zaproponowa\u0107 temat? Skontaktuj si\u0119 z nami, pisz\u0105c maila na adres: <a rel=\"nofollow noopener\" href=\"https:\/\/plejada.pl\/newsy\/ksiaze-harry-i-meghan-markle-po-netflixie-podpisali-nowy-kontrakt-film-to-klapa\/mailto:plejada@redakcjaonet.pl\" id=\"90fd1e84-c27a-4955-b772-fc6d9f3fe6b1\" target=\"_blank\">plejada@redakcjaonet.pl<\/a>.<script async src=\"\/\/www.instagram.com\/embed.js\"><\/script><script async src=\"\/\/www.tiktok.com\/embed.js\"><\/script><\/p>\n","protected":false},"excerpt":{"rendered":"Harry i Meghan, po zako\u0144czeniu wartego 376 mln z\u0142 kontraktu z Netflixem, postanowili zwi\u0105za\u0107 si\u0119 z platform\u0105 Paramount+.&hellip;\n","protected":false},"author":2,"featured_media":667816,"comment_status":"","ping_status":"","sticky":false,"template":"","format":"standard","meta":{"footnotes":"","_share_on_mastodon":"0"},"categories":[22],"tags":[61195,122,3276,3277,48,125,46,42,38,40,39,41,44330,123,47,79],"class_list":["post-667815","post","type-post","status-publish","format-standard","has-post-thumbnail","category-rozrywka","tag-bottomfeed_styl","tag-entertainment","tag-ksiaze_harry","tag-ksiezna_meghan","tag-nat_styl","tag-newsy","tag-omp","tag-pl","tag-poland","tag-polish","tag-polska","tag-polski","tag-rodziny_rody_krolewskie","tag-rozrywka","tag-screening_general","tag-wielka_brytania"],"share_on_mastodon":{"url":"https:\/\/pubeurope.com\/@pl\/117214776509561712","error":""},"_links":{"self":[{"href":"https:\/\/www.europesays.com\/pl\/wp-json\/wp\/v2\/posts\/667815","targetHints":{"allow":["GET"]}}],"collection":[{"href":"https:\/\/www.europesays.com\/pl\/wp-json\/wp\/v2\/posts"}],"about":[{"href":"https:\/\/www.europesays.com\/pl\/wp-json\/wp\/v2\/types\/post"}],"author":[{"embeddable":true,"href":"https:\/\/www.europesays.com\/pl\/wp-json\/wp\/v2\/users\/2"}],"replies":[{"embeddable":true,"href":"https:\/\/www.europesays.com\/pl\/wp-json\/wp\/v2\/comments?post=667815"}],"version-history":[{"count":0,"href":"https:\/\/www.europesays.com\/pl\/wp-json\/wp\/v2\/posts\/667815\/revisions"}],"wp:featuredmedia":[{"embeddable":true,"href":"https:\/\/www.europesays.com\/pl\/wp-json\/wp\/v2\/media\/667816"}],"wp:attachment":[{"href":"https:\/\/www.europesays.com\/pl\/wp-json\/wp\/v2\/media?parent=667815"}],"wp:term":[{"taxonomy":"category","embeddable":true,"href":"https:\/\/www.europesays.com\/pl\/wp-json\/wp\/v2\/categories?post=667815"},{"taxonomy":"post_tag","embeddable":true,"href":"https:\/\/www.europesays.com\/pl\/wp-json\/wp\/v2\/tags?post=667815"}],"curies":[{"name":"wp","href":"https:\/\/api.w.org\/{rel}","templated":true}]}}