{"id":667827,"date":"2026-09-04T21:03:13","date_gmt":"2026-09-04T21:03:13","guid":{"rendered":"https:\/\/www.europesays.com\/pl\/667827\/"},"modified":"2026-09-04T21:03:13","modified_gmt":"2026-09-04T21:03:13","slug":"polacy-ocenili-rzad-i-donalda-tuska-sierpien-przyniosl-poprawe-sondaz","status":"publish","type":"post","link":"https:\/\/www.europesays.com\/pl\/667827\/","title":{"rendered":"Polacy ocenili rz\u0105d i Donalda Tuska. &#8222;Sierpie\u0144 przyni\u00f3s\u0142 popraw\u0119&#8221; [SONDA\u017b]"},"content":{"rendered":"<p>Za zwolennik\u00f3w rz\u0105du uwa\u017ca\u0142o si\u0119 w sierpniu 32 proc. respondent\u00f3w. To wzrost o trzy punkty procentowe w stosunku do poprzedniego miesi\u0105ca. Przeciwnik\u00f3w gabinetu by\u0142o 40 proc., co oznacza spadek o osiem punkt\u00f3w procentowych.<a href=\"https:\/\/wiadomosci.onet.pl\/kraj\/zle-wiesci-dla-donalda-tuska-polacy-negatywnie-oceniaja-jego-rzad-sondaz\/hsy3xk6\" id=\"0ba11a07-6496-4e3d-8f44-686c5948940f\" rel=\"nofollow noopener\" target=\"_blank\"> Oboj\u0119tny stosunek do ekipy rz\u0105dz\u0105cej zadeklarowa\u0142o 24 proc. ankietowanych <\/a>(wzrost o trzy pkt proc.), a cztery proc. nie potrafi\u0142o okre\u015bli\u0107 swojego stanowiska (wzrost o dwa pkt proc.).Dalszy ci\u0105g artyku\u0142u pod materia\u0142em wideo<\/p>\n<p>Dzia\u0142alno\u015b\u0107 gabinetu oceni\u0142o pozytywnie 36 proc. badanych. To poprawa o sze\u015b\u0107 punkt\u00f3w procentowych wzgl\u0119dem lipca. Negatywnie o pracy rz\u0105du wypowiedzia\u0142o si\u0119 51 proc. uczestnik\u00f3w sonda\u017cu, co stanowi spadek o siedem punkt\u00f3w procentowych. Zdania w tej kwestii nie mia\u0142o 13 proc. respondent\u00f3w.<\/p>\n<p><a href=\"https:\/\/www.onet.pl\/\" title=\"Strona G\u0142\u00f3wna\" aria-label=\"Strona G\u0142\u00f3wna\" data-astro-prefetch=\"tap\" class=\"ods-a-logo-main-desktop\" rel=\"nofollow noopener\" target=\"_blank\"><img src=\"https:\/\/cdn.wiadomosci.onet.pl\/img\/Logo_desktop_Onet.svg\" class=\"ods-a-logo-main-desktop__image\" alt=\"Logo\" width=\"107\" height=\"60\" fetchpriority=\"high\" decoding=\"sync\" style=\"height:60px\"\/><\/a><\/p>\n<p class=\"ods-m-google-article__text\">Czytaj nas cz\u0119\u015bciej w Google<\/p>\n<p><a href=\"https:\/\/google.com\/preferences\/source?q=wiadomosci.onet.pl\" target=\"_blank\" rel=\"noopener noreferrer nofollow\" aria-label=\"Dodaj w Google\" title=\"Dodaj w Google\" class=\"ods-a-button ods-a-button__primary ods-a-button__default ods-a-button-l\">Dodaj w Google<\/a>Zadowolenie z premiera Tuska wzros\u0142oZadowolenie z tego, \u017ce <a href=\"https:\/\/wiadomosci.onet.pl\/kraj\/afera-zondacrypto-donald-tusk-w-sejmie-cytuje-fragmenty-zeznan\/4jvwybc\" id=\"f7357669-866c-4572-b393-6fa34d7cdbe1\" rel=\"nofollow noopener\" target=\"_blank\">funkcj\u0119 premiera pe\u0142ni Donald Tusk<\/a>, wyrazi\u0142o 36 proc. ankietowanych. Wynik ten jest wy\u017cszy o pi\u0119\u0107 punkt\u00f3w procentowych ni\u017c miesi\u0105c wcze\u015bniej. Niezadowolonych z osoby szefa rz\u0105du by\u0142o 51 proc. badanych, czyli o siedem punkt\u00f3w mniej ni\u017c w lipcu. Odpowied\u017a &#8222;trudno powiedzie\u0107&#8221; wskaza\u0142o 13 proc. uczestnik\u00f3w badania.<\/p>\n<p>Polityka rz\u0105du stwarza szanse na popraw\u0119 sytuacji gospodarczej \u2014 tak uwa\u017ca 36 proc. respondent\u00f3w. To wzrost o pi\u0119\u0107 punkt\u00f3w procentowych w por\u00f3wnaniu z lipcem. Odmiennego zdania by\u0142o 50 proc. ankietowanych, co oznacza spadek o sze\u015b\u0107 punkt\u00f3w. Zdania na ten temat nie mia\u0142o 14 proc. badanych.<\/p>\n<p>&#8222;Maniek&#8221;, &#8222;Rudy&#8221; i &#8222;Kaczka&#8221;. To ich boi si\u0119 Przemys\u0142aw Kral. I dlatego wsp\u00f3\u0142pracuje z prokuratur\u0105<\/p>\n<p class=\"ods-o-frame-in-text__paragraph\"><a href=\"https:\/\/wiadomosci.onet.pl\/tylko-w-onecie\/oto-prawdziwa-motywacja-przemyslawa-krala-bal-sie-gangsterow-kulisy\/6t467yd?tpcc=202608_bloczek_newsroom\" id=\"dc7ed2b0-abd1-436d-94b4-2de704565f98\" rel=\"nofollow noopener\" target=\"_blank\">Przeczytaj tekst w Onecie!<\/a><\/p>\n<p><img class=\"ods-a-photo ods-a-photo--background\" src=\"https:\/\/www.europesays.com\/pl\/wp-content\/uploads\/2026\/09\/1788555793_859_NBVk9lBaHR0cHM6Ly9vY2RuLmV1L3B1bHNjbXMvTURBXy83MmIwNTJhOWQ1ZmRkYzI4ZTU1ZGQxODFlNzk1NGQ5MC5qcGeRlQLNA.jpeg\" height=\"255\" width=\"450\" alt=\"Przemys\u0142aw Kral i Sylwester Suszek, w tle siedziba Zondacrypto w Katowicach\" loading=\"lazy\" fetchpriority=\"low\" decoding=\"async\"\/>CBOS o korekcie po lipcowym spadku<\/p>\n<p>&#8222;Sierpie\u0144 przyni\u00f3s\u0142 popraw\u0119 ocen rz\u0105du, przede wszystkim obni\u017cy\u0142y si\u0119 odsetki g\u0142os\u00f3w krytycznych. Poprawa ta ma jednak, jak si\u0119 wydaje, przede wszystkim charakter korekty po lipcowym spadku ocen, wyniki z sierpnia s\u0105 bowiem takie same lub tylko minimalnie lepsze od czerwcowych&#8221; \u2014 czytamy w raporcie CBOS.<\/p>\n<p>Badanie odby\u0142o si\u0119 w dniach 20-30 sierpnia 2026 r. Wzi\u0119\u0142o w nim udzia\u0142 935 os\u00f3b. Zastosowano trzy metody: CAPI (63,6 proc.), CATI (19,4 proc.) oraz CAWI (17 proc.).<\/p>\n","protected":false},"excerpt":{"rendered":"Za zwolennik\u00f3w rz\u0105du uwa\u017ca\u0142o si\u0119 w sierpniu 32 proc. respondent\u00f3w. To wzrost o trzy punkty procentowe w stosunku&hellip;\n","protected":false},"author":2,"featured_media":667828,"comment_status":"","ping_status":"","sticky":false,"template":"","format":"standard","meta":{"footnotes":"","_share_on_mastodon":"0"},"categories":[62713],"tags":[61195,13658,1345,212,49,48,46,380,47,231],"class_list":["post-667827","post","type-post","status-publish","format-standard","has-post-thumbnail","category-donald-tusk","tag-bottomfeed_styl","tag-cbos","tag-donald-tusk","tag-donald_tusk","tag-kraj","tag-nat_styl","tag-omp","tag-rzad","tag-screening_general","tag-sondaze"],"share_on_mastodon":{"url":"https:\/\/pubeurope.com\/@pl\/117214800857651041","error":""},"_links":{"self":[{"href":"https:\/\/www.europesays.com\/pl\/wp-json\/wp\/v2\/posts\/667827","targetHints":{"allow":["GET"]}}],"collection":[{"href":"https:\/\/www.europesays.com\/pl\/wp-json\/wp\/v2\/posts"}],"about":[{"href":"https:\/\/www.europesays.com\/pl\/wp-json\/wp\/v2\/types\/post"}],"author":[{"embeddable":true,"href":"https:\/\/www.europesays.com\/pl\/wp-json\/wp\/v2\/users\/2"}],"replies":[{"embeddable":true,"href":"https:\/\/www.europesays.com\/pl\/wp-json\/wp\/v2\/comments?post=667827"}],"version-history":[{"count":0,"href":"https:\/\/www.europesays.com\/pl\/wp-json\/wp\/v2\/posts\/667827\/revisions"}],"wp:featuredmedia":[{"embeddable":true,"href":"https:\/\/www.europesays.com\/pl\/wp-json\/wp\/v2\/media\/667828"}],"wp:attachment":[{"href":"https:\/\/www.europesays.com\/pl\/wp-json\/wp\/v2\/media?parent=667827"}],"wp:term":[{"taxonomy":"category","embeddable":true,"href":"https:\/\/www.europesays.com\/pl\/wp-json\/wp\/v2\/categories?post=667827"},{"taxonomy":"post_tag","embeddable":true,"href":"https:\/\/www.europesays.com\/pl\/wp-json\/wp\/v2\/tags?post=667827"}],"curies":[{"name":"wp","href":"https:\/\/api.w.org\/{rel}","templated":true}]}}