{"id":667839,"date":"2026-09-04T21:17:10","date_gmt":"2026-09-04T21:17:10","guid":{"rendered":"https:\/\/www.europesays.com\/pl\/667839\/"},"modified":"2026-09-04T21:17:10","modified_gmt":"2026-09-04T21:17:10","slug":"zmiany-kadrowe-w-gryfie-slupsk","status":"publish","type":"post","link":"https:\/\/www.europesays.com\/pl\/667839\/","title":{"rendered":"Zmiany kadrowe w Gryfie S\u0142upsk"},"content":{"rendered":"<p>\t\t\t\t\t\t\t\tGryf S\u0142upsk stoi przed\u00a0wa\u017cnymi zmianami kadrowymi. Po\u00a0pi\u0119ciu kolejkach ligowych i\u00a0siedmiu tygodniach pracy zarz\u0105d klubu podj\u0105\u0142 decyzj\u0119 o\u00a0zako\u0144czeniu wsp\u00f3\u0142pracy z\u00a0dotychczasowym szkoleniowcem Mariuszem Piechn\u0105.<\/p>\n<p>Decyzja zapad\u0142a po\u00a0d\u0142ugim i\u00a0burzliwym spotkaniu w\u0142adz klubu ze\u00a0sztabem szkoleniowym pierwszej oraz\u00a0drugiej dru\u017cyny. Jak podkre\u015bla prezes Wojciech Krasucki, g\u0142\u00f3wnym powodem rozstania nie\u00a0by\u0142y wy\u0142\u0105cznie wyniki sportowe, lecz\u00a0kwestie zwi\u0105zane z\u00a0komunikacj\u0105 i\u00a0trzymaniem si\u0119 klubowych standard\u00f3w. Obie strony rozsta\u0142y si\u0119 jednak w\u00a0dobrych relacjach i\u00a0bez\u00a0\u017calu.<\/p>\n<p>\u201eZABRAK\u0141O KOMUNIKACJI\u201d<\/p>\n<p>\u2013 Je\u015bli chodzi o\u00a0zwolnienie trenera Mariusza Piechny, to\u00a0chodzi\u0142o o\u00a0pewnego rodzaju komunikacj\u0119, kt\u00f3rej\u00a0zabrak\u0142o. Spotkanie zarz\u0105du ze\u00a0sztabem pierwszego i\u00a0drugiego zespo\u0142u by\u0142o d\u0142ugie i\u00a0burzliwe. Nie\u00a0patrzymy tylko\u00a0na\u00a0wyniki, patrzymy na\u00a0standardy. Trener zadeklarowa\u0142, \u017ce\u00a0rozstajemy si\u0119 w\u00a0dobrych stosunkach i\u00a0nie\u00a0ma\u00a0\u017calu. Gdzie\u015b nam par\u0119 rzeczy poucieka\u0142o w\u00a0mi\u0119dzyczasie, szkoda, ale\u00a0siedem tygodni, kt\u00f3re min\u0119\u0142y, i\u00a0pi\u0119\u0107 kolejek ligowych da\u0142y nam szersz\u0105 perspektyw\u0119. Porozmawiali\u015bmy uczciwie, otwarcie \u2013 t\u0142umaczy prezes Gryfa S\u0142upsk.<\/p>\n<p>KLUB SZUKA NAST\u0118PCY<\/p>\n<p>W\u0142adze klubu intensywnie pracuj\u0105 ju\u017c nad\u00a0znalezieniem nast\u0119pcy. W\u00a0przestrzeni medialnej pojawiaj\u0105 si\u0119 pierwsze nieoficjalne doniesienia na\u00a0temat potencjalnych kandydat\u00f3w, jednak zarz\u0105d nie\u00a0chce na\u00a0razie odnosi\u0107 si\u0119 do\u00a0konkretnych nazwisk. Co\u00a0ciekawe, do\u00a0klubu sp\u0142ywaj\u0105 zg\u0142oszenia tak\u017ce od\u00a0trener\u00f3w z\u00a0innych rejon\u00f3w kraju. Najwa\u017cniejszym kryterium przy wyborze nowego szkoleniowca ma\u00a0by\u0107 sp\u00f3jna wizja rozwoju dru\u017cyny oraz\u00a0przestrzeganie wsp\u00f3lnych ustale\u0144.<\/p>\n<p>PO\u00a0NAST\u0118PNEJ KOLEJCE<\/p>\n<p>\u2013 Wiem, \u017ce\u00a0przewijaj\u0105 si\u0119 nieoficjalnie r\u00f3\u017cne nazwiska, \u017cadnego nie\u00a0b\u0119d\u0119 na\u00a0ten moment komentowa\u0142. Mamy oferty r\u00f3wnie\u017c od\u00a0szkoleniowc\u00f3w spoza wojew\u00f3dztwa pomorskiego. Mnie interesuje wizja zespo\u0142u, trzymanie si\u0119 pewnych zasad i\u00a0ustale\u0144. Po\u00a0nast\u0119pnej kolejce, za\u00a0nieco ponad tydzie\u0144 chcemy wskaza\u0107 nowego trenera \u2013 deklaruje Wojciech Krasucki.<\/p>\n<p>Nowy opiekun s\u0142upskiego zespo\u0142u ma\u00a0zosta\u0107 przedstawiony najp\u00f3\u017aniej w\u00a0ci\u0105gu kilkunastu dni, tu\u017c po\u00a0rozegraniu najbli\u017cszego meczu ligowego.<\/p>\n<p>Pos\u0142uchaj:<\/p>\n<p><a href=\"https:\/\/radiogdansk.pl\/wp-content\/uploads\/2026\/09\/Krasucki_podcast.mp3\" rel=\"nofollow noopener\" target=\"_blank\">https:\/\/radiogdansk.pl\/wp-content\/uploads\/2026\/09\/Krasucki_podcast.mp3<\/a><\/p>\n<p style=\"text-align: right;\">Przemys\u0142aw Wo\u015b\/SG<\/p>\n","protected":false},"excerpt":{"rendered":"Gryf S\u0142upsk stoi przed\u00a0wa\u017cnymi zmianami kadrowymi. Po\u00a0pi\u0119ciu kolejkach ligowych i\u00a0siedmiu tygodniach pracy zarz\u0105d klubu podj\u0105\u0142 decyzj\u0119 o\u00a0zako\u0144czeniu wsp\u00f3\u0142pracy&hellip;\n","protected":false},"author":2,"featured_media":667840,"comment_status":"","ping_status":"","sticky":false,"template":"","format":"standard","meta":{"footnotes":"","_share_on_mastodon":"0"},"categories":[51610],"tags":[1048,42,38,40,39,41],"class_list":["post-667839","post","type-post","status-publish","format-standard","has-post-thumbnail","category-gdansk","tag-gdansk","tag-pl","tag-poland","tag-polish","tag-polska","tag-polski"],"share_on_mastodon":{"url":"https:\/\/pubeurope.com\/@pl\/117214855277710673","error":""},"_links":{"self":[{"href":"https:\/\/www.europesays.com\/pl\/wp-json\/wp\/v2\/posts\/667839","targetHints":{"allow":["GET"]}}],"collection":[{"href":"https:\/\/www.europesays.com\/pl\/wp-json\/wp\/v2\/posts"}],"about":[{"href":"https:\/\/www.europesays.com\/pl\/wp-json\/wp\/v2\/types\/post"}],"author":[{"embeddable":true,"href":"https:\/\/www.europesays.com\/pl\/wp-json\/wp\/v2\/users\/2"}],"replies":[{"embeddable":true,"href":"https:\/\/www.europesays.com\/pl\/wp-json\/wp\/v2\/comments?post=667839"}],"version-history":[{"count":0,"href":"https:\/\/www.europesays.com\/pl\/wp-json\/wp\/v2\/posts\/667839\/revisions"}],"wp:featuredmedia":[{"embeddable":true,"href":"https:\/\/www.europesays.com\/pl\/wp-json\/wp\/v2\/media\/667840"}],"wp:attachment":[{"href":"https:\/\/www.europesays.com\/pl\/wp-json\/wp\/v2\/media?parent=667839"}],"wp:term":[{"taxonomy":"category","embeddable":true,"href":"https:\/\/www.europesays.com\/pl\/wp-json\/wp\/v2\/categories?post=667839"},{"taxonomy":"post_tag","embeddable":true,"href":"https:\/\/www.europesays.com\/pl\/wp-json\/wp\/v2\/tags?post=667839"}],"curies":[{"name":"wp","href":"https:\/\/api.w.org\/{rel}","templated":true}]}}