{"id":667843,"date":"2026-09-04T21:19:19","date_gmt":"2026-09-04T21:19:19","guid":{"rendered":"https:\/\/www.europesays.com\/pl\/667843\/"},"modified":"2026-09-04T21:19:19","modified_gmt":"2026-09-04T21:19:19","slug":"widzew-lodz-radomiak-radom-gdzie-i-kiedy-graja-gdzie-obejrzec-05-09-2026","status":"publish","type":"post","link":"https:\/\/www.europesays.com\/pl\/667843\/","title":{"rendered":"Widzew \u0141\u00f3d\u017a &#8211; Radomiak Radom gdzie i kiedy graj\u0105? Gdzie obejrze\u0107? (05.09.2026)"},"content":{"rendered":"<p><img alt=\"Obrazek newsa : Widzew \u0141\u00f3d\u017a - Radomiak Radom gdzie i kiedy graj\u0105? Gdzie obejrze\u0107? (05.09.2026)\" loading=\"lazy\" width=\"1200\" height=\"800\" decoding=\"async\" data-nimg=\"1\" class=\"img-fluid rounded\" style=\"color:transparent\"  src=\"https:\/\/www.europesays.com\/pl\/wp-content\/uploads\/2026\/09\/1788556757_424_image.jpeg\"\/>uslatar \/ Shutterstock<\/p>\n<p>Spotkanie Widzew \u0141\u00f3d\u017a \u2013 Radomiak Radom odb\u0119dzie si\u0119 w sobot\u0119 5 wrze\u015bnia 2026 roku. Pierwszy gwizdek na Stadionie Widzewa \u0141\u00f3d\u017a w \u0141odzi zabrzmi o godzinie 14:45. Mecz zostanie rozegrany w ramach 7. kolejki Ekstraklasy.<\/p>\n<p>Zapowied\u017a meczu Widzew \u0141\u00f3d\u017a &#8211; Radomiak Radom<\/p>\n<p>W ostatnich czterech bezpo\u015brednich meczach rozegranych na stadionie Widzewa \u0141\u00f3d\u017a oba zespo\u0142y odnios\u0142y po dwa zwyci\u0119stwa, a \u015brednia liczba goli wynios\u0142a 4,3 na spotkanie. W tych pojedynkach Radomiak zdobywa\u0142 przeci\u0119tnie 2,5 bramki, natomiast traci\u0142 1,8 gola na mecz. Obie dru\u017cyny trafia\u0142y do siatki w po\u0142owie tych spotka\u0144.<\/p>\n<p>Widzew \u0141\u00f3d\u017a przegra\u0142 dwa ostatnie mecze, ulegaj\u0105c Koronie Kielce 0:1 oraz Lechowi Pozna\u0144 2:3, a wcze\u015bniej odni\u00f3s\u0142 zwyci\u0119stwo nad Jagielloni\u0105 Bia\u0142ystok i zremisowa\u0142 z Wis\u0142\u0105 P\u0142ock. Radomiak w pi\u0119ciu ostatnich spotkaniach zanotowa\u0142 trzy zwyci\u0119stwa, remis i pora\u017ck\u0119, a w poprzedniej kolejce pokona\u0142 Cracovi\u0119 2:1.<\/p>\n<p>Widzew \u0141\u00f3d\u017a zdobywa\u0142 \u015brednio 1,6 gola w ostatnich 10 meczach u siebie i traci\u0142 na w\u0142asnym boisku przeci\u0119tnie 0,9 bramki. Radomiak w 10 poprzednich spotkaniach wyjazdowych strzela\u0142 \u015brednio 0,8 gola, a jego mecze przynosi\u0142y przeci\u0119tnie 3,2 bramki.<\/p>\n<p>Gdzie obejrze\u0107 transmisj\u0119 meczu?<\/p>\n<p>Transmisj\u0119 meczu Widzew \u0141\u00f3d\u017a \u2013 Radomiak Radom b\u0119dzie mo\u017cna ogl\u0105da\u0107 w kana\u0142ach <a href=\"https:\/\/www.mecze24.pl\/canal-plus-sport-3-stream-online\" rel=\"nofollow noopener\" target=\"_blank\">Canal+Sport 3<\/a> i <a href=\"https:\/\/www.mecze24.pl\/canal-plus-sport-4-stream-online\" rel=\"nofollow noopener\" target=\"_blank\">Canal+Sport 4<\/a>, a online spotkanie poka\u017ce p\u0142atna platforma Canal+Online.<\/p>\n<p><img decoding=\"async\" class=\"canalonline-bg dont-resize\" src=\"https:\/\/www.europesays.com\/pl\/wp-content\/uploads\/2026\/09\/1788556759_242_canalplusonline-pill.png\" alt=\"Canal+ online\"\/><\/p>\n<p>Ogl\u0105daj transmisje na \u017cywo online<\/p>\n<p><a class=\"stretched-link text-p2-bold\" href=\"https:\/\/www.mecze24.pl\/go\/canalonline?type=content&amp;item_id=77371\" onclick=\"trackLinkClick(&#039;ClickFromNewsOrArticle&#039;, &#039;Canalonline&#039;, &#039;zapowiedzi-meczow\/data-i-godzina-kiedy-mecz-widzew-lodz-radomiak-radom-05-09-2026&#039;)\" target=\"_blank\" rel=\"nofollow noopener\"> Sprawd\u017a <\/a><\/p>\n<p>Widzew \u0141\u00f3d\u017a \u2013 Radomiak Radom kiedy i gdzie?<\/p>\n<p>Mecz odb\u0119dzie si\u0119 w sobot\u0119 5 wrze\u015bnia 2026 roku o godzinie 14:45 na Stadionie Widzewa \u0141\u00f3d\u017a w \u0141odzi.<\/p>\n<p>Widzew \u0141\u00f3d\u017a &#8211; Radomiak Radom<\/p>\n<p>Data i godzina<br \/>\nSobota 05.09.2026 14:45<\/p>\n<p>Rozgrywki<br \/>\nEkstraklasa<\/p>\n<p>Stadion<br \/>\nStadion Widzewa \u0141\u00f3d\u017a (\u0141\u00f3d\u017a)<\/p>\n<p>Transmisja TV<br \/>\n<a href=\"https:\/\/www.mecze24.pl\/canal-plus-sport-stream-online\" rel=\"nofollow noopener\" target=\"_blank\">Canal+Sport<\/a> 3, Canal+Sport 4<\/p>\n<p>Transmisja online<br \/>\nCanal+Online<\/p>\n","protected":false},"excerpt":{"rendered":"uslatar \/ Shutterstock Spotkanie Widzew \u0141\u00f3d\u017a \u2013 Radomiak Radom odb\u0119dzie si\u0119 w sobot\u0119 5 wrze\u015bnia 2026 roku. Pierwszy&hellip;\n","protected":false},"author":2,"featured_media":667844,"comment_status":"","ping_status":"","sticky":false,"template":"","format":"standard","meta":{"footnotes":"","_share_on_mastodon":"0"},"categories":[51608],"tags":[18386,3652,52076,52075,52077,52074,52078,42,38,40,39,41,52079,52080,52081],"class_list":["post-667843","post","type-post","status-publish","format-standard","has-post-thumbnail","category-lodz","tag-gdzie-ogladac","tag-lodz","tag-mecze-live","tag-mecze-na-zywo","tag-mecze-online","tag-mecze24","tag-meczyki","tag-pl","tag-poland","tag-polish","tag-polska","tag-polski","tag-transmisje-online","tag-transmisje-tv","tag-transmisje-za-darmo"],"share_on_mastodon":{"url":"https:\/\/pubeurope.com\/@pl\/117214863947961478","error":""},"_links":{"self":[{"href":"https:\/\/www.europesays.com\/pl\/wp-json\/wp\/v2\/posts\/667843","targetHints":{"allow":["GET"]}}],"collection":[{"href":"https:\/\/www.europesays.com\/pl\/wp-json\/wp\/v2\/posts"}],"about":[{"href":"https:\/\/www.europesays.com\/pl\/wp-json\/wp\/v2\/types\/post"}],"author":[{"embeddable":true,"href":"https:\/\/www.europesays.com\/pl\/wp-json\/wp\/v2\/users\/2"}],"replies":[{"embeddable":true,"href":"https:\/\/www.europesays.com\/pl\/wp-json\/wp\/v2\/comments?post=667843"}],"version-history":[{"count":0,"href":"https:\/\/www.europesays.com\/pl\/wp-json\/wp\/v2\/posts\/667843\/revisions"}],"wp:featuredmedia":[{"embeddable":true,"href":"https:\/\/www.europesays.com\/pl\/wp-json\/wp\/v2\/media\/667844"}],"wp:attachment":[{"href":"https:\/\/www.europesays.com\/pl\/wp-json\/wp\/v2\/media?parent=667843"}],"wp:term":[{"taxonomy":"category","embeddable":true,"href":"https:\/\/www.europesays.com\/pl\/wp-json\/wp\/v2\/categories?post=667843"},{"taxonomy":"post_tag","embeddable":true,"href":"https:\/\/www.europesays.com\/pl\/wp-json\/wp\/v2\/tags?post=667843"}],"curies":[{"name":"wp","href":"https:\/\/api.w.org\/{rel}","templated":true}]}}