{"id":667871,"date":"2026-09-04T21:33:11","date_gmt":"2026-09-04T21:33:11","guid":{"rendered":"https:\/\/www.europesays.com\/pl\/667871\/"},"modified":"2026-09-04T21:33:11","modified_gmt":"2026-09-04T21:33:11","slug":"nowy-sondaz-cbos-donald-tusk-i-jego-rzad-z-lepszymi-ocenami-polakow-wprost","status":"publish","type":"post","link":"https:\/\/www.europesays.com\/pl\/667871\/","title":{"rendered":"Nowy sonda\u017c CBOS. Donald Tusk i jego rz\u0105d z lepszymi ocenami Polak\u00f3w \u2013 Wprost"},"content":{"rendered":"\n<p>&#13;<br \/>\n4 wrze\u015bnia Centrum Badania Opinii Spo\u0142ecznej (CBOS) opublikowa\u0142o wynik najnowszego sonda\u017cu dotycz\u0105cego stosunku Polak\u00f3w do\u00a0rz\u0105du w\u00a0sierpniu. Wed\u0142ug ekspert\u00f3w ostatni miesi\u0105c wakacji przyni\u00f3s\u0142 popraw\u0119 w\u00a0ocenie rz\u0105du. \u201ePrzede wszystkim obni\u017cy\u0142y si\u0119 odsetki g\u0142os\u00f3w krytycznych\u201d \u2013\u00a0zwr\u00f3cono uwag\u0119. Oceniono tak\u017ce, \u017ce\u00a0poprawa ta\u00a0ma prawdopodobnie \u201echarakter korekty po\u00a0lipcowym spadku ocen, wyniki z\u00a0sierpnia s\u0105 bowiem takie same lub\u00a0tylko minimalnie lepsze od\u00a0czerwcowych\u201d. &#13;\n<\/p>\n<p>Jak Polacy oceniaj\u0105 rz\u0105d? Wyniki najnowszego sonda\u017cu<\/p>\n<p>&#13;<br \/>\nSonda\u017c wykaza\u0142, \u017ce\u00a0pod koniec sierpnia 32 proc. Polak\u00f3w by\u0142o zwolennikami rz\u0105du \u2013\u00a0to\u00a0wzrost o\u00a03 pkt proc. wzgl\u0119dem lipca. Natomiast 40 proc. by\u0142o przeciwnego zdania (spadek o\u00a08 pkt. proc.). Z\u00a0kolei 24 proc. uczestnik\u00f3w badania uzna\u0142o, \u017ce\u00a0ich stosunek do\u00a0obecnego rz\u0105du jest oboj\u0119tny (wzrost o\u00a03 pkt proc.). &#13;\n<\/p>\n<p>&#13;<br \/>\nBadanie ujawni\u0142o tak\u017ce, \u017ce\u00a036 proc. badanych wypowiedzia\u0142o si\u0119 pozytywnie na\u00a0temat ostatniej dzia\u0142alno\u015bci rz\u0105dz\u0105cych(wzrost o\u00a06 pkt proc.). Negatywnie 51 proc. (spadek o\u00a07 pkt proc.), a\u00a013 proc. nie\u00a0mia\u0142o zdania w\u00a0tej kwestii. &#13;\n<\/p>\n<p>&#13;<br \/>\nCo r\u00f3wnie istotne, 36 proc. ankietowanych przyzna\u0142o, \u017ce\u00a0polityka obecnego rz\u0105du mo\u017ce da\u0107 szanse na\u00a0popraw\u0119 sytuacji gospodarczej w\u00a0Polsce. To\u00a0wzrost o\u00a05 pkt proc. Przeciwnego zdania by\u0142o 50 proc. os\u00f3b (spadek o\u00a06 pkt proc.).  &#13;\n<\/p>\n<p>&#13;<br \/>\nJak Polacy oceniaj\u0105 premiera?  &#13;\n<\/p>\n<p>&#13;<br \/>\nRespondent\u00f3w zapytano tak\u017ce, czy\u00a0s\u0105 zadowoleni, \u017ce\u00a0na czele rz\u0105du stoi obecnie Donald Tusk. 36 proc. z\u00a0nich stwierdzi\u0142o, \u017ce\u00a0tak (wzrost o\u00a05 pkt proc.). Natomiast 51 proc. nie\u00a0jest zadowolonych (spadek o\u00a07 pkt proc.). \u201eW\u00a0stosunku do\u00a0ubieg\u0142ego miesi\u0105ca opinie o\u00a0premierze wyra\u017anie si\u0119 poprawi\u0142y\u201d \u2013\u00a0podkre\u015bli\u0142 CBOS.  &#13;\n<\/p>\n<p>&#13;<br \/>\nBadanie zosta\u0142o zrealizowane od\u00a020 do\u00a030 sierpnia 2026\u00a0r. w\u015br\u00f3d 935 os\u00f3b. Wykorzystano metody CAPI (63,6 proc.), CATI (19,4 proc.) oraz\u00a0CAWI (17,0 proc.). &#13;\n<\/p>\n<p>&#13;<br \/>\n   Czytaj te\u017c:<br \/><a href=\"https:\/\/www.wprost.pl\/kraj\/12433299\/szczekali-w-sejmie-nietypowe-zachowanie-chorosinskiej-polityczny-upadek-pis.html\" rel=\"follow nofollow noopener\" data-schema=\"WPROST\" data-image=\"https:\/\/img.wprost.pl\/_thumb\/c3\/dc\/4e76ab6815b219f43983b45f88c6.jpeg\" target=\"_blank\">Fala komentarzy po\u00a0szczekaniu w\u00a0Sejmie. \u201ePolityczna degradacja i\u00a0upadek PiS\u201d<\/a>   Czytaj te\u017c:<br \/><a href=\"https:\/\/www.wprost.pl\/kraj\/12433287\/afera-zondacrypto-zbigniew-ziobro-odpowiada-na-slowa-donalda-tuska-w-tv-republika.html\" rel=\"follow nofollow noopener\" data-schema=\"WPROST\" data-image=\"https:\/\/img.wprost.pl\/_thumb\/e1\/9f\/a7d2a0f3567abd2ef34a388defe6.jpeg\" target=\"_blank\">Ziobro broni si\u0119 w\u00a0TV Republika ws. afery Zondacrypto, uderzy\u0142 w\u00a0Tuska. \u201eNa\u00a0tym si\u0119 wywr\u00f3c\u0105\u201d<\/a>&#13;<\/p>\n","protected":false},"excerpt":{"rendered":"&#13; 4 wrze\u015bnia Centrum Badania Opinii Spo\u0142ecznej (CBOS) opublikowa\u0142o wynik najnowszego sonda\u017cu dotycz\u0105cego stosunku Polak\u00f3w do\u00a0rz\u0105du w\u00a0sierpniu. Wed\u0142ug&hellip;\n","protected":false},"author":2,"featured_media":667872,"comment_status":"","ping_status":"","sticky":false,"template":"","format":"standard","meta":{"footnotes":"","_share_on_mastodon":"0"},"categories":[62713],"tags":[13658,1345,61120,49,907,101,380,366,43315],"class_list":["post-667871","post","type-post","status-publish","format-standard","has-post-thumbnail","category-donald-tusk","tag-cbos","tag-donald-tusk","tag-karolina-trela","tag-kraj","tag-polityka","tag-premier","tag-rzad","tag-sondaz","tag-wprost"],"share_on_mastodon":{"url":"https:\/\/pubeurope.com\/@pl\/117214917770563791","error":""},"_links":{"self":[{"href":"https:\/\/www.europesays.com\/pl\/wp-json\/wp\/v2\/posts\/667871","targetHints":{"allow":["GET"]}}],"collection":[{"href":"https:\/\/www.europesays.com\/pl\/wp-json\/wp\/v2\/posts"}],"about":[{"href":"https:\/\/www.europesays.com\/pl\/wp-json\/wp\/v2\/types\/post"}],"author":[{"embeddable":true,"href":"https:\/\/www.europesays.com\/pl\/wp-json\/wp\/v2\/users\/2"}],"replies":[{"embeddable":true,"href":"https:\/\/www.europesays.com\/pl\/wp-json\/wp\/v2\/comments?post=667871"}],"version-history":[{"count":0,"href":"https:\/\/www.europesays.com\/pl\/wp-json\/wp\/v2\/posts\/667871\/revisions"}],"wp:featuredmedia":[{"embeddable":true,"href":"https:\/\/www.europesays.com\/pl\/wp-json\/wp\/v2\/media\/667872"}],"wp:attachment":[{"href":"https:\/\/www.europesays.com\/pl\/wp-json\/wp\/v2\/media?parent=667871"}],"wp:term":[{"taxonomy":"category","embeddable":true,"href":"https:\/\/www.europesays.com\/pl\/wp-json\/wp\/v2\/categories?post=667871"},{"taxonomy":"post_tag","embeddable":true,"href":"https:\/\/www.europesays.com\/pl\/wp-json\/wp\/v2\/tags?post=667871"}],"curies":[{"name":"wp","href":"https:\/\/api.w.org\/{rel}","templated":true}]}}