{"id":667879,"date":"2026-09-04T21:53:14","date_gmt":"2026-09-04T21:53:14","guid":{"rendered":"https:\/\/www.europesays.com\/pl\/667879\/"},"modified":"2026-09-04T21:53:14","modified_gmt":"2026-09-04T21:53:14","slug":"awantura-na-pokladzie-samolotu-z-teneryfy-policja-zatrzymala-mezczyzne","status":"publish","type":"post","link":"https:\/\/www.europesays.com\/pl\/667879\/","title":{"rendered":"Awantura na pok\u0142adzie samolotu z Teneryfy. Policja zatrzyma\u0142a m\u0119\u017cczyzn\u0119"},"content":{"rendered":"<p>Do zdarzenia dosz\u0142o 2 wrze\u015bnia na pok\u0142adzie samolotu lec\u0105cego z Teneryfy do Warszawy. <a href=\"https:\/\/www.fakt.pl\/wydarzenia\/polska\/krakow\/awantura-na-lotnisku-w-maladze-polak-z-zarzutami-za-zniewazenie-ukrainek\/qpp8dwr\" id=\"66fe29c3-a870-4165-ac06-e21c6510d299\" rel=\"nofollow noopener\" target=\"_blank\">Wed\u0142ug relacji jednej z pasa\u017cerek, obywatelki Ukrainy<\/a>, wszystko zacz\u0119\u0142o si\u0119 ju\u017c po tym, jak samolot wyl\u0105dowa\u0142. Gdy podr\u00f3\u017cni szykowali si\u0119 do opuszczenia maszyny, dosz\u0142o do karczemnej awantury.Dalszy ci\u0105g artyku\u0142u pod materia\u0142em wideoAwantura na pok\u0142adzie po l\u0105dowaniu samolotu z Teneryfy. Pasa\u017cer obra\u017ca\u0142 Ukrainki<a href=\"https:\/\/www.fakt.pl\/\" title=\"Strona G\u0142\u00f3wna\" aria-label=\"Strona G\u0142\u00f3wna\" data-astro-prefetch=\"tap\" class=\"ods-a-logo-main-desktop\" rel=\"nofollow noopener\" target=\"_blank\"><img src=\"https:\/\/cdn.fakt.pl\/img\/Logo_desktop_Fakt.svg\" class=\"ods-a-logo-main-desktop__image\" alt=\"Logo\" width=\"107\" height=\"86\" fetchpriority=\"high\" decoding=\"sync\" style=\"height:86px\"\/><\/a><\/p>\n<p class=\"ods-m-google-article__text\">Czytaj nas cz\u0119\u015bciej w Google<\/p>\n<p><a href=\"https:\/\/google.com\/preferences\/source?q=fakt.pl\" target=\"_blank\" rel=\"noopener noreferrer nofollow\" aria-label=\"Dodaj w Google\" title=\"Dodaj w Google\" class=\"ods-a-button ods-a-button__primary ods-a-button__default ods-a-button-l\">Dodaj w Google<\/a><\/p>\n<p>Kobieta opisa\u0142a w mediach spo\u0142eczno\u015bciowych, \u017ce po wyl\u0105dowaniu maszyny zacz\u0119\u0142a si\u0119 kierowa\u0107 do wyj\u015bcia. Przesz\u0142a do przodu kabiny, podczas gdy cz\u0119\u015b\u0107 os\u00f3b jeszcze wyci\u0105ga\u0142a baga\u017ce. To mia\u0142o si\u0119 nie spodoba\u0107 jednej z podr\u00f3\u017cnych. Siedz\u0105cy obok niej m\u0119\u017cczyzna, rozjuszony sytuacj\u0105, zacz\u0105\u0142 obra\u017ca\u0107 obywatelk\u0119 Ukrainy. Rzuca\u0142 w jej stron\u0119 obelgi. Konflikt pr\u00f3bowa\u0142 za\u017cegna\u0107 inny pasa\u017cer, ale komentarze narodowo\u015bciowe i wulgaryzmy agresywnego pasa\u017cera tylko si\u0119 nasila\u0142y. Wed\u0142ug relacji pasa\u017cerki m\u0119\u017cczyzna stwierdzi\u0142, \u017ce skoro jest w Polsce, powinna m\u00f3wi\u0107 po polsku. Mia\u0142o doj\u015b\u0107 nawet do b\u00f3jki. Wszystko zosta\u0142o nagrane na filmie i udost\u0119pnione w sieci.<\/p>\n<p>Nagranie z awantury b\u0142yskawicznie obieg\u0142o media spo\u0142eczno\u015bciowe i wywo\u0142a\u0142o lawin\u0119 komentarzy. Dotar\u0142o te\u017c do policjant\u00f3w.<\/p>\n<p>Policja zatrzyma\u0142a 46-letniego agresora z samolotu<\/p>\n<p>Funkcjonariusze z Komisariatu Policji Portu Lotniczego Warszawa-Ok\u0119cie natychmiast zaj\u0119li si\u0119 incydentem. Przeanalizowali nagrania i rozpocz\u0119li poszukiwania agresywnego pasa\u017cera. Ustalenie jego to\u017csamo\u015bci zaj\u0119\u0142o im dwa dni. Dzisiaj (4 wrze\u015bnia) sto\u0142eczni funkcjonariusze poinformowali o zatrzymaniu m\u0119\u017cczyzny.<\/p>\n<p>46-latek zosta\u0142 zatrzymany po godz. 15.00 na warszawskim Targ\u00f3wku. \u2014 Policjanci ze sto\u0142ecznego Komisariatu Policji Portu Lotniczego Warszawa Ok\u0119cie zatrzymali 46-letniego m\u0119\u017cczyzn\u0119, kt\u00f3ry na pok\u0142adzie jednego z samolot\u00f3w l\u0105duj\u0105cych na Ok\u0119ciu zachowywa\u0142 si\u0119 agresywnie w stosunku do innych pasa\u017cer\u00f3w. B\u0119dziemy dok\u0142adnie ustala\u0107 wszystkiego okoliczno\u015bci tego zdarzenia \u2014 przekaza\u0142a &#8222;Faktowi&#8221; podkomisarz Monika Kaczy\u0144ska z zespo\u0142u prasowego Komendy Sto\u0142ecznej Policji w Warszawie.<\/p>\n<p><a href=\"https:\/\/www.fakt.pl\/wydarzenia\/polska\/krakow\/awantura-na-lotnisku-w-maladze-polak-z-zarzutami-za-zniewazenie-ukrainek\/qpp8dwr\" id=\"5bf61b32-2100-4be4-a182-922d464f5089\" rel=\"nofollow noopener\" target=\"_blank\">Mia\u0142 zel\u017cy\u0107 dwie Ukrainki na lotnisku w Maladze. Kiedy wr\u00f3ci\u0142 do Polski, us\u0142ysza\u0142 zarzuty.<\/a><a href=\"https:\/\/www.fakt.pl\/hobby\/turystyka\/krakow-balice-pasazerka-odmowila-oplaty-za-nadbagaz-i-wyszla-na-plyte\/n1tcck0\" id=\"9e8ac679-e8ba-40ff-9206-7a6bb1d71a17\" rel=\"nofollow noopener\" target=\"_blank\">Awantura na lotnisku w Krakowie. 44-latka uciek\u0142a na p\u0142yt\u0119 lotniska, \u017ceby nie p\u0142aci\u0107 za nadbaga\u017c<\/a>1\/3<img class=\"ods-a-photo ods-a-photo--background\" src=\"https:\/\/www.europesays.com\/pl\/wp-content\/uploads\/2026\/09\/ASWk9lGaHR0cHM6Ly9vY2RuLmV1L3B1bHNjbXMvTURBXy9kNDE4YzNiNy01NTg0LTQzNDUtYTg0MS05MDMzODZmNmU1OGMuanBlZ.jpeg\" height=\"529\" width=\"940\" alt=\"639241483285666063.jpg\" loading=\"lazy\" fetchpriority=\"auto\" decoding=\"auto\" url=\"https:\/\/ocdn.eu\/pulscms\/MDA_\/d418c3b7-5584-4345-a841-903386f6e58c.jpeg\" description=\"639241483285666063.jpg\" author=\"Policja, Facebook\" source=\"\"\/><\/p>\n<p>Policja, Facebook<\/p>\n<p>639241483285666063.jpg<\/p>\n<p>Agresywny pasa\u017cer z samolotu zatrzymany przez policjant\u00f3w w Targ\u00f3wku.<\/p>\n<p>2\/3<img class=\"ods-a-photo ods-a-photo--background\" src=\"https:\/\/www.europesays.com\/pl\/wp-content\/uploads\/2026\/09\/3hzk9lGaHR0cHM6Ly9vY2RuLmV1L3B1bHNjbXMvTURBXy9jOWU5ZWQ2Yy02ZDE3LTQwNWItYWU3OS0zZmRiOTlkMmZiNDYuanBlZ.jpeg\" height=\"800\" width=\"474\" alt=\"639241483289711526.jpg\" loading=\"lazy\" fetchpriority=\"auto\" decoding=\"auto\" url=\"https:\/\/ocdn.eu\/pulscms\/MDA_\/c9e9ed6c-6d17-405b-ae79-3fdb99d2fb46.jpeg\" description=\"639241483289711526.jpg\" author=\"Facebook\" source=\"\"\/><\/p>\n<p>Facebook<\/p>\n<p>639241483289711526.jpg<\/p>\n<p>Do karczemnej awantury mia\u0142o doj\u015b\u0107 2 wrze\u015bnia w samolocie, kt\u00f3ry wyl\u0105dowa\u0142 na Ok\u0119ciu.<\/p>\n<p>3\/3<img class=\"ods-a-photo ods-a-photo--background\" src=\"https:\/\/www.europesays.com\/pl\/wp-content\/uploads\/2026\/09\/QN7k9lGaHR0cHM6Ly9vY2RuLmV1L3B1bHNjbXMvTURBXy8wNGRkOWQ2Yi01ZmIyLTRhYzYtYmM3NC0zMGIyYjczYWE0ZmMuanBlZ.jpeg\" height=\"500\" width=\"940\" alt=\"639241483294867865.jpg\" loading=\"lazy\" fetchpriority=\"auto\" decoding=\"auto\" url=\"https:\/\/ocdn.eu\/pulscms\/MDA_\/04dd9d6b-5fb2-4ac6-bc74-30b2b73aa4fc.jpeg\" description=\"639241483294867865.jpg\" author=\"Materia\u0142y policyjne\" source=\"\"\/><\/p>\n<p>Materia\u0142y policyjne<\/p>\n<p>639241483294867865.jpg<\/p>\n<p>Dzisiaj (4 wrze\u015bnia), policja zatrzyma\u0142a agresora z samolotu.<\/p>\n","protected":false},"excerpt":{"rendered":"Do zdarzenia dosz\u0142o 2 wrze\u015bnia na pok\u0142adzie samolotu lec\u0105cego z Teneryfy do Warszawy. Wed\u0142ug relacji jednej z pasa\u017cerek,&hellip;\n","protected":false},"author":2,"featured_media":667880,"comment_status":"","ping_status":"","sticky":false,"template":"","format":"standard","meta":{"footnotes":"","_share_on_mastodon":"0"},"categories":[51605],"tags":[61195,1154,46,129381,42,38,414,40,39,41,47,111182,415,435,108545,1092],"class_list":["post-667879","post","type-post","status-publish","format-standard","has-post-thumbnail","category-warszawa","tag-bottomfeed_styl","tag-media_spolecznosciowe","tag-omp","tag-omp_tst4","tag-pl","tag-poland","tag-policja","tag-polish","tag-polska","tag-polski","tag-screening_general","tag-topbar_tst1","tag-ukraina","tag-warszawa","tag-wulgaryzm","tag-wydarzenia"],"share_on_mastodon":{"url":"https:\/\/pubeurope.com\/@pl\/117214997647097905","error":""},"_links":{"self":[{"href":"https:\/\/www.europesays.com\/pl\/wp-json\/wp\/v2\/posts\/667879","targetHints":{"allow":["GET"]}}],"collection":[{"href":"https:\/\/www.europesays.com\/pl\/wp-json\/wp\/v2\/posts"}],"about":[{"href":"https:\/\/www.europesays.com\/pl\/wp-json\/wp\/v2\/types\/post"}],"author":[{"embeddable":true,"href":"https:\/\/www.europesays.com\/pl\/wp-json\/wp\/v2\/users\/2"}],"replies":[{"embeddable":true,"href":"https:\/\/www.europesays.com\/pl\/wp-json\/wp\/v2\/comments?post=667879"}],"version-history":[{"count":0,"href":"https:\/\/www.europesays.com\/pl\/wp-json\/wp\/v2\/posts\/667879\/revisions"}],"wp:featuredmedia":[{"embeddable":true,"href":"https:\/\/www.europesays.com\/pl\/wp-json\/wp\/v2\/media\/667880"}],"wp:attachment":[{"href":"https:\/\/www.europesays.com\/pl\/wp-json\/wp\/v2\/media?parent=667879"}],"wp:term":[{"taxonomy":"category","embeddable":true,"href":"https:\/\/www.europesays.com\/pl\/wp-json\/wp\/v2\/categories?post=667879"},{"taxonomy":"post_tag","embeddable":true,"href":"https:\/\/www.europesays.com\/pl\/wp-json\/wp\/v2\/tags?post=667879"}],"curies":[{"name":"wp","href":"https:\/\/api.w.org\/{rel}","templated":true}]}}