{"id":667881,"date":"2026-09-04T21:55:12","date_gmt":"2026-09-04T21:55:12","guid":{"rendered":"https:\/\/www.europesays.com\/pl\/667881\/"},"modified":"2026-09-04T21:55:12","modified_gmt":"2026-09-04T21:55:12","slug":"zawodnicy-sa-wsciekli-zawrzalo-na-us-open-przesada-przeglad-sportowy","status":"publish","type":"post","link":"https:\/\/www.europesays.com\/pl\/667881\/","title":{"rendered":"Zawodnicy s\u0105 w\u015bciekli, zawrza\u0142o na US Open. &quot;Przesada&quot; &#8211; Przegl\u0105d Sportowy"},"content":{"rendered":"<ol>\n<li><a href=\"https:\/\/news.google.com\/rss\/articles\/CBMiqAFBVV95cUxPcU5DVlZYNmdHN1l3eW9nNFlEME5HbUVKV3FDRzFPLVFMOXFvcFlwSG9obUstbTlNNXRhTHFKZjN3TFU0UFIwQ0RwSTVkMGFxTU1hejlFMTM3YzNVeExYeUU2czhWc3AwRXZfalB2ZW56UVpJVjUyUy1BY0lERXlyRDBJVktHV1VsUXRFckYzYTBISjJuZzl6LU9EREhSdFZQR1RKSUtxeGk?oc=5\" target=\"_blank\" rel=\"nofollow noopener\">Zawodnicy s\u0105 w\u015bciekli, zawrza\u0142o na US Open. &#8222;Przesada&#8221;<\/a>&nbsp;&nbsp;Przegl\u0105d Sportowy<\/li>\n<li><a href=\"https:\/\/news.google.com\/rss\/articles\/CBMijgFBVV95cUxOakE1cDlTdHYwOUJLTXZsdlNWZzNIMnowVE54Y0NZYmprQWNER1hodGFpN0hkMjRwcmNsakxSVXVqZ2NBMldGX0JDUnFydGwwOXBHbUI0anVtZU5qVU5YSDBnN3ljUzBJUE1VOXRVOTVwRHNQa2hOZGNaMDdNbERsZ3RaUUIyMXBzYVM2RjBB?oc=5\" target=\"_blank\" rel=\"nofollow noopener\">Na US Open staje si\u0119 to plag\u0105. Osaka apeluje<\/a>&nbsp;&nbsp;SportoweFakty<\/li>\n<li><a href=\"https:\/\/news.google.com\/rss\/articles\/CBMiuAFBVV95cUxOckR1Q3RYQl9zTHpXZGlnYkZrN0lzNGZ4cVZHV2ZCbmNFSWJUYXA3NklYaEFfT0pKUklDUnpfVFlleEFSWm0wcEFzTGJFUlFGVE9mV2s2WlFmWFJRTE16OWZXVktyQkRXWnlpUzNxamEydzhzNmw3SnM4RVc2TWk1STV1REtpVlJmV2o5UFNEM1FKVUFwWkticnhMdG12UHNEOGJpQTJzZDQybEE5ZmhJc2YwRk41bVJG?oc=5\" target=\"_blank\" rel=\"nofollow noopener\">Wielka burza na US Open. Nag\u0142y apel Coco Gauff. Powiedzia\u0142a to publicznie<\/a>&nbsp;&nbsp;Interia Sport<\/li>\n<li><a href=\"https:\/\/news.google.com\/rss\/articles\/CBMilgJBVV95cUxQNF81RlRtQndlRmx3Zll6dHJOekRubHpVNDBkUnhGeXpqQzdITS1peU5nZ0ZzemN2bEp6blZVRC1YUGlKRU5vRlY5OEx4Q01jM1hmTmtjZmJxQnVJeTNJWTg5MFN6ci12Wkc0R0JnUTh4azMyVFE2SkdrbENucmVIS1c0MzVWZzRveV9aUDN2TlU3NWx0YzQwLUxoTnRTNVhoc2t0dWN1SVNGLXEwVUFKb3dGTE4wZkJGNDN3M3p2QWpMNF92emVxMlRaUXltT3ZqTlJVb1hqMm1KSzRXWWQxTFhyb2pyb1Fqa3h2SDlqYnVmMmZna0M2TU0wY3dhaWd0djF3Y2EtNmozd3lvRU9NeXpISGR6QQ?oc=5\" target=\"_blank\" rel=\"nofollow noopener\">&#8222;Brak szacunku&#8221; &#8211; Naomi Osaka i Jessica Pegula o zachowaniu influencer\u00f3w podczas US Open 2026<\/a>&nbsp;&nbsp;eurosport.tvn24.pl<\/li>\n<li><a href=\"https:\/\/news.google.com\/rss\/articles\/CBMirgFBVV95cUxQWG5oVC04eXRxQkwySXFCRjFvMUpoVW0tS3FPUXdkcDRWWWplY05mWHV3YzhTWlpzV0pxc3pnLVJkWGR2ZldPQjVvT2FJNFhiVFFXTmtlUmVlUFp1MUh2N0tPMEhZdHVUYy1NXzBMNHV5QlpjdmRpa0FfZVVWTEJJdTFlTXlMb0MwYUFHRXRqcXJEXzVsYkRXUWZybl9uVzhYTGVVTlhvQVlBeXdJUGc?oc=5\" target=\"_blank\" rel=\"nofollow noopener\">Pegula prosto z mostu o sytuacji w Nowym Jorku: 'To posz\u0142o za daleko&#8217; US Open<\/a>&nbsp;&nbsp;Sport.pl<\/li>\n<\/ol>\n","protected":false},"excerpt":{"rendered":"Zawodnicy s\u0105 w\u015bciekli, zawrza\u0142o na US Open. &#8222;Przesada&#8221;&nbsp;&nbsp;Przegl\u0105d Sportowy Na US Open staje si\u0119 to plag\u0105. Osaka apeluje&nbsp;&nbsp;SportoweFakty&hellip;\n","protected":false},"author":2,"featured_media":667882,"comment_status":"","ping_status":"","sticky":false,"template":"","format":"standard","meta":{"footnotes":"","_share_on_mastodon":"0"},"categories":[24],"tags":[128177,61195,5219,48,46,42,38,40,39,41,47,127,126,156,22568,130,128178],"class_list":["post-667881","post","type-post","status-publish","format-standard","has-post-thumbnail","category-sport","tag-adshield_tst2","tag-bottomfeed_styl","tag-naomi_osaka","tag-nat_styl","tag-omp","tag-pl","tag-poland","tag-polish","tag-polska","tag-polski","tag-screening_general","tag-sport","tag-sports","tag-tenis","tag-us_open","tag-wiadomosci_sportowe","tag-wthl_off"],"share_on_mastodon":{"url":"","error":""},"_links":{"self":[{"href":"https:\/\/www.europesays.com\/pl\/wp-json\/wp\/v2\/posts\/667881","targetHints":{"allow":["GET"]}}],"collection":[{"href":"https:\/\/www.europesays.com\/pl\/wp-json\/wp\/v2\/posts"}],"about":[{"href":"https:\/\/www.europesays.com\/pl\/wp-json\/wp\/v2\/types\/post"}],"author":[{"embeddable":true,"href":"https:\/\/www.europesays.com\/pl\/wp-json\/wp\/v2\/users\/2"}],"replies":[{"embeddable":true,"href":"https:\/\/www.europesays.com\/pl\/wp-json\/wp\/v2\/comments?post=667881"}],"version-history":[{"count":0,"href":"https:\/\/www.europesays.com\/pl\/wp-json\/wp\/v2\/posts\/667881\/revisions"}],"wp:featuredmedia":[{"embeddable":true,"href":"https:\/\/www.europesays.com\/pl\/wp-json\/wp\/v2\/media\/667882"}],"wp:attachment":[{"href":"https:\/\/www.europesays.com\/pl\/wp-json\/wp\/v2\/media?parent=667881"}],"wp:term":[{"taxonomy":"category","embeddable":true,"href":"https:\/\/www.europesays.com\/pl\/wp-json\/wp\/v2\/categories?post=667881"},{"taxonomy":"post_tag","embeddable":true,"href":"https:\/\/www.europesays.com\/pl\/wp-json\/wp\/v2\/tags?post=667881"}],"curies":[{"name":"wp","href":"https:\/\/api.w.org\/{rel}","templated":true}]}}