{"id":667885,"date":"2026-09-04T21:57:30","date_gmt":"2026-09-04T21:57:30","guid":{"rendered":"https:\/\/www.europesays.com\/pl\/667885\/"},"modified":"2026-09-04T21:57:30","modified_gmt":"2026-09-04T21:57:30","slug":"motorola-prezentuje-nowe-smartfony-i-akcesoria-urzadzenia-wprost-z-targow-ifa-2026","status":"publish","type":"post","link":"https:\/\/www.europesays.com\/pl\/667885\/","title":{"rendered":"Motorola prezentuje nowe smartfony i akcesoria \u2013 urz\u0105dzenia wprost z targ\u00f3w IFA 2026"},"content":{"rendered":"<p>Co\u015b\u00a0co doceni\u0105 wszyscy fani marki Motorola.<\/p>\n<p>Czytaj nas cz\u0119\u015bciej w GoogleDodaj PC Format do preferowanych \u017ar\u00f3de\u0142.<\/p>\n<p><a class=\"pcf-sources-btn\" href=\"https:\/\/google.com\/preferences\/source?q=pcformat.pl\" target=\"_blank\" rel=\"noopener nofollow\" title=\"Dodaj do preferowanych \u017ar\u00f3de\u0142 w Google\">Dodaj nas do \u017ar\u00f3de\u0142<\/a> <\/p>\n<p class=\"wp-block-paragraph\">Podczas wydarzenia Lenovo Innovation World, towarzysz\u0105cego targom <a href=\"https:\/\/pcformat.pl\/tagi\/ifa\/\" data-type=\"post_tag\" data-id=\"1242\" rel=\"nofollow noopener\" target=\"_blank\">IFA<\/a> 2026 w Berlinie, <a href=\"https:\/\/www.motorola.com\/pl\/pl\/homepage?utm_source=Google&amp;utm_medium=PPC&amp;utm_campaign=FY27_Q2_MBG_POL_BAU_PL_Moto_SEM-always-on-August_BaseNet_TID~telqzzvuy-03&amp;utm_term=PL-PL&amp;utm_content=Brand&amp;gad_source=1&amp;gad_campaignid=24195148063&amp;gbraid=0AAAAADe-wPG6Uo5xm7R5Qd28fzQLmAJWp\" target=\"_blank\" rel=\"noopener nofollow\">Motorola<\/a> zaprezentowa\u0142a dwa nowe smartfony oraz akcesoria mobilne. W\u015br\u00f3d nowo\u015bci znalaz\u0142y si\u0119: Motorola Edge 70 Plus, Motorola Razr 70 Crystals by Swarovski, Moto Watch Ultra i bezprzewodowa \u0142adowarka Moto Snap. Wi\u0119cej szczeg\u00f3\u0142\u00f3w na ich temat znajdziecie poni\u017cej.<\/p>\n<p>\nSpis tre\u015bci<\/p>\n<ol class=\"pcf-toc__list\">\n<li class=\"pcf-toc__item pcf-toc__item--h2\">\n<a class=\"pcf-toc__link\" href=\"#motorola-edge-70-plus-smartfon-ze-sredniej-polki-wyposazony-w-aparat-200-mpx\"><br \/>\nMotorola Edge 70 Plus \u2013 smartfon ze \u015bredniej p\u00f3\u0142ki wyposa\u017cony w aparat 200 Mpx        <\/a><\/li>\n<li class=\"pcf-toc__item pcf-toc__item--h2\">\n<a class=\"pcf-toc__link\" href=\"#motorola-razr-70-crystals-by-swarovski-limitowana-edycja-skladanego-modelu-w-kolorze-pantone-meteorite-ozdobiona-krysztalami-swarovski\"><br \/>\nMotorola Razr 70 Crystals by Swarovski \u2013 limitowana edycja sk\u0142adanego modelu w kolorze PANTONE Meteorite, ozdobiona kryszta\u0142ami Swarovski        <\/a><\/li>\n<li class=\"pcf-toc__item pcf-toc__item--h2\">\n<a class=\"pcf-toc__link\" href=\"#moto-watch-ultra-zaawansowany-smartwatch-stworzony-we-wspolpracy-z-firma-polar\"><br \/>\nMoto Watch Ultra \u2013 zaawansowany smartwatch stworzony we wsp\u00f3\u0142pracy z firm\u0105 Polar        <\/a><\/li>\n<li class=\"pcf-toc__item pcf-toc__item--h2\">\n<a class=\"pcf-toc__link\" href=\"#moto-snap-bezprzewodowa-ladowarka-zgodna-ze-standardem-qi-2-2\"><br \/>\nMoto Snap \u2013 bezprzewodowa \u0142adowarka zgodna ze standardem Qi 2.2        <\/a><\/li>\n<\/ol>\n<p>Motorola Edge 70 Plus \u2013 smartfon ze \u015bredniej p\u00f3\u0142ki wyposa\u017cony w aparat 200 Mpx<\/p>\n<p class=\"wp-block-paragraph\">Wyposa\u017cona w aparat 200 Mpx Motorola Edge 70 Plus to najnowszy model w rodzinie smartfon\u00f3w Edge. Zgodnie z opisem producenta, oferuje wysokiej klasy ekran, pojemn\u0105 bateri\u0119 oraz charakterystyczny dla marki design inspirowany palet\u0105 Pantone. Smartfon zadebiutowa\u0142 na targach IFA 2026 w Berlinie.<\/p>\n<p class=\"wp-block-paragraph\">Wyr\u00f3\u017cnikiem modelu Motorola Edge 70 Plus ma by\u0107 g\u0142\u00f3wny aparat 200 Mpx z optyczn\u0105 stabilizacj\u0105 obrazu i 10-krotnym zoomem. Wspierany przez algorytmy Moto AI &#8222;\u015bwietnie nadaje si\u0119 do fotografowania z r\u0119ki, a jednocze\u015bnie otwiera szerokie mo\u017cliwo\u015bci podczas robienia zdj\u0119\u0107 w bardziej wymagaj\u0105cych warunkach&#8221;. Umo\u017cliwia r\u00f3wnie\u017c rejestrowanie film\u00f3w w rozdzielczo\u015bci 4K.<\/p>\n<p class=\"wp-block-paragraph\">Motorola Edge 70 Plus zosta\u0142a wyposa\u017cona w charakterystyczny dla serii edge ekran Extreme AMOLED, zakrzywiony na wszystkich czterech kraw\u0119dziach, o przek\u0105tnej 6,78 cala. Wy\u015bwietlacz oferuje cz\u0119stotliwo\u015b\u0107 od\u015bwie\u017cania do 144 Hz oraz kalibracj\u0119 Pantone Validated. Jego maksymalna jasno\u015b\u0107 wynosi 5200 nit\u00f3w, a dodatkow\u0105 ochron\u0119 zapewnia szk\u0142o Corning Gorilla Glass 7i.<\/p>\n<p><img loading=\"lazy\" decoding=\"async\" width=\"1024\" height=\"1024\" data-lazy-type=\"image\" src=\"https:\/\/www.europesays.com\/pl\/wp-content\/uploads\/2026\/09\/026-motorola-edge-70-plus-1024x1024.jpg\" alt=\"Motorola Edge 70 Plus\" class=\"lazy lazy-hidden wp-image-115777\"  \/>\u0179r\u00f3d\u0142o: Motorola<\/p>\n<p class=\"wp-block-paragraph\">Za wydajno\u015b\u0107 smartfona odpowiada \u015bredniop\u00f3\u0142kowy procesor Snapdragon 7s Gen 3, wspierany przez 8 GB pami\u0119ci LPDDR5X z funkcj\u0105 RAM Boost. Model Motorola Edge 70 Plus b\u0119dzie dost\u0119pny na polskim rynku w konfiguracji 8\/256 GB. Bateria o pojemno\u015bci 6500 mAh obs\u0142uguje szybkie \u0142adowanie z moc\u0105 45 W oraz technologi\u0119 Bypass Charging, kt\u00f3ra pozwala na korzystanie z telefonu podczas \u0142adowania przy ograniczeniu obci\u0105\u017cenia baterii.<\/p>\n<p class=\"wp-block-paragraph\">Smartfon Motorola Edge 70 Plus (8\/256 GB) w pa\u017adzierniku zadebiutuje w ofercie sieci T-Mobile. Jego rekomendowana cena detaliczna wynosi 2299 z\u0142.<\/p>\n<p>Motorola Razr 70 Crystals by Swarovski \u2013 limitowana edycja sk\u0142adanego modelu w kolorze PANTONE Meteorite, ozdobiona kryszta\u0142ami Swarovski<\/p>\n<p class=\"wp-block-paragraph\">Podczas odbywaj\u0105cych si\u0119 w Berlinie targ\u00f3w IFA 2026. Motorola zaprezentowa\u0142a sk\u0142adany smartfon Motorola Razr 70 w modowej ods\u0142onie Brilliant Collection, ozdobionej kryszta\u0142ami Swarovski.<\/p>\n<blockquote class=\"wp-block-quote pcf-quote\">\n<p>Brilliant Collection to ekskluzywna seria smartfon\u00f3w Motorola, \u0142\u0105cz\u0105ca<br \/>\nzaawansowan\u0105 technologi\u0119 z unikalnym wzornictwem inspirowanym \u015bwiatem<br \/>\nmody i bi\u017cuterii. Urz\u0105dzenia z tej kolekcji powstaj\u0105 we wsp\u00f3\u0142pracy z firmami<br \/>\nPantone i Swarovski.<\/p>\n<p>informacja prasowa<\/p><\/blockquote>\n<p class=\"wp-block-paragraph\">Motorola razr 70 zosta\u0142a wyposa\u017cona w zewn\u0119trzny wy\u015bwietlacz o przek\u0105tnej 3,63 cala, umo\u017cliwiaj\u0105cy uruchamianie aplikacji oraz podgl\u0105d na \u017cywo zdj\u0119\u0107 wykonywanych g\u0142\u00f3wnym, podw\u00f3jnym aparatem 50 Mpx. Po roz\u0142o\u017ceniu smartfon oferuje du\u017cy, 6,9-calowy wy\u015bwietlacz Extreme AMOLED 120 Hz o jasno\u015bci si\u0119gaj\u0105cej 3000 nit\u00f3w.<\/p>\n<p><img loading=\"lazy\" decoding=\"async\" width=\"1440\" height=\"1440\" data-id=\"115775\" data-lazy-type=\"image\" src=\"https:\/\/www.europesays.com\/pl\/wp-content\/uploads\/2026\/09\/017-motorola-razr-70-with-Crystals-by-Swarovski.jpg\" alt=\"Motorola Razr 70\" class=\"lazy lazy-hidden wp-image-115775\"  \/>\u0179r\u00f3d\u0142o: Motorola<img loading=\"lazy\" decoding=\"async\" width=\"1440\" height=\"1440\" data-id=\"115776\" data-lazy-type=\"image\" src=\"https:\/\/www.europesays.com\/pl\/wp-content\/uploads\/2026\/09\/020-motorola-razr-70-with-Crystals-by-Swarovski.jpg\" alt=\"Motorola Razr 70\" class=\"lazy lazy-hidden wp-image-115776\"  \/>\u0179r\u00f3d\u0142o: Motorola<\/p>\n<p class=\"wp-block-paragraph\">Za wydajno\u015b\u0107 odpowiada procesor MediaTek Dimensity 7450X. Model Razr 70 wspierany jest przez zaawansowane funkcje Moto AI, a dzi\u0119ki optymalizacji i baterii o pojemno\u015bci 4800 mAh mo\u017ce dzia\u0142a\u0107 do 36 godzin na jednym \u0142adowaniu.<\/p>\n<p class=\"wp-block-paragraph\">Najnowsza ods\u0142ona Brilliant Collection ze smartfonem Motorola Razr 70 Crystals by Swarovski (8\/256 GB) zadebiutuje w Polsce w pa\u017adzierniku, w rekomendowanej cenie detalicznej 4499 z\u0142. Smartfon b\u0119dzie mo\u017cna kupi\u0107 w sieciach partnerskich: x-kom, Media Expert, MediaMarkt oraz RTV Euro AGD.<\/p>\n<p>Moto Watch Ultra \u2013 zaawansowany smartwatch stworzony we wsp\u00f3\u0142pracy z firm\u0105 Polar<\/p>\n<p class=\"wp-block-paragraph\">Na targach IFA 2026 Motorola zapowiedzia\u0142a tak\u017ce Moto Watch Ultra, sw\u00f3j najbardziej zaawansowany zegarek opracowany we wsp\u00f3\u0142pracy z firm\u0105 Polar. Smartwatch pracuje pod kontrol\u0105 systemu Wear OS 6, oferuj\u0105c mi\u0119dzy innymi \u0142\u0105czno\u015b\u0107 LTE, dwupasmowy GPS oraz wy\u015bwietlacz OLED o jasno\u015bci si\u0119gaj\u0105cej 2700 nit\u00f3w.<\/p>\n<p class=\"wp-block-paragraph\">Moto watch ultra wykorzystuje algorytmy i rozwi\u0105zania Polar wspieraj\u0105ce monitorowanie kondycji, snu i regeneracji. W\u015br\u00f3d dost\u0119pnych funkcji znalaz\u0142y si\u0119 m.in.: Serene (\u0107wiczenia oddechowe monitorowane w czasie rzeczywistym), Nightly Recharge (analiza jako\u015bci snu i regeneracji) oraz Sleep Plus Stages (zaawansowane monitorowanie poszczeg\u00f3lnych faz snu).<\/p>\n<p class=\"wp-block-paragraph\">Smartwatch dzia\u0142a pod kontrol\u0105 Wear OS by Google, integruj\u0105c si\u0119 ze smartfonami z Androidem. Bezpo\u015brednio z poziomu zegarka mo\u017cliwy jest dost\u0119p do Google Play oraz aplikacji takich jak YouTube Music, Mapy Google, Wiadomo\u015bci Google i Google Gemini. Moto watch ultra jest r\u00f3wnie\u017c pierwszym akcesorium marki zintegrowanym z ekosystemem Motorola Qira.<\/p>\n<p><img loading=\"lazy\" decoding=\"async\" width=\"1024\" height=\"1024\" data-lazy-type=\"image\" src=\"https:\/\/www.europesays.com\/pl\/wp-content\/uploads\/2026\/09\/011-motorola-moto-watch-ultra-1024x1024.jpg\" alt=\"Motorola Moto Watch Ultra\" class=\"lazy lazy-hidden wp-image-115778\"  \/>\u0179r\u00f3d\u0142o: Motorola<\/p>\n<p class=\"wp-block-paragraph\">Tarcza zegarka jest czytelna w ka\u017cdych warunkach dzi\u0119ki zastosowaniu wy\u015bwietlacza OLED o przek\u0105tnej 1,5 cala i rozdzielczo\u015bci 466 x 466 pikseli, o szczytowej jasno\u015bci 2700 nit\u00f3w. 46-milimetrowa koperta zosta\u0142a wykonana z nierdzewnej, uszlachetnianej stali. Bateria zapewnia do dw\u00f3ch dni pracy na jednym \u0142adowaniu, a szybkie \u0142adowanie pozwala uzupe\u0142ni\u0107 jej poziom do 30% w zaledwie 10 minut. Moto watch ultra jest odporny na dzia\u0142anie wody pod ci\u015bnieniem 5 atm (zanurzenie do 50 metr\u00f3w) i spe\u0142nia wymagania normy IP68.<\/p>\n<p class=\"wp-block-paragraph\">Zegarek moto watch ultra trafi do Polski w pa\u017adzierniku, w rekomendowanej cenie detalicznej 1799 z\u0142. B\u0119dzie go mo\u017cna kupi\u0107 w sieciach partnerskich: x-kom, Neonet, Media Expert, RTV Euro AGD, MediaMarkt, Delkom, i-Terra, Komputronik, Action, GT Group oraz w oficjalnym Showroomie Motorola i Lenovo w Warszawie.<\/p>\n<p>Moto Snap \u2013 bezprzewodowa \u0142adowarka zgodna ze standardem Qi 2.2<\/p>\n<p class=\"wp-block-paragraph\">Ostatni\u0105 zapowiedzian\u0105 nowo\u015bci\u0105 w ofercie marki Motorola jest bezprzewodowa \u0142adowarka Moto Snap, zgodna ze standardem Qi 2.2. Pozwoli ona \u0142adowa\u0107 kompatybilne smartfony Motorola z moc\u0105 do 30 W, a urz\u0105dzenia innych marek z moc\u0105 do 25 W.<\/p>\n<p class=\"wp-block-paragraph\">Obs\u0142uguje najnowszy standard \u0142adowania bezprzewodowego Qi 2.2, kt\u00f3ry zwi\u0119ksza maksymaln\u0105 moc \u0142adowania z 15 do 25 W. Zapewnia tak\u017ce lepsz\u0105 efektywno\u015b\u0107 energetyczn\u0105, ograniczaj\u0105c straty energii dzi\u0119ki usprawnionej komunikacji mi\u0119dzy smartfonem a \u0142adowark\u0105. Jedn\u0105 z najwi\u0119kszych zalet Moto Snap s\u0105 wbudowane magnesy, kt\u00f3re zapewniaj\u0105 precyzyjne po\u0142\u0105czenie i stabilizacj\u0119 smartfona po od\u0142o\u017ceniu go na \u0142adowark\u0119.<\/p>\n<p><img loading=\"lazy\" decoding=\"async\" width=\"1024\" height=\"1024\" data-id=\"115773\" data-lazy-type=\"image\" src=\"https:\/\/www.europesays.com\/pl\/wp-content\/uploads\/2026\/09\/009-motorola-moto-snap-wireless-charger-1024x1024.jpg\" alt=\"Motorola Moto Snap\" class=\"lazy lazy-hidden wp-image-115773\"  \/>\u0179r\u00f3d\u0142o: Motorola<\/p>\n<p class=\"wp-block-paragraph\">Moto Snap jest uniwersalna, a wi\u0119c umo\u017cliwia \u0142adowanie wszystkich urz\u0105dze\u0144 obs\u0142uguj\u0105cych standard Qi. W przypadku kompatybilnych modeli smartfon\u00f3w Motorola, dzi\u0119ki wykorzystaniu w\u0142asnego protoko\u0142u, mo\u017cliwe b\u0119dzie jeszcze szybsze \u0142adowanie &#8211; z maksymaln\u0105 moc\u0105 si\u0119gaj\u0105c\u0105 30 W.<\/p>\n<p class=\"wp-block-paragraph\">Moto snap wireless charger pojawi si\u0119 w Polsce w pa\u017adzierniku. Rekomendowana cena detaliczna urz\u0105dzenia to 99 z\u0142. \u0141adowarka dost\u0119pna b\u0119dzie w sieciach partnerskich: x-kom, Media Expert, RTV Euro AGD, MediaMarkt, Komputronik, Action oraz w oficjalnym Showroomie Lenovo i Motorola w Warszawie.<\/p>\n","protected":false},"excerpt":{"rendered":"Co\u015b\u00a0co doceni\u0105 wszyscy fani marki Motorola. Czytaj nas cz\u0119\u015bciej w GoogleDodaj PC Format do preferowanych \u017ar\u00f3de\u0142. Dodaj nas&hellip;\n","protected":false},"author":2,"featured_media":667886,"comment_status":"","ping_status":"","sticky":false,"template":"","format":"standard","meta":{"footnotes":"","_share_on_mastodon":"0"},"categories":[20],"tags":[120,118,119,42,38,40,39,41,116,114,115,121,117],"class_list":["post-667885","post","type-post","status-publish","format-standard","has-post-thumbnail","category-nauka-i-technika","tag-nauka","tag-nauka-i-technika","tag-naukatechnika","tag-pl","tag-poland","tag-polish","tag-polska","tag-polski","tag-science","tag-science-and-technology","tag-sciencetechnology","tag-technika","tag-technology"],"share_on_mastodon":{"url":"https:\/\/pubeurope.com\/@pl\/117215012548010953","error":""},"_links":{"self":[{"href":"https:\/\/www.europesays.com\/pl\/wp-json\/wp\/v2\/posts\/667885","targetHints":{"allow":["GET"]}}],"collection":[{"href":"https:\/\/www.europesays.com\/pl\/wp-json\/wp\/v2\/posts"}],"about":[{"href":"https:\/\/www.europesays.com\/pl\/wp-json\/wp\/v2\/types\/post"}],"author":[{"embeddable":true,"href":"https:\/\/www.europesays.com\/pl\/wp-json\/wp\/v2\/users\/2"}],"replies":[{"embeddable":true,"href":"https:\/\/www.europesays.com\/pl\/wp-json\/wp\/v2\/comments?post=667885"}],"version-history":[{"count":0,"href":"https:\/\/www.europesays.com\/pl\/wp-json\/wp\/v2\/posts\/667885\/revisions"}],"wp:featuredmedia":[{"embeddable":true,"href":"https:\/\/www.europesays.com\/pl\/wp-json\/wp\/v2\/media\/667886"}],"wp:attachment":[{"href":"https:\/\/www.europesays.com\/pl\/wp-json\/wp\/v2\/media?parent=667885"}],"wp:term":[{"taxonomy":"category","embeddable":true,"href":"https:\/\/www.europesays.com\/pl\/wp-json\/wp\/v2\/categories?post=667885"},{"taxonomy":"post_tag","embeddable":true,"href":"https:\/\/www.europesays.com\/pl\/wp-json\/wp\/v2\/tags?post=667885"}],"curies":[{"name":"wp","href":"https:\/\/api.w.org\/{rel}","templated":true}]}}