{"id":667895,"date":"2026-09-04T22:02:25","date_gmt":"2026-09-04T22:02:25","guid":{"rendered":"https:\/\/www.europesays.com\/pl\/667895\/"},"modified":"2026-09-04T22:02:25","modified_gmt":"2026-09-04T22:02:25","slug":"brat-zbigniewa-ziobry-reaguje-na-slowa-donalda-tuska-absurdalny-atak","status":"publish","type":"post","link":"https:\/\/www.europesays.com\/pl\/667895\/","title":{"rendered":"Brat Zbigniewa Ziobry reaguje na s\u0142owa Donalda Tuska. &#8222;Absurdalny atak&#8221;"},"content":{"rendered":"<p>W czasie pi\u0105tkowego wyst\u0105pienia w Sejmie premier Donald Tusk zabra\u0142 g\u0142os w sprawie afery Zondacrypto. <a href=\"https:\/\/wiadomosci.onet.pl\/kraj\/afera-zondacrypto-donald-tusk-w-sejmie-cytuje-fragmenty-zeznan\/4jvwybc\" id=\"9ea13edc-4c43-4017-a37e-ddcb7114939e\" rel=\"nofollow noopener\" target=\"_blank\">Odczyta\u0142 m.in. zeznanie &#8222;kolegi z Monako i Ibizy&#8221;<\/a>.\u2014 Cz\u0142owiek po\u015brednicz\u0105cy w <a href=\"https:\/\/wiadomosci.onet.pl\/kraj\/premier-mowil-o-roli-zbigniewa-ziobry-w-aferze-zondacrypto-jest-reakcja-polityka-pis\/mqc5nhq\" id=\"40720aa9-f062-421b-836a-35f9a2bc0c97\" rel=\"nofollow noopener\" target=\"_blank\">rozmowach mi\u0119dzy Zbigniewem Ziobr\u0105<\/a> a osob\u0105, kt\u00f3ra szefowa\u0142a przedsi\u0119wzi\u0119ciu Zondacrypto, ta osoba twierdzi: Zbyszek zapozna\u0142 si\u0119 z aktami, to jest skandal. (&#8230;) Obieca\u0142, \u017ce jak wr\u00f3ci do w\u0142adzy w Ministerstwie Sprawiedliwo\u015bci, czego jest pewien, to ukr\u0119ci \u0142eb wszystkim tym sprawom i \u017cebym si\u0119 nie martwi\u0142 \u2014 przekaza\u0142 Tusk.<a href=\"https:\/\/www.onet.pl\/\" title=\"Strona G\u0142\u00f3wna\" aria-label=\"Strona G\u0142\u00f3wna\" data-astro-prefetch=\"tap\" class=\"ods-a-logo-main-desktop\" rel=\"nofollow noopener\" target=\"_blank\"><img src=\"https:\/\/cdn.wiadomosci.onet.pl\/img\/Logo_desktop_Onet.svg\" class=\"ods-a-logo-main-desktop__image\" alt=\"Logo\" width=\"107\" height=\"60\" fetchpriority=\"high\" decoding=\"sync\" style=\"height:60px\"\/><\/a><\/p>\n<p class=\"ods-m-google-article__text\">Czytaj nas cz\u0119\u015bciej w Google<\/p>\n<p><a href=\"https:\/\/google.com\/preferences\/source?q=wiadomosci.onet.pl\" target=\"_blank\" rel=\"noopener noreferrer nofollow\" aria-label=\"Dodaj w Google\" title=\"Dodaj w Google\" class=\"ods-a-button ods-a-button__primary ods-a-button__default ods-a-button-l\">Dodaj w Google<\/a>Dalszy ci\u0105g artyku\u0142u pod materia\u0142em wideo<\/p>\n<p>Nast\u0119pnie doda\u0142, \u017ce z zezna\u0144 tej osoby wynika, \u017ce &#8222;rekompensata&#8221; za te dzia\u0142ania &#8222;b\u0119dzie wyp\u0142acona panu ministrowi Ziobro za po\u015brednictwem fundacji, kt\u00f3r\u0105 zak\u0142ada\u0142 brat pana Ziobry, a by\u0142a to fundacja Suwerennej Polski&#8221;.<\/p>\n<p>Brat Zbigniewa Ziobry reaguje<\/p>\n<p>Brat by\u0142ego ministra sprawiedliwo\u015bci odni\u00f3s\u0142 si\u0119 do tych s\u0142\u00f3w \u2014 informuje portal doRzeczy. Witold Kornicki (wcze\u015bniej Ziobro) wystosowa\u0142 do Donalda Tuska przeds\u0105dowe wezwanie, w kt\u00f3rym domaga si\u0119 od premiera sprostowania oraz osobistych przeprosin. <\/p>\n<p>O co dok\u0142adnie chodzi w aferze Zondacrypto [WYJA\u015aNIAMY]<img class=\"ods-a-photo ods-a-photo--background\" src=\"https:\/\/www.europesays.com\/pl\/wp-content\/uploads\/2026\/09\/1788559345_354_qKuk9lBaHR0cHM6Ly9vY2RuLmV1L3B1bHNjbXMvTURBXy8wMTUwMTFjZTA1ZmRmYTE1YzJiMmJiNTBlOGU2YmM0OS5qcGeRlQLNA.jpeg\" height=\"254\" width=\"450\" alt=\"Przemys\u0142aw Kral\" loading=\"lazy\" fetchpriority=\"low\" decoding=\"async\"\/><\/p>\n<p>&#8222;Premier Tusk z m\u00f3wnicy Sejmu wrzuci\u0142 mnie do sprawy Zondacrypto jednym zdaniem: \u017ce pieni\u0105dze mia\u0142y i\u015b\u0107 przez \u00bbfundacj\u0119, kt\u00f3r\u0105 zak\u0142ada\u0142 brat pana Ziobry\u00ab. Nie wymieni\u0142 nazwiska. Nie musia\u0142. W tym kraju brat Zbigniewa Ziobry jest jeden. I to ja&#8221; \u2014 pisze w o\u015bwiadczeniu, cytowanym przez portal.<\/p>\n<p>W dalszej cz\u0119\u015bci zaprzecza, by zak\u0142ada\u0142 jak\u0105kolwiek fundacj\u0119. Neguje r\u00f3wnie\u017c spotkania z jakimkolwiek przedstawicielem Zondacrypto. Wskazuje ponadto, \u017ce nie by\u0142 klientem gie\u0142dy, nie \u015bwiadczy\u0142 na jej rzecz us\u0142ug oraz nie kupowa\u0142 za jej po\u015brednictwem kryptowalut.<\/p>\n<p>&#8222;Jedyny \u00bbdow\u00f3d\u00ab premiera: pokrewie\u0144stwo&#8221; \u2014 wskazuje dalej Kornicki, twierdz\u0105c, \u017ce szef rz\u0105du odczyta\u0142 fragment zezna\u0144, tworz\u0105cych fa\u0142szywy obraz. &#8222;To nie pomy\u0142ka, a niedorzeczny, absurdalny atak na rodzin\u0119 polityka&#8221; \u2014 podsumowuje w o\u015bwiadczeniu.<\/p>\n","protected":false},"excerpt":{"rendered":"W czasie pi\u0105tkowego wyst\u0105pienia w Sejmie premier Donald Tusk zabra\u0142 g\u0142os w sprawie afery Zondacrypto. Odczyta\u0142 m.in. zeznanie&hellip;\n","protected":false},"author":2,"featured_media":667896,"comment_status":"","ping_status":"","sticky":false,"template":"","format":"standard","meta":{"footnotes":"","_share_on_mastodon":"0"},"categories":[62713],"tags":[61195,1345,212,49,48,46,47,423,129664,2037,17994],"class_list":["post-667895","post","type-post","status-publish","format-standard","has-post-thumbnail","category-donald-tusk","tag-bottomfeed_styl","tag-donald-tusk","tag-donald_tusk","tag-kraj","tag-nat_styl","tag-omp","tag-screening_general","tag-sejm","tag-witold_kornicki","tag-zbigniew_ziobro","tag-zondacrypto"],"share_on_mastodon":{"url":"https:\/\/pubeurope.com\/@pl\/117215032955115182","error":""},"_links":{"self":[{"href":"https:\/\/www.europesays.com\/pl\/wp-json\/wp\/v2\/posts\/667895","targetHints":{"allow":["GET"]}}],"collection":[{"href":"https:\/\/www.europesays.com\/pl\/wp-json\/wp\/v2\/posts"}],"about":[{"href":"https:\/\/www.europesays.com\/pl\/wp-json\/wp\/v2\/types\/post"}],"author":[{"embeddable":true,"href":"https:\/\/www.europesays.com\/pl\/wp-json\/wp\/v2\/users\/2"}],"replies":[{"embeddable":true,"href":"https:\/\/www.europesays.com\/pl\/wp-json\/wp\/v2\/comments?post=667895"}],"version-history":[{"count":0,"href":"https:\/\/www.europesays.com\/pl\/wp-json\/wp\/v2\/posts\/667895\/revisions"}],"wp:featuredmedia":[{"embeddable":true,"href":"https:\/\/www.europesays.com\/pl\/wp-json\/wp\/v2\/media\/667896"}],"wp:attachment":[{"href":"https:\/\/www.europesays.com\/pl\/wp-json\/wp\/v2\/media?parent=667895"}],"wp:term":[{"taxonomy":"category","embeddable":true,"href":"https:\/\/www.europesays.com\/pl\/wp-json\/wp\/v2\/categories?post=667895"},{"taxonomy":"post_tag","embeddable":true,"href":"https:\/\/www.europesays.com\/pl\/wp-json\/wp\/v2\/tags?post=667895"}],"curies":[{"name":"wp","href":"https:\/\/api.w.org\/{rel}","templated":true}]}}