{"id":667911,"date":"2026-09-04T22:24:38","date_gmt":"2026-09-04T22:24:38","guid":{"rendered":"https:\/\/www.europesays.com\/pl\/667911\/"},"modified":"2026-09-04T22:24:38","modified_gmt":"2026-09-04T22:24:38","slug":"twoja-twarz-brzmi-znajomo-z-nowymi-uczestnikami-znamy-wyniki-1-odc-zdjecia","status":"publish","type":"post","link":"https:\/\/www.europesays.com\/pl\/667911\/","title":{"rendered":"&#8222;Twoja twarz brzmi znajomo&#8221; z nowymi uczestnikami. Znamy wyniki 1. odc. [ZDJ\u0118CIA]"},"content":{"rendered":"<p>Wielki powr\u00f3t &#8222;<a href=\"https:\/\/plejada.pl\/temat\/twoja-twarz-brzmi-znajomo\/bljw46w\" id=\"10cb1612-cd29-4c0c-a76c-9f6d6885e90b\" rel=\"nofollow noopener\" target=\"_blank\">Twoja twarz brzmi znajomo<\/a>&#8221; rozpocz\u0105\u0142 si\u0119 od mocnego uderzenia \u2014 piosenk\u0119 Rihanny wykona\u0142a zwyci\u0119\u017cczyni poprzedniej edycji, fenomenalna Natalia Muianga \u2014 zwyci\u0119\u017cczyni poprzedniej edycji. To zapowied\u017a sezonu pe\u0142nego niespodzianek.Nowa edycja to r\u00f3wnie\u017c zupe\u0142nie odmienione, jeszcze wi\u0119ksze i bardziej widowiskowe studio, do kt\u00f3rego widz\u00f3w zaprosili prowadz\u0105cy \u2014 <a href=\"https:\/\/plejada.pl\/temat\/agnieszka-hyzy-popielewicz\/yrh96et\" id=\"d386cd74-ad26-48d0-8e6a-fc0d8d02e13c\" rel=\"nofollow noopener\" target=\"_blank\">Agnieszka Hy\u017cy<\/a> i Maciej Rock. Nowo\u015bci\u0105 jest nowoczesna winda, kt\u00f3r\u0105 od tej edycji na scen\u0119 b\u0119d\u0105 wje\u017cd\u017ca\u0107 wszyscy uczestnicy. Ale to dopiero pocz\u0105tek zmian. &#8222;B\u0119d\u0105 niespodzianki, b\u0119d\u0105 nowe nagrody, b\u0119d\u0105 nowe zasady i b\u0119d\u0105\u2026 kradzie\u017ce!&#8221; \u2014 zapowiedzia\u0142a Agnieszka Hy\u017cy.<a href=\"https:\/\/www.onet.pl\/\" title=\"Strona G\u0142\u00f3wna\" aria-label=\"Strona G\u0142\u00f3wna\" data-astro-prefetch=\"tap\" class=\"ods-a-logo-main-desktop\" rel=\"nofollow noopener\" target=\"_blank\"><img src=\"https:\/\/cdn.plejada.pl\/img\/Logo_desktop_Onet.svg\" class=\"ods-a-logo-main-desktop__image\" alt=\"Logo\" width=\"107\" height=\"60\" fetchpriority=\"high\" decoding=\"sync\" style=\"height:60px\"\/><\/a><\/p>\n<p class=\"ods-m-google-article__text\">Czytaj nas cz\u0119\u015bciej w Google<\/p>\n<p><a href=\"https:\/\/google.com\/preferences\/source?q=plejada.pl\" target=\"_blank\" rel=\"noopener noreferrer nofollow\" aria-label=\"Dodaj w Google\" title=\"Dodaj w Google\" class=\"ods-a-button ods-a-button__primary ods-a-button__default ods-a-button-l\">Dodaj w Google<\/a>Maciej Rock przypomnia\u0142 sk\u0142ad jury: <a href=\"https:\/\/plejada.pl\/temat\/justyna-steczkowska-piosenkarka\/fvxxb9f\" id=\"96cb2ec3-aa34-4029-8234-f8349a939f3e\" rel=\"nofollow noopener\" target=\"_blank\">Justyna Steczkowska<\/a>, Ma\u0142gorzata Walewska, Piotr G\u0105sowski i Stefano Terrazzino. Prowadz\u0105cy poinformowa\u0142 tak\u017ce o znacz\u0105cych zmianach w wysoko\u015bci nagr\u00f3d \u2014 za zwyci\u0119stwo w odcinku uczestnik otrzyma teraz 15 tys. z\u0142 (wcze\u015bniej 10 tys.), a nagroda g\u0142\u00f3wna wzros\u0142a ze 100 do a\u017c 150 tys. z\u0142. Ca\u0142o\u015b\u0107, jak zawsze, zostanie przekazana na cele charytatywne.Dalszy ci\u0105g artyku\u0142u pod materia\u0142em wideo&#8221;Twoja twarz brzmi znajomo&#8221; z nowymi uczestnikami. Znamy wynikiJako pierwszy na nowej scenie wyst\u0105pi\u0142 <a href=\"https:\/\/plejada.pl\/temat\/marcin-maciejczak\/4ykm2qj\" id=\"b835e25e-6a45-4720-b72b-4886e5149951\" rel=\"nofollow noopener\" target=\"_blank\">Marcin Maciejczak<\/a> \u2014 zaledwie 20-letni wokalista, kt\u00f3ry na rynku muzycznym obecny jest ju\u017c od siedmiu lat. Wylosowa\u0142 przeb\u00f3j &#8222;Susanna&#8221; zespo\u0142u The Art Company. &#8222;Witaj w programie, m\u00f3j drogi. Ciesz\u0119 si\u0119, \u017ce b\u0119dzie m\u0142odzie\u017c przez ciebie tutaj reprezentowana. \u015awietnie \u015bpiewasz i aktorsko te\u017c fajnie, dobrze jest&#8221; \u2014 podsumowa\u0142 Piotr G\u0105sowski.<a href=\"https:\/\/plejada.pl\/temat\/gabriel-fleszar\/c6bmbst\" id=\"9e3d9238-12d4-4080-9145-f8ebe69f32d4\" rel=\"nofollow noopener\" target=\"_blank\">Gabriel Fleszar<\/a>, pami\u0119tany z przeboju &#8222;Kropl\u0105 deszczu&#8221;, zmierzy\u0142 si\u0119 z &#8222;Tolerancj\u0105&#8221; Stanis\u0142awa Soyki. &#8222;Pi\u0119knie by\u0142o wida\u0107 tw\u00f3j szacunek i punkty styczne, niesione w s\u0142owach i przez minimalistyczny ruch. To by\u0142o bardzo emocjonuj\u0105ce&#8221; \u2014 oceni\u0142 Stefano Terrazzino.<a href=\"https:\/\/plejada.pl\/temat\/rafal-brzozowski\/9vm8lq5\" id=\"ddbf4b15-6218-475d-872c-989475520e76\" rel=\"nofollow noopener\" target=\"_blank\">Rafa\u0142 Brzozowski<\/a>, znany wokalista i prezenter, za\u015bpiewa\u0142 &#8222;Father Figure&#8221; George&#8217;a Michaela. &#8222;To jest taki facet, co stoi i \u015bpiewa pe\u0142nym g\u0142osem. I teraz nagle wychodzisz i \u015bpiewasz na tym przydechu prawie falsetem \u2014 wow, jestem zadziwiona&#8221; \u2014 komentowa\u0142a Justyna Steczkowska.<img class=\"ods-a-photo ods-a-photo--background\" src=\"https:\/\/www.europesays.com\/pl\/wp-content\/uploads\/2026\/09\/ZTSk9lBaHR0cHM6Ly9vY2RuLmV1L3B1bHNjbXMvTURBXy82ZDFiMGI0MzUyM2ZkM2EyNTc2MzA2NmQzNTFhNjliZC5qcGeRlQLNA.jpeg\" height=\"277\" width=\"450\" alt=\"Ariana Grande\" loading=\"lazy\" fetchpriority=\"low\" decoding=\"async\"\/><a href=\"https:\/\/plejada.pl\/temat\/marcin-miller-muzyk\/8m2sjrs\" id=\"96f0a635-79dc-4cbe-b9c8-f7d28a4f3fe3\" rel=\"nofollow noopener\" target=\"_blank\">Marcin Miller<\/a> z zespo\u0142u &#8222;Boys&#8221; wcieli\u0142 si\u0119 w Maryl\u0119 Rodowicz, \u015bpiewaj\u0105c &#8222;Sing&#8221; z towarzyszeniem Kuby Szyperskiego, zwyci\u0119zcy 21. edycji programu. &#8222;Dla mnie by\u0142e\u015b Maryl\u0105 1 do 1. We wszystkim \u2014 w ge\u015bcie, w sposobie ekspresji, w chodzeniu, w staniu\u2026&#8221; \u2014 zachwyca\u0142 si\u0119 Piotr G\u0105sowski.<a href=\"https:\/\/plejada.pl\/temat\/ida-nowakowska\/lej3pbq\" id=\"4ee082a9-c1c2-4556-b8e5-bb18a3a578aa\" rel=\"nofollow noopener\" target=\"_blank\">Ida Nowakowska<\/a>, tancerka i prezenterka, zadebiutowa\u0142a wokalnie w utworze &#8222;Tango kat&#8221; Ireny Kwiatkowskiej. &#8222;To jak za\u015bpiewa\u0142a\u015b, to jest totalnie szok. Sopranowym g\u0142osem, z pi\u0119kn\u0105 wibracj\u0105 \u2014 brawo dla ciebie i twoich nauczycieli&#8221; \u2014 m\u00f3wi\u0142a Justyna Steczkowska.<a href=\"https:\/\/plejada.pl\/temat\/maria-sadowska\/8f1krm4\" id=\"0b670472-0cc4-440b-b518-83ed5c63210e\" rel=\"nofollow noopener\" target=\"_blank\">Maria Sadowska<\/a>, re\u017cyserka i wokalistka, wcieli\u0142a si\u0119 w Sama Smitha, wykonuj\u0105c &#8222;Promises&#8221;. &#8222;Jestem pod wra\u017ceniem tego synchronicznego ruchu i tego, \u017ce si\u0119 tak sprawnie rusza\u0142a\u015b, a wokal na tym nie ucierpia\u0142&#8221; \u2014 oceni\u0142a Ma\u0142gorzata Walewska.<a href=\"https:\/\/plejada.pl\/temat\/bryska-piosenkarka\/ptgln8h\" id=\"62a97fe6-23c4-4b20-bee3-1d8c5b088f0f\" rel=\"nofollow noopener\" target=\"_blank\">Bryska<\/a>, najm\u0142odsza uczestniczka, przeobrazi\u0142a si\u0119 w Artura Rojka i wykona\u0142a &#8222;Dla Ciebie&#8221;. &#8222;Zrobi\u0142a\u015b tu pewnego rodzaju napi\u0119cie. To by\u0142 super kierunek. Brawo&#8221; \u2014 komentowa\u0142 Stefano Terrazzino.<\/p>\n<p>Ostatnia na scenie pojawi\u0142a si\u0119 Ula Milewska, znana z musicalowych produkcji, kt\u00f3ra wcieli\u0142a si\u0119 w Lady Gag\u0119 i wykona\u0142a &#8222;Abracadabra&#8221;. &#8222;Nie pami\u0119tam takiego pierwszego odcinka, takiego mocnego. Dla was wszystkich wielkie brawa od samego pocz\u0105tku. A ty by\u0142a\u015b tego ukoronowaniem&#8221; \u2014 podsumowa\u0142 Piotr G\u0105sowski.<\/p>\n<p>Pierwszy odcinek zako\u0144czy\u0142 si\u0119 zwyci\u0119stwem Uli Milewskiej, kt\u00f3ra przekaza\u0142a nagrod\u0119 w wysoko\u015bci 15 tys. z\u0142 fundacji Zd\u0105\u017cy\u0107 z pomoc\u0105. Drugie miejsce zaj\u0105\u0142 Marcin Miller, a 5 tys. z\u0142 od niego trafi\u0142o do Stowarzyszenia Braci Mniejszych w E\u0142ku.<\/p>\n<p>1\/30Natalia Muianga<img class=\"ods-a-photo ods-a-photo--background\" src=\"https:\/\/www.europesays.com\/pl\/wp-content\/uploads\/2026\/09\/Wytk9lBaHR0cHM6Ly9vY2RuLmV1L3B1bHNjbXMvTURBXy83ZDQ4ZDQwNDBlYjlhMGM5MzA5ZDVkZWUyYWNiZDY2My5qcGeRkwXNB.jpeg\" height=\"625\" width=\"940\" alt=\"Natalia Muianga\" loading=\"lazy\" fetchpriority=\"auto\" decoding=\"auto\" url=\"https:\/\/ocdn.eu\/pulscms\/MDA_\/7d48d4040eb9a0c9309d5dee2acbd663.jpg\" description=\"Natalia Muianga\" author=\"Polsat\" source=\"\"\/><\/p>\n<p>Polsat<\/p>\n<p>Natalia Muianga<\/p>\n<p>2\/30Natalia Muianga jako Rihanna<img class=\"ods-a-photo ods-a-photo--background\" src=\"https:\/\/www.europesays.com\/pl\/wp-content\/uploads\/2026\/09\/gSNk9lBaHR0cHM6Ly9vY2RuLmV1L3B1bHNjbXMvTURBXy8wYmQ3M2VmODAxZTJjZWIxZDY5ZDE0YTZiYWNmYjU4Zi5qcGeRkwXNB.jpeg\" height=\"625\" width=\"940\" alt=\"Natalia Muianga jako Rihanna\" loading=\"lazy\" fetchpriority=\"auto\" decoding=\"auto\" url=\"https:\/\/ocdn.eu\/pulscms\/MDA_\/0bd73ef801e2ceb1d69d14a6bacfb58f.jpg\" description=\"Natalia Muianga jako Rihanna\" author=\"Polsat\" source=\"\"\/><\/p>\n<p>Polsat<\/p>\n<p>Natalia Muianga jako Rihanna<\/p>\n<p>3\/30Natalia Muianga jako Rihanna<img class=\"ods-a-photo ods-a-photo--background\" src=\"https:\/\/www.europesays.com\/pl\/wp-content\/uploads\/2026\/09\/50tk9lBaHR0cHM6Ly9vY2RuLmV1L3B1bHNjbXMvTURBXy9mNjFhYjQ3ZWI0N2EzZjk3YWY1ZTAwNGExMmJkY2YzMS5qcGeRkwXNB.jpeg\" height=\"625\" width=\"940\" alt=\"Natalia Muianga jako Rihanna\" loading=\"lazy\" fetchpriority=\"auto\" decoding=\"auto\" url=\"https:\/\/ocdn.eu\/pulscms\/MDA_\/f61ab47eb47a3f97af5e004a12bdcf31.jpg\" description=\"Natalia Muianga jako Rihanna\" author=\"Polsat\" source=\"\"\/><\/p>\n<p>Polsat<\/p>\n<p>Natalia Muianga jako Rihanna<\/p>\n<p>4\/30Marcin Maciejczak<img class=\"ods-a-photo ods-a-photo--background\" src=\"https:\/\/www.europesays.com\/pl\/wp-content\/uploads\/2026\/09\/qT1k9lBaHR0cHM6Ly9vY2RuLmV1L3B1bHNjbXMvTURBXy9iOWYwOGU5YmIzOTdhNTI2MGJlODIyYjdlMmUwOWM3MS5qcGeRkwXNB.jpeg\" height=\"800\" width=\"533\" alt=\"Marcin Maciejczak\" loading=\"lazy\" fetchpriority=\"auto\" decoding=\"auto\" url=\"https:\/\/ocdn.eu\/pulscms\/MDA_\/b9f08e9bb397a5260be822b7e2e09c71.jpg\" description=\"Marcin Maciejczak\" author=\"Polsat\" source=\"\"\/><\/p>\n<p>Polsat<\/p>\n<p>Marcin Maciejczak<\/p>\n<p>5\/30Marcin Maciejczak jako The Art Company<img class=\"ods-a-photo ods-a-photo--background\" src=\"https:\/\/www.europesays.com\/pl\/wp-content\/uploads\/2026\/09\/v_Gk9lBaHR0cHM6Ly9vY2RuLmV1L3B1bHNjbXMvTURBXy80YTM1OGQ4OWFlNzA1YmZmMGEyNzNkODFiNmJjNmU3Yy5qcGeRkwXNB.jpeg\" height=\"625\" width=\"940\" alt=\"Marcin Maciejczak jako The Art Company\" loading=\"lazy\" fetchpriority=\"auto\" decoding=\"auto\" url=\"https:\/\/ocdn.eu\/pulscms\/MDA_\/4a358d89ae705bff0a273d81b6bc6e7c.jpg\" description=\"Marcin Maciejczak jako The Art Company\" author=\"Polsat\" source=\"\"\/><\/p>\n<p>Polsat<\/p>\n<p>Marcin Maciejczak jako The Art Company<\/p>\n<p>6\/30Marcin Maciejczak jako The Art Company<img class=\"ods-a-photo ods-a-photo--background\" src=\"https:\/\/www.europesays.com\/pl\/wp-content\/uploads\/2026\/09\/XjIk9lBaHR0cHM6Ly9vY2RuLmV1L3B1bHNjbXMvTURBXy84N2ViNGM5M2VmYmYxNDc1NmVmNWYwMjA1ZTA1NGRkYS5qcGeRkwXNB.jpeg\" height=\"625\" width=\"940\" alt=\"Marcin Maciejczak jako The Art Company\" loading=\"lazy\" fetchpriority=\"auto\" decoding=\"auto\" url=\"https:\/\/ocdn.eu\/pulscms\/MDA_\/87eb4c93efbf14756ef5f0205e054dda.jpg\" description=\"Marcin Maciejczak jako The Art Company\" author=\"Polsat\" source=\"\"\/><\/p>\n<p>Polsat<\/p>\n<p>Marcin Maciejczak jako The Art Company<\/p>\n<p>7\/30Gabriel Fleszar<img class=\"ods-a-photo ods-a-photo--background\" src=\"https:\/\/www.europesays.com\/pl\/wp-content\/uploads\/2026\/09\/Pjxk9lBaHR0cHM6Ly9vY2RuLmV1L3B1bHNjbXMvTURBXy9jNmUwM2I2MmQ2NDFlOGYzNDc1NDYyZTk4MTg5NGNmNS5qcGeRkwXNB.jpeg\" height=\"800\" width=\"533\" alt=\"Gabriel Fleszar\" loading=\"lazy\" fetchpriority=\"auto\" decoding=\"auto\" url=\"https:\/\/ocdn.eu\/pulscms\/MDA_\/c6e03b62d641e8f3475462e981894cf5.jpg\" description=\"Gabriel Fleszar\" author=\"Polsat\" source=\"\"\/><\/p>\n<p>Polsat<\/p>\n<p>Gabriel Fleszar<\/p>\n<p>8\/30Gabriel Fleszar jako Stanis\u0142aw Soyka<img class=\"ods-a-photo ods-a-photo--background\" src=\"https:\/\/www.europesays.com\/pl\/wp-content\/uploads\/2026\/09\/xXwk9lBaHR0cHM6Ly9vY2RuLmV1L3B1bHNjbXMvTURBXy8yN2Y2NWQwYzIyOWJlYzEwMjc5NDM0NWRkYTMyY2QyOC5qcGeRkwXNB.jpeg\" height=\"625\" width=\"940\" alt=\"Gabriel Fleszar jako Stanis\u0142aw Soyka\" loading=\"lazy\" fetchpriority=\"auto\" decoding=\"auto\" url=\"https:\/\/ocdn.eu\/pulscms\/MDA_\/27f65d0c229bec102794345dda32cd28.jpg\" description=\"Gabriel Fleszar jako Stanis\u0142aw Soyka\" author=\"Polsat\" source=\"\"\/><\/p>\n<p>Polsat<\/p>\n<p>Gabriel Fleszar jako Stanis\u0142aw Soyka<\/p>\n<p>9\/30Gabriel Fleszar jako Stanis\u0142aw Soyka<img class=\"ods-a-photo ods-a-photo--background\" src=\"https:\/\/www.europesays.com\/pl\/wp-content\/uploads\/2026\/09\/o3Rk9lBaHR0cHM6Ly9vY2RuLmV1L3B1bHNjbXMvTURBXy9mM2YyZTUyMGFmOGJhMmUxZDVmNDcyY2EyYWVhZGE2Yy5qcGeRkwXNB.jpeg\" height=\"625\" width=\"940\" alt=\"Gabriel Fleszar jako Stanis\u0142aw Soyka\" loading=\"lazy\" fetchpriority=\"auto\" decoding=\"auto\" url=\"https:\/\/ocdn.eu\/pulscms\/MDA_\/f3f2e520af8ba2e1d5f472ca2aeada6c.jpg\" description=\"Gabriel Fleszar jako Stanis\u0142aw Soyka\" author=\"Polsat\" source=\"\"\/><\/p>\n<p>Polsat<\/p>\n<p>Gabriel Fleszar jako Stanis\u0142aw Soyka<\/p>\n<p>10\/30Rafa\u0142 Brzozowski<img class=\"ods-a-photo ods-a-photo--background\" src=\"https:\/\/www.europesays.com\/pl\/wp-content\/uploads\/2026\/09\/HGuk9lBaHR0cHM6Ly9vY2RuLmV1L3B1bHNjbXMvTURBXy8wMGZiODJmYTFjYzgyM2EzYjVjMjZmZWE2MjNhMmYyOC5qcGeRkwXNB.jpeg\" height=\"800\" width=\"533\" alt=\"Rafa\u0142 Brzozowski\" loading=\"lazy\" fetchpriority=\"auto\" decoding=\"auto\" url=\"https:\/\/ocdn.eu\/pulscms\/MDA_\/00fb82fa1cc823a3b5c26fea623a2f28.jpg\" description=\"Rafa\u0142 Brzozowski\" author=\"Polsat\" source=\"\"\/><\/p>\n<p>Polsat<\/p>\n<p>Rafa\u0142 Brzozowski<\/p>\n<p>11\/30Rafa\u0142 Brzozowski jako George Michael<img class=\"ods-a-photo ods-a-photo--background\" src=\"https:\/\/www.europesays.com\/pl\/wp-content\/uploads\/2026\/09\/sgik9lBaHR0cHM6Ly9vY2RuLmV1L3B1bHNjbXMvTURBXy8zM2Y4ZTA5OThkZDY4OWYzNzU0ZWFlNzQ2YTUxMThiMy5qcGeRkwXNB.jpeg\" height=\"625\" width=\"940\" alt=\"Rafa\u0142 Brzozowski jako George Michael\" loading=\"lazy\" fetchpriority=\"auto\" decoding=\"auto\" url=\"https:\/\/ocdn.eu\/pulscms\/MDA_\/33f8e0998dd689f3754eae746a5118b3.jpg\" description=\"Rafa\u0142 Brzozowski jako George Michael\" author=\"Polsat\" source=\"\"\/><\/p>\n<p>Polsat<\/p>\n<p>Rafa\u0142 Brzozowski jako George Michael<\/p>\n<p>12\/30Rafa\u0142 Brzozowski jako George Michael<img class=\"ods-a-photo ods-a-photo--background\" src=\"https:\/\/www.europesays.com\/pl\/wp-content\/uploads\/2026\/09\/uPdk9lBaHR0cHM6Ly9vY2RuLmV1L3B1bHNjbXMvTURBXy9iMmJkMmQzZDc1NWQwMWNkZTIwZjAwYWI0MTBhNGI1Yy5qcGeRkwXNB.jpeg\" height=\"625\" width=\"940\" alt=\"Rafa\u0142 Brzozowski jako George Michael\" loading=\"lazy\" fetchpriority=\"auto\" decoding=\"auto\" url=\"https:\/\/ocdn.eu\/pulscms\/MDA_\/b2bd2d3d755d01cde20f00ab410a4b5c.jpg\" description=\"Rafa\u0142 Brzozowski jako George Michael\" author=\"Polsat\" source=\"\"\/><\/p>\n<p>Polsat<\/p>\n<p>Rafa\u0142 Brzozowski jako George Michael<\/p>\n<p>13\/30Marcin Miller<img class=\"ods-a-photo ods-a-photo--background\" src=\"https:\/\/www.europesays.com\/pl\/wp-content\/uploads\/2026\/09\/lsQk9lBaHR0cHM6Ly9vY2RuLmV1L3B1bHNjbXMvTURBXy8zNjYxM2FiNTNkNDdhYjQ3NjUzYmRiMzcxM2RiZWQ1OC5qcGeRkwXNB.jpeg\" height=\"800\" width=\"533\" alt=\"Marcin Miller\" loading=\"lazy\" fetchpriority=\"auto\" decoding=\"auto\" url=\"https:\/\/ocdn.eu\/pulscms\/MDA_\/36613ab53d47ab47653bdb3713dbed58.jpg\" description=\"Marcin Miller\" author=\"Polsat\" source=\"\"\/><\/p>\n<p>Polsat<\/p>\n<p>Marcin Miller<\/p>\n<p>14\/30Marcin Miller jako Maryla Rodowicz<img class=\"ods-a-photo ods-a-photo--background\" src=\"https:\/\/www.europesays.com\/pl\/wp-content\/uploads\/2026\/09\/5HAk9lBaHR0cHM6Ly9vY2RuLmV1L3B1bHNjbXMvTURBXy8yZDNjOWQ2NjBkNWQwZTZlOGZjODE3OTRhNWNhY2NjYy5qcGeRkwXNB.jpeg\" height=\"625\" width=\"940\" alt=\"Marcin Miller jako Maryla Rodowicz\" loading=\"lazy\" fetchpriority=\"auto\" decoding=\"auto\" url=\"https:\/\/ocdn.eu\/pulscms\/MDA_\/2d3c9d660d5d0e6e8fc81794a5cacccc.jpg\" description=\"Marcin Miller jako Maryla Rodowicz\" author=\"Polsat\" source=\"\"\/><\/p>\n<p>Polsat<\/p>\n<p>Marcin Miller jako Maryla Rodowicz<\/p>\n<p>15\/30Marcin Miller jako Maryla Rodowicz<img class=\"ods-a-photo ods-a-photo--background\" src=\"https:\/\/www.europesays.com\/pl\/wp-content\/uploads\/2026\/09\/33Lk9lBaHR0cHM6Ly9vY2RuLmV1L3B1bHNjbXMvTURBXy84ZTFhZDhjMGE1NDQwZWVlZTMyNGI2MzVjMzhhOGQ5My5qcGeRkwXNB.jpeg\" height=\"625\" width=\"940\" alt=\"Marcin Miller jako Maryla Rodowicz\" loading=\"lazy\" fetchpriority=\"auto\" decoding=\"auto\" url=\"https:\/\/ocdn.eu\/pulscms\/MDA_\/8e1ad8c0a5440eeee324b635c38a8d93.jpg\" description=\"Marcin Miller jako Maryla Rodowicz\" author=\"Polsat\" source=\"\"\/><\/p>\n<p>Polsat<\/p>\n<p>Marcin Miller jako Maryla Rodowicz<\/p>\n<p>16\/30Ida Nowakowska<img class=\"ods-a-photo ods-a-photo--background\" src=\"https:\/\/www.europesays.com\/pl\/wp-content\/uploads\/2026\/09\/m6vk9lBaHR0cHM6Ly9vY2RuLmV1L3B1bHNjbXMvTURBXy9iZWMzZTYzNjg5MDQyOGRhM2ZjMWJhMDgzNGFkOGMwYy5qcGeRkwXNB.jpeg\" height=\"800\" width=\"533\" alt=\"Ida Nowakowska\" loading=\"lazy\" fetchpriority=\"auto\" decoding=\"auto\" url=\"https:\/\/ocdn.eu\/pulscms\/MDA_\/bec3e636890428da3fc1ba0834ad8c0c.jpg\" description=\"Ida Nowakowska\" author=\"Polsat\" source=\"\"\/><\/p>\n<p>Polsat<\/p>\n<p>Ida Nowakowska<\/p>\n<p>17\/30Ida Nowakowska jako Irena Kwiatkowska<img class=\"ods-a-photo ods-a-photo--background\" src=\"https:\/\/www.europesays.com\/pl\/wp-content\/uploads\/2026\/09\/Xz7k9lBaHR0cHM6Ly9vY2RuLmV1L3B1bHNjbXMvTURBXy82NzIzYTMwNjliYmYzMjYyM2EwY2Q1NDQ4YTY4MTc1OC5qcGeRkwXNB.jpeg\" height=\"625\" width=\"940\" alt=\"Ida Nowakowska jako Irena Kwiatkowska\" loading=\"lazy\" fetchpriority=\"auto\" decoding=\"auto\" url=\"https:\/\/ocdn.eu\/pulscms\/MDA_\/6723a3069bbf32623a0cd5448a681758.jpg\" description=\"Ida Nowakowska jako Irena Kwiatkowska\" author=\"Polsat\" source=\"\"\/><\/p>\n<p>Polsat<\/p>\n<p>Ida Nowakowska jako Irena Kwiatkowska<\/p>\n<p>18\/30Ida Nowakowska jako Irena Kwiatkowska<img class=\"ods-a-photo ods-a-photo--background\" src=\"https:\/\/www.europesays.com\/pl\/wp-content\/uploads\/2026\/09\/Qqmk9lBaHR0cHM6Ly9vY2RuLmV1L3B1bHNjbXMvTURBXy8wOWVkNmNkZmRjNDc1YmY5ZDBhM2NjZjcxNzczMjhlYy5qcGeRkwXNB.jpeg\" height=\"625\" width=\"940\" alt=\"Ida Nowakowska jako Irena Kwiatkowska\" loading=\"lazy\" fetchpriority=\"auto\" decoding=\"auto\" url=\"https:\/\/ocdn.eu\/pulscms\/MDA_\/09ed6cdfdc475bf9d0a3ccf7177328ec.jpg\" description=\"Ida Nowakowska jako Irena Kwiatkowska\" author=\"Polsat\" source=\"\"\/><\/p>\n<p>Polsat<\/p>\n<p>Ida Nowakowska jako Irena Kwiatkowska<\/p>\n<p>19\/30Maria Sadowska<img class=\"ods-a-photo ods-a-photo--background\" src=\"https:\/\/www.europesays.com\/pl\/wp-content\/uploads\/2026\/09\/_iPk9lBaHR0cHM6Ly9vY2RuLmV1L3B1bHNjbXMvTURBXy9iNGRlODJiNmU0MDA2OTY0M2JlMzY4ZDgzZDgyOWVhMC5qcGeRkwXNB.jpeg\" height=\"800\" width=\"533\" alt=\"Maria Sadowska\" loading=\"lazy\" fetchpriority=\"auto\" decoding=\"auto\" url=\"https:\/\/ocdn.eu\/pulscms\/MDA_\/b4de82b6e40069643be368d83d829ea0.jpg\" description=\"Maria Sadowska\" author=\"Polsat\" source=\"\"\/><\/p>\n<p>Polsat<\/p>\n<p>Maria Sadowska<\/p>\n<p>20\/30Maria Sadowska jako Sam Smith<img class=\"ods-a-photo ods-a-photo--background\" src=\"https:\/\/www.europesays.com\/pl\/wp-content\/uploads\/2026\/09\/Tbak9lBaHR0cHM6Ly9vY2RuLmV1L3B1bHNjbXMvTURBXy81M2NlNmJjMWYyMDU4MTZlYmE2ZDg2ZGUxYThjMzgzZC5qcGeRkwXNB.jpeg\" height=\"625\" width=\"940\" alt=\"Maria Sadowska jako Sam Smith\" loading=\"lazy\" fetchpriority=\"auto\" decoding=\"auto\" url=\"https:\/\/ocdn.eu\/pulscms\/MDA_\/53ce6bc1f205816eba6d86de1a8c383d.jpg\" description=\"Maria Sadowska jako Sam Smith\" author=\"Polsat\" source=\"\"\/><\/p>\n<p>Polsat<\/p>\n<p>Maria Sadowska jako Sam Smith<\/p>\n<p>21\/30Maria Sadowska jako Sam Smith<img class=\"ods-a-photo ods-a-photo--background\" src=\"https:\/\/www.europesays.com\/pl\/wp-content\/uploads\/2026\/09\/GoYk9lBaHR0cHM6Ly9vY2RuLmV1L3B1bHNjbXMvTURBXy8xZDdjM2E5OGIzN2QxMGY4MTA1YWM1NTQ1ZTdiOGM4My5qcGeRkwXNB.jpeg\" height=\"625\" width=\"940\" alt=\"Maria Sadowska jako Sam Smith\" loading=\"lazy\" fetchpriority=\"auto\" decoding=\"auto\" url=\"https:\/\/ocdn.eu\/pulscms\/MDA_\/1d7c3a98b37d10f8105ac5545e7b8c83.jpg\" description=\"Maria Sadowska jako Sam Smith\" author=\"Polsat\" source=\"\"\/><\/p>\n<p>Polsat<\/p>\n<p>Maria Sadowska jako Sam Smith<\/p>\n<p>22\/30Bryska<img class=\"ods-a-photo ods-a-photo--background\" src=\"https:\/\/www.europesays.com\/pl\/wp-content\/uploads\/2026\/09\/vG3k9lBaHR0cHM6Ly9vY2RuLmV1L3B1bHNjbXMvTURBXy80ZmE5ODk4NzZlY2JhYjlmNzgzZmRkMTliNDA4M2IxYS5qcGeRkwXNB.jpeg\" height=\"800\" width=\"533\" alt=\"Bryska\" loading=\"lazy\" fetchpriority=\"auto\" decoding=\"auto\" url=\"https:\/\/ocdn.eu\/pulscms\/MDA_\/4fa989876ecbab9f783fdd19b4083b1a.jpg\" description=\"Bryska\" author=\"Polsat\" source=\"\"\/><\/p>\n<p>Polsat<\/p>\n<p>Bryska<\/p>\n<p>23\/30Bryska jako Artur Rojek<img class=\"ods-a-photo ods-a-photo--background\" src=\"https:\/\/www.europesays.com\/pl\/wp-content\/uploads\/2026\/09\/93zk9lBaHR0cHM6Ly9vY2RuLmV1L3B1bHNjbXMvTURBXy83Y2RhNWFhMDhlMGQ5YzQxNDkyZmY2NjFhZGRkYWMwYy5qcGeRkwXNB.jpeg\" height=\"625\" width=\"940\" alt=\"Bryska jako Artur Rojek\" loading=\"lazy\" fetchpriority=\"auto\" decoding=\"auto\" url=\"https:\/\/ocdn.eu\/pulscms\/MDA_\/7cda5aa08e0d9c41492ff661adddac0c.jpg\" description=\"Bryska jako Artur Rojek\" author=\"Polsat\" source=\"\"\/><\/p>\n<p>Polsat<\/p>\n<p>Bryska jako Artur Rojek<\/p>\n<p>24\/30Bryska jako Artur Rojek<img class=\"ods-a-photo ods-a-photo--background\" src=\"https:\/\/www.europesays.com\/pl\/wp-content\/uploads\/2026\/09\/W5bk9lBaHR0cHM6Ly9vY2RuLmV1L3B1bHNjbXMvTURBXy8yYThmNGZmZmIyN2E0YjdhOWRiYjM2M2I4NmNlNTYwNy5qcGeRkwXNB.jpeg\" height=\"625\" width=\"940\" alt=\"Bryska jako Artur Rojek\" loading=\"lazy\" fetchpriority=\"auto\" decoding=\"auto\" url=\"https:\/\/ocdn.eu\/pulscms\/MDA_\/2a8f4fffb27a4b7a9dbb363b86ce5607.jpg\" description=\"Bryska jako Artur Rojek\" author=\"Polsat\" source=\"\"\/><\/p>\n<p>Polsat<\/p>\n<p>Bryska jako Artur Rojek<\/p>\n<p>25\/30Ula Milewska<img class=\"ods-a-photo ods-a-photo--background\" src=\"https:\/\/www.europesays.com\/pl\/wp-content\/uploads\/2026\/09\/Rybk9lBaHR0cHM6Ly9vY2RuLmV1L3B1bHNjbXMvTURBXy8xOTc1MWZlMmFlMWI4YmM2MmM1MjI4YjA2YTZlOWM1Ny5qcGeRkwXNB.jpeg\" height=\"800\" width=\"533\" alt=\"Ula Milewska\" loading=\"lazy\" fetchpriority=\"auto\" decoding=\"auto\" url=\"https:\/\/ocdn.eu\/pulscms\/MDA_\/19751fe2ae1b8bc62c5228b06a6e9c57.jpg\" description=\"Ula Milewska\" author=\"Polsat\" source=\"\"\/><\/p>\n<p>Polsat<\/p>\n<p>Ula Milewska<\/p>\n<p>26\/30Ula Milewska jako Lady Gaga<img class=\"ods-a-photo ods-a-photo--background\" src=\"https:\/\/www.europesays.com\/pl\/wp-content\/uploads\/2026\/09\/sxAk9lBaHR0cHM6Ly9vY2RuLmV1L3B1bHNjbXMvTURBXy84YWI3NjIzZjkwNTUzMmU0MGQ3ZDNiZWYxMjAwZjU0Mi5qcGeRkwXNB.jpeg\" height=\"625\" width=\"940\" alt=\"Ula Milewska jako Lady Gaga\" loading=\"lazy\" fetchpriority=\"auto\" decoding=\"auto\" url=\"https:\/\/ocdn.eu\/pulscms\/MDA_\/8ab7623f905532e40d7d3bef1200f542.jpg\" description=\"Ula Milewska jako Lady Gaga\" author=\"Polsat\" source=\"\"\/><\/p>\n<p>Polsat<\/p>\n<p>Ula Milewska jako Lady Gaga<\/p>\n<p>27\/30Ula Milewska jako Lady Gaga<img class=\"ods-a-photo ods-a-photo--background\" src=\"https:\/\/www.europesays.com\/pl\/wp-content\/uploads\/2026\/09\/R8vk9lBaHR0cHM6Ly9vY2RuLmV1L3B1bHNjbXMvTURBXy9iNWM3N2RjNmNjZDIyYTgyYjQxYTFlZTRlMmVhM2FkNi5qcGeRkwXNB.jpeg\" height=\"625\" width=\"940\" alt=\"Ula Milewska jako Lady Gaga\" loading=\"lazy\" fetchpriority=\"auto\" decoding=\"auto\" url=\"https:\/\/ocdn.eu\/pulscms\/MDA_\/b5c77dc6ccd22a82b41a1ee4e2ea3ad6.jpg\" description=\"Ula Milewska jako Lady Gaga\" author=\"Polsat\" source=\"\"\/><\/p>\n<p>Polsat<\/p>\n<p>Ula Milewska jako Lady Gaga<\/p>\n<p>28\/30Wygra\u0142a Ula Milewska<img class=\"ods-a-photo ods-a-photo--background\" src=\"https:\/\/www.europesays.com\/pl\/wp-content\/uploads\/2026\/09\/Qfrk9lBaHR0cHM6Ly9vY2RuLmV1L3B1bHNjbXMvTURBXy82YzcwZTZmYzFiZDkyNWIyOTgwNmVjOTcwZDA4NjEwZi5qcGeRkwXNB.jpeg\" height=\"625\" width=\"940\" alt=\"Wygra\u0142a Ula Milewska\" loading=\"lazy\" fetchpriority=\"auto\" decoding=\"auto\" url=\"https:\/\/ocdn.eu\/pulscms\/MDA_\/6c70e6fc1bd925b29806ec970d08610f.jpg\" description=\"Wygra\u0142a Ula Milewska\" author=\"Polsat\" source=\"\"\/><\/p>\n<p>Polsat<\/p>\n<p>Wygra\u0142a Ula Milewska<\/p>\n<p>29\/30Drugie miejsce zaj\u0105\u0142 Marcin Miller.<img class=\"ods-a-photo ods-a-photo--background\" src=\"https:\/\/www.europesays.com\/pl\/wp-content\/uploads\/2026\/09\/E4Fk9lBaHR0cHM6Ly9vY2RuLmV1L3B1bHNjbXMvTURBXy8yNWM5NDVmYmI2NWQ1ZTJmOWNkMTEyMzQ2MzY1YTlmYy5qcGeRkwXNB.jpeg\" height=\"625\" width=\"940\" alt=\"Drugie miejsce zaj\u0105\u0142 Marcin Miller.\" loading=\"lazy\" fetchpriority=\"auto\" decoding=\"auto\" url=\"https:\/\/ocdn.eu\/pulscms\/MDA_\/25c945fbb65d5e2f9cd112346365a9fc.jpg\" description=\"Drugie miejsce zaj\u0105\u0142 Marcin Miller.\" author=\"Polsat\" source=\"\"\/><\/p>\n<p>Polsat<\/p>\n<p>Drugie miejsce zaj\u0105\u0142 Marcin Miller.<\/p>\n<p>30\/30Uczestnicy programu &#8222;Twoja twarz brzmi znajomo&#8221;<img class=\"ods-a-photo ods-a-photo--background\" src=\"https:\/\/www.europesays.com\/pl\/wp-content\/uploads\/2026\/09\/-oGk9lBaHR0cHM6Ly9vY2RuLmV1L3B1bHNjbXMvTURBXy85YWNjNjkzMjBiMjlkYzIyMTM2ZWUxMjM3OGI2YjNlNy5qcGeRkwXNB.jpeg\" height=\"627\" width=\"940\" alt=\"Uczestnicy programu &quot;Twoja twarz brzmi znajomo&quot;\" loading=\"lazy\" fetchpriority=\"auto\" decoding=\"auto\" url=\"https:\/\/ocdn.eu\/pulscms\/MDA_\/9acc69320b29dc22136ee12378b6b3e7.jpg\" description=\"Uczestnicy programu &quot;Twoja twarz brzmi znajomo&quot;\" author=\"Polsat\" source=\"\"\/><\/p>\n<p>Polsat<\/p>\n<p>Uczestnicy programu &#8222;Twoja twarz brzmi znajomo&#8221;<\/p>\n<p>Dzi\u0119kujemy, \u017ce przeczyta\u0142a\u015b\/e\u015b nasz artyku\u0142 do ko\u0144ca. W serwisie Plejada.pl ka\u017cdego dnia piszemy o najwa\u017cniejszych wydarzeniach show-biznesowych. B\u0105d\u017a na bie\u017c\u0105co i obserwuj Plejad\u0119 w <a href=\"http:\/\/news.google.com\/publications\/CAAiEF0PeAlb7W1llpV_mwV2rL4qFAgKIhBdD3gJW-1tZZaVf5sFdqy-?hl=pl&amp;gl=PL&amp;ceid=PL%3Apl\" rel=\"nofollow noopener\" target=\"_blank\">Wiadomo\u015bciach Google<\/a>. Odwied\u017a nas tak\u017ce na <a href=\"http:\/\/facebook.com\/plejadapl\" rel=\"nofollow noopener\" target=\"_blank\">Facebooku<\/a> , <a href=\"http:\/\/instagram.com\/plejadapl\/\" rel=\"nofollow noopener\" target=\"_blank\">Instagramie<\/a>, <a href=\"http:\/\/youtube.com\/c\/plejada\" rel=\"nofollow noopener\" target=\"_blank\">YouTubie<\/a> i <a href=\"http:\/\/tiktok.com\/@plejada_pl\" rel=\"nofollow noopener\" target=\"_blank\">TikToku<\/a>. <\/p>\n<p>Chcesz podzieli\u0107 si\u0119 ciekawym newsem lub zaproponowa\u0107 temat? Skontaktuj si\u0119 z nami, pisz\u0105c maila na adres: plejada@redakcjaonet.pl.\n<\/p>\n<p><script async src=\"\/\/www.instagram.com\/embed.js\"><\/script><script async src=\"\/\/www.tiktok.com\/embed.js\"><\/script><\/p>\n","protected":false},"excerpt":{"rendered":"Wielki powr\u00f3t &#8222;Twoja twarz brzmi znajomo&#8221; rozpocz\u0105\u0142 si\u0119 od mocnego uderzenia \u2014 piosenk\u0119 Rihanny wykona\u0142a zwyci\u0119\u017cczyni poprzedniej edycji,&hellip;\n","protected":false},"author":2,"featured_media":667912,"comment_status":"","ping_status":"","sticky":false,"template":"","format":"standard","meta":{"footnotes":"","_share_on_mastodon":"0"},"categories":[22],"tags":[61195,36567,122,129674,33023,32827,35839,31556,48,125,46,42,38,40,263,39,41,1280,16970,123,47,4842],"class_list":["post-667911","post","type-post","status-publish","format-standard","has-post-thumbnail","category-rozrywka","tag-bottomfeed_styl","tag-bryska","tag-entertainment","tag-gabriel_fleszar","tag-ida_nowakowska","tag-marcin_maciejczak","tag-marcin_miller","tag-maria_sadowska","tag-nat_styl","tag-newsy","tag-omp","tag-pl","tag-poland","tag-polish","tag-polsat","tag-polska","tag-polski","tag-programy_tv","tag-rafal_brzoska","tag-rozrywka","tag-screening_general","tag-twoja_twarz_brzmi_znajomo"],"share_on_mastodon":{"url":"https:\/\/pubeurope.com\/@pl\/117215120769419365","error":""},"_links":{"self":[{"href":"https:\/\/www.europesays.com\/pl\/wp-json\/wp\/v2\/posts\/667911","targetHints":{"allow":["GET"]}}],"collection":[{"href":"https:\/\/www.europesays.com\/pl\/wp-json\/wp\/v2\/posts"}],"about":[{"href":"https:\/\/www.europesays.com\/pl\/wp-json\/wp\/v2\/types\/post"}],"author":[{"embeddable":true,"href":"https:\/\/www.europesays.com\/pl\/wp-json\/wp\/v2\/users\/2"}],"replies":[{"embeddable":true,"href":"https:\/\/www.europesays.com\/pl\/wp-json\/wp\/v2\/comments?post=667911"}],"version-history":[{"count":0,"href":"https:\/\/www.europesays.com\/pl\/wp-json\/wp\/v2\/posts\/667911\/revisions"}],"wp:featuredmedia":[{"embeddable":true,"href":"https:\/\/www.europesays.com\/pl\/wp-json\/wp\/v2\/media\/667912"}],"wp:attachment":[{"href":"https:\/\/www.europesays.com\/pl\/wp-json\/wp\/v2\/media?parent=667911"}],"wp:term":[{"taxonomy":"category","embeddable":true,"href":"https:\/\/www.europesays.com\/pl\/wp-json\/wp\/v2\/categories?post=667911"},{"taxonomy":"post_tag","embeddable":true,"href":"https:\/\/www.europesays.com\/pl\/wp-json\/wp\/v2\/tags?post=667911"}],"curies":[{"name":"wp","href":"https:\/\/api.w.org\/{rel}","templated":true}]}}