{"id":667919,"date":"2026-09-04T22:28:18","date_gmt":"2026-09-04T22:28:18","guid":{"rendered":"https:\/\/www.europesays.com\/pl\/667919\/"},"modified":"2026-09-04T22:28:18","modified_gmt":"2026-09-04T22:28:18","slug":"polityczne-zakrety-szymona-holowni-wspolpracownik-donalda-tuska-mowi-wprost","status":"publish","type":"post","link":"https:\/\/www.europesays.com\/pl\/667919\/","title":{"rendered":"Polityczne zakr\u0119ty Szymona Ho\u0142owni. Wsp\u00f3\u0142pracownik Donalda Tuska m\u00f3wi wprost"},"content":{"rendered":"<p>Doniesienia medi\u00f3w w sprawie Szymona Ho\u0142owni pojawiaj\u0105 si\u0119 od kilku miesi\u0119cy. Informowano m.in., \u017ce by\u0142y lider Polski 2050 mia\u0142by wej\u015b\u0107 do rz\u0105du, <a href=\"https:\/\/www.onet.pl\/informacje\/onetwiadomosci\/mozliwy-nagly-zwrot-akcji-w-koalicji-kluczowe-godziny-dla-szymona-holowni\/2mn8l4t,79cfc278\" id=\"31658f3f-1752-4de5-b213-634f8272361a\" rel=\"nofollow noopener\" target=\"_blank\">czy te\u017c na nowo przej\u0105\u0107 w\u0142adz\u0119 w tym ugrupowaniu, zast\u0119puj\u0105c Paw\u0142a \u015aliza w fotelu przewodnicz\u0105cego klubu<\/a> parlamentarnego.Dalszy ci\u0105g artyku\u0142u pod materia\u0142em wideo<\/p>\n<p>O to, czy na Ho\u0142owni\u0119 czeka miejsce w rz\u0105dzie, Grabiec zosta\u0142 zapytany w pi\u0105tek w TVP Info. \u2014 Nie ma takiej propozycji, m\u00f3wi o tym sam Szymon Ho\u0142ownia \u2014 odpar\u0142 szef KPRM. Podkre\u015bli\u0142, \u017ce nie chce m\u00f3wi\u0107 o zmianach w rz\u0105dzie, bo &#8222;takiej rozmowy w og\u00f3le nie ma dzisiaj&#8221;.<\/p>\n<p><a href=\"https:\/\/www.onet.pl\/\" title=\"Strona G\u0142\u00f3wna\" aria-label=\"Strona G\u0142\u00f3wna\" data-astro-prefetch=\"tap\" class=\"ods-a-logo-main-desktop\" rel=\"nofollow noopener\" target=\"_blank\"><img src=\"https:\/\/cdn.wiadomosci.onet.pl\/img\/Logo_desktop_Onet.svg\" class=\"ods-a-logo-main-desktop__image\" alt=\"Logo\" width=\"107\" height=\"60\" fetchpriority=\"high\" decoding=\"sync\" style=\"height:60px\"\/><\/a><\/p>\n<p class=\"ods-m-google-article__text\">Czytaj nas cz\u0119\u015bciej w Google<\/p>\n<p><a href=\"https:\/\/google.com\/preferences\/source?q=wiadomosci.onet.pl\" target=\"_blank\" rel=\"noopener noreferrer nofollow\" aria-label=\"Dodaj w Google\" title=\"Dodaj w Google\" class=\"ods-a-button ods-a-button__primary ods-a-button__default ods-a-button-l\">Dodaj w Google<\/a><\/p>\n<p>Dopytywany, czy wej\u015bcie Ho\u0142owni do rz\u0105du mog\u0142oby by\u0107 korzystne, odpar\u0142, \u017ce Ho\u0142ownia i Polska 2050 musz\u0105 okre\u015bli\u0107 &#8222;jak chc\u0105 funkcjonowa\u0107 w ci\u0105gu najbli\u017cszego roku&#8221;.<\/p>\n<p>\u2014 Je\u015bli ju\u017c si\u0119 dogadaj\u0105, wymy\u015bl\u0105, co chc\u0105 robi\u0107, uzgodnimy to w koalicji. B\u0119dziemy o tym m\u00f3wi\u0107 na zewn\u0105trz. Dzisiaj cieszymy si\u0119, \u017ce marsza\u0142ek Ho\u0142ownia jest aktywny, bo stanowi wa\u017cn\u0105 cz\u0119\u015b\u0107 naszej koalicji \u2014 zaznaczy\u0142 polityk.<\/p>\n<p>Szymon Ho\u0142ownia i komentarze wsp\u00f3\u0142pracownik\u00f3w z partii<\/p>\n<p>W czwartek o Ho\u0142owni\u0119 by\u0142a pytana r\u00f3wnie\u017c obecna liderka Polski 2050 Katarzyna Pe\u0142czy\u0144ska-Na\u0142\u0119cz. Ministra Funduszy i Polityki Regionalnej zaapelowa\u0142a o zako\u0144czenie &#8222;idiotycznych przeciek\u00f3w sto\u0142kowych&#8221; i skupienie si\u0119 na efektach pracy koalicji. \u015aliz pytany przez PAP, czy Ho\u0142ownia zast\u0105pi go na stanowisku szefa klubu, odpowiedzia\u0142, \u017ce &#8222;nie ma jeszcze \u017cadnej decyzji w tym zakresie&#8221;.<\/p>\n","protected":false},"excerpt":{"rendered":"Doniesienia medi\u00f3w w sprawie Szymona Ho\u0142owni pojawiaj\u0105 si\u0119 od kilku miesi\u0119cy. Informowano m.in., \u017ce by\u0142y lider Polski 2050&hellip;\n","protected":false},"author":2,"featured_media":667920,"comment_status":"","ping_status":"","sticky":false,"template":"","format":"standard","meta":{"footnotes":"","_share_on_mastodon":"0"},"categories":[12],"tags":[61195,32,33,36,37,27,11735,22740,49,34,35,28,31,48,25,46,42,38,40,6571,39,41,47,423,204,29,30,26],"class_list":["post-667919","post","type-post","status-publish","format-standard","has-post-thumbnail","category-polska","tag-bottomfeed_styl","tag-breaking-news","tag-breakingnews","tag-featured-news","tag-featurednews","tag-headlines","tag-jan_grabiec","tag-kprm","tag-kraj","tag-latest-news","tag-latestnews","tag-naglowki","tag-najwazniejsze-artykuly","tag-nat_styl","tag-news","tag-omp","tag-pl","tag-poland","tag-polish","tag-polityka_politycy","tag-polska","tag-polski","tag-screening_general","tag-sejm","tag-szymon_holownia","tag-top-stories","tag-topstories","tag-wiadomosci"],"share_on_mastodon":{"url":"https:\/\/pubeurope.com\/@pl\/117215135153679076","error":""},"_links":{"self":[{"href":"https:\/\/www.europesays.com\/pl\/wp-json\/wp\/v2\/posts\/667919","targetHints":{"allow":["GET"]}}],"collection":[{"href":"https:\/\/www.europesays.com\/pl\/wp-json\/wp\/v2\/posts"}],"about":[{"href":"https:\/\/www.europesays.com\/pl\/wp-json\/wp\/v2\/types\/post"}],"author":[{"embeddable":true,"href":"https:\/\/www.europesays.com\/pl\/wp-json\/wp\/v2\/users\/2"}],"replies":[{"embeddable":true,"href":"https:\/\/www.europesays.com\/pl\/wp-json\/wp\/v2\/comments?post=667919"}],"version-history":[{"count":0,"href":"https:\/\/www.europesays.com\/pl\/wp-json\/wp\/v2\/posts\/667919\/revisions"}],"wp:featuredmedia":[{"embeddable":true,"href":"https:\/\/www.europesays.com\/pl\/wp-json\/wp\/v2\/media\/667920"}],"wp:attachment":[{"href":"https:\/\/www.europesays.com\/pl\/wp-json\/wp\/v2\/media?parent=667919"}],"wp:term":[{"taxonomy":"category","embeddable":true,"href":"https:\/\/www.europesays.com\/pl\/wp-json\/wp\/v2\/categories?post=667919"},{"taxonomy":"post_tag","embeddable":true,"href":"https:\/\/www.europesays.com\/pl\/wp-json\/wp\/v2\/tags?post=667919"}],"curies":[{"name":"wp","href":"https:\/\/api.w.org\/{rel}","templated":true}]}}