{"id":667929,"date":"2026-09-04T22:44:35","date_gmt":"2026-09-04T22:44:35","guid":{"rendered":"https:\/\/www.europesays.com\/pl\/667929\/"},"modified":"2026-09-04T22:44:35","modified_gmt":"2026-09-04T22:44:35","slug":"lech-poznan-zamknal-kadre-imponujacy-bilans-transferowy","status":"publish","type":"post","link":"https:\/\/www.europesays.com\/pl\/667929\/","title":{"rendered":"Lech Pozna\u0144 zamkn\u0105\u0142 kadr\u0119. Imponuj\u0105cy bilans transferowy"},"content":{"rendered":"\n<p class=\"contentpart contentpart--default contentpart--text\" data-position=\"0\">&#8211; Jestem ca\u0142kiem zadowolony z kadry. Mamy wystarczaj\u0105co du\u017co zawodnik\u00f3w zar\u00f3wno pod k\u0105tem liczbowym, jak i rywalizacji na wszystkich pozycjach &#8211; oznajmi\u0142 du\u0144ski szkoleniowiec.<\/p>\n<p class=\"contentpart contentpart--default contentpart--text\" data-position=\"1\">Te s\u0142owa znajduj\u0105 potwierdzenie w liczbach. &#8222;Kolejorz&#8221; latem nie szcz\u0119dzi\u0142 grosza na transfery. Najwi\u0119kszym wydarzeniem by\u0142o wykupienie z Celticu FK Luisa Palmy, kt\u00f3re kosztowa\u0142o ponad 4 mln euro.<\/p>\n<p>  <img decoding=\"async\" src=\"https:\/\/v.wpimg.pl\/X3dwLnN2d1IFFTpdYUl6R0ZNbgcnEHQREVV2TGEGbUtRT2MdOlZ2RBQUKABgQjQcDRotCStBd1IAAWMeIlM7VgwYIAorQAdEFFk_GCkQJQ\" alt=\"\" width=\"45\" height=\"58\" loading=\"lazy\"\/>  <\/p>\n<p class=\"contentpart contentpart--default contentpart--text\" data-position=\"2\">Ogromna suma na transfery przychodz\u0105ce<\/p>\n<p class=\"contentpart contentpart--default contentpart--text\" data-position=\"3\">Ponadto z FC Metz sprowadzono stopera <a href=\"https:\/\/sportowefakty.wp.pl\/pilka-nozna\/terry-yegbe\" rel=\"nofollow noopener\" target=\"_blank\">Terry&#8217;ego Yegbe<\/a>, kt\u00f3ry kosztowa\u0142 3 mln w unijnej walucie. Z transakcjami got\u00f3wkowymi wi\u0105za\u0142y si\u0119 r\u00f3wnie\u017c przyj\u015bcia <a href=\"https:\/\/sportowefakty.wp.pl\/pilka-nozna\/mateusz-lis\" rel=\"nofollow noopener\" target=\"_blank\">Mateusza Lisa<\/a>\u00a0z Goztepe (900 tys. euro) i <a href=\"https:\/\/sportowefakty.wp.pl\/pilka-nozna\/gustav-berggren\" rel=\"nofollow noopener\" target=\"_blank\">Gustava Berggrena<\/a>\u00a0z New York Red Bulls (500 tys. euro).<\/p>\n<p class=\"contentpart contentpart--default contentpart--text\" data-position=\"4\">W sumie Lech wyda\u0142 na wzmocnienia niemal 8,5 mln euro. Nie ka\u017cde z nich wymaga\u0142o wy\u0142o\u017cenia sumy odst\u0119pnego, bowiem <a href=\"https:\/\/sportowefakty.wp.pl\/pilka-nozna\/allahyar-sayyadmanesh\" rel=\"nofollow noopener\" target=\"_blank\">Allahyar Sayyadmanesh<\/a>, kt\u00f3ry trafi\u0142 na Bu\u0142garsk\u0105 z KVC Westerlo, nie mia\u0142 ju\u017c wa\u017cnego kontraktu.<\/p>\n<p class=\"contentpart contentpart--default contentpart--text\" data-position=\"5\">Koszty i tak jednak by\u0142y du\u017ce, bowiem zawiera\u0142a si\u0119 w nich pensja zawodnika, prowizja dla agenta i gratyfikacja za podpis. To wszystko wynios\u0142o 2,5 mln euro.<\/p>\n<p>  <img decoding=\"async\" src=\"https:\/\/v.wpimg.pl\/X3dwLnN2d1IFFTpdYUl6R0ZNbgcnEHQREVV2TGEGbUtRT2MdOlZ2RBQUKABgQjQcDRotCStBd1IAAWMeIlM7VgwYIAorQAdEFFk_GCkQJQ\" alt=\"\" width=\"45\" height=\"58\" loading=\"lazy\"\/>  <\/p>\n<p class=\"contentpart contentpart--default contentpart--text\" data-position=\"6\">Gwiazdy pozosta\u0142y w klubie<\/p>\n<p class=\"contentpart contentpart--default contentpart--text\" data-position=\"7\">Drug\u0105 wa\u017cn\u0105 informacj\u0105 dla Lecha by\u0142o zatrzymanie wszystkich kluczowych zawodnik\u00f3w. To si\u0119 w poprzednich okienkach zazwyczaj nie udawa\u0142o i do os\u0142abie\u0144 dochodzi\u0142o.<\/p>\n<p class=\"contentpart contentpart--default contentpart--text\" data-position=\"8\">Dzi\u015b takiej sytuacji nie ma. Mimo sporego zainteresowania zagranicznych klub\u00f3w cho\u0107by <a href=\"https:\/\/sportowefakty.wp.pl\/pilka-nozna\/wojciech-monka\" rel=\"nofollow noopener\" target=\"_blank\">Wojciechem Mo\u0144k\u0105<\/a>, <a href=\"https:\/\/sportowefakty.wp.pl\/pilka-nozna\/michal-gurgul\" rel=\"nofollow noopener\" target=\"_blank\">Micha\u0142em Gurgulem<\/a>, <a href=\"https:\/\/sportowefakty.wp.pl\/pilka-nozna\/antoni-kozubal\" rel=\"nofollow noopener\" target=\"_blank\">Antonim Kozubalem<\/a>\u00a0czy <a href=\"https:\/\/sportowefakty.wp.pl\/pilka-nozna\/patrik-walemark\" rel=\"nofollow noopener\" target=\"_blank\">Patrikiem Walemarkiem<\/a>, wszyscy pozostali w &#8222;Kolejorzu&#8221;.<\/p>\n<p class=\"contentpart contentpart--default contentpart--text\" data-position=\"9\">&#8211; Nie sprzedali\u015bmy zbyt wielu zawodnik\u00f3w w tym okienku, a przecie\u017c w strategii klubu jest na to miejsce. Zdo\u0142ali\u015bmy tych pi\u0142karzy zatrzyma\u0107, cho\u0107 tak naprawd\u0119 mo\u017cna by\u0142o bra\u0107 pod uwag\u0119 odej\u015bcie cz\u0119\u015bci z nich &#8211; przyzna\u0142 <a href=\"https:\/\/sportowefakty.wp.pl\/pilka-nozna\/niels-frederiksen\" rel=\"nofollow noopener\" target=\"_blank\">Niels Frederiksen<\/a>.<\/p>\n<p>  <img decoding=\"async\" src=\"https:\/\/v.wpimg.pl\/X3dwLnN2d1IFFTpdYUl6R0ZNbgcnEHQREVV2TGEGbUtRT2MdOlZ2RBQUKABgQjQcDRotCStBd1IAAWMeIlM7VgwYIAorQAdEFFk_GCkQJQ\" alt=\"\" width=\"45\" height=\"58\" loading=\"lazy\"\/>  <\/p>\n<p class=\"contentpart contentpart--default contentpart--text\" data-position=\"10\">Bilans robi wra\u017cenie<\/p>\n<p class=\"contentpart contentpart--default contentpart--text\" data-position=\"11\">Je\u015bli chodzi o ruchy wychodz\u0105ce, to najwi\u0119kszym by\u0142o rozstanie z <a href=\"https:\/\/sportowefakty.wp.pl\/pilka-nozna\/kornel-lisman\" rel=\"nofollow noopener\" target=\"_blank\">Kornelem Lismanem<\/a>, kt\u00f3ry za 2,5 mln euro przeni\u00f3s\u0142 si\u0119 do Venezii.<\/p>\n<p class=\"contentpart contentpart--default contentpart--text\" data-position=\"12\">Z Poznania do Udinese Calcio wyjecha\u0142 te\u017c Bartosz Mrozek (suma odst\u0119pnego wynios\u0142a 1,4 mln w unijnej walucie), a za mniejsze pieni\u0105dze kluby zmienili <a href=\"https:\/\/sportowefakty.wp.pl\/pilka-nozna\/filip-szymczak\" rel=\"nofollow noopener\" target=\"_blank\">Filip Szymczak<\/a>\u00a0i <a href=\"https:\/\/sportowefakty.wp.pl\/pilka-nozna\/bryan-fiabema\" rel=\"nofollow noopener\" target=\"_blank\">Bryan Fiabema<\/a>. Ponadto, po wyga\u015bni\u0119ciu umowy, odszed\u0142 <a href=\"https:\/\/sportowefakty.wp.pl\/pilka-nozna\/antonio-milic\" rel=\"nofollow noopener\" target=\"_blank\">Antonio Mili\u0107<\/a>, a <a href=\"https:\/\/sportowefakty.wp.pl\/pilka-nozna\/gisli-thordarson\" rel=\"nofollow noopener\" target=\"_blank\">Gisli Thordarson<\/a>\u00a0trafi\u0142 na wypo\u017cyczenie do FC St. Pauli.<\/p>\n<p class=\"contentpart contentpart--default contentpart--text\" data-position=\"13\">Na transferach swoich zawodnik\u00f3w Lech zarobi\u0142 4,25 mln euro, czyli niemal dok\u0142adnie po\u0142ow\u0119 kwoty, kt\u00f3r\u0105 wyda\u0142 na wzmocnienia (nie licz\u0105c koszt\u00f3w zatrudnienia Sayyadmanesha).<\/p>\n<p>  <img decoding=\"async\" src=\"https:\/\/v.wpimg.pl\/X3dwLnN2d1IFFTpdYUl6R0ZNbgcnEHQREVV2TGEGbUtRT2MdOlZ2RBQUKABgQjQcDRotCStBd1IAAWMeIlM7VgwYIAorQAdEFFk_GCkQJQ\" alt=\"\" width=\"45\" height=\"58\" loading=\"lazy\"\/>  <\/p>\n<p class=\"contentpart contentpart--default contentpart--text\" data-position=\"14\">ZOBACZ WIDEO: Ibrahimovi\u0107 zn\u00f3w szaleje. Takiego salta nikt si\u0119 nie spodziewa\u0142<\/p>\n","protected":false},"excerpt":{"rendered":"&#8211; Jestem ca\u0142kiem zadowolony z kadry. Mamy wystarczaj\u0105co du\u017co zawodnik\u00f3w zar\u00f3wno pod k\u0105tem liczbowym, jak i rywalizacji na&hellip;\n","protected":false},"author":2,"featured_media":667930,"comment_status":"","ping_status":"","sticky":false,"template":"","format":"standard","meta":{"footnotes":"","_share_on_mastodon":"0"},"categories":[51609],"tags":[97493,12299,6745,41149,693,86688,27461,13872,31925,215,5240,5813,6749,1750,24864,269,1724,42,38,40,39,41,1817,99838,26338],"class_list":["post-667929","post","type-post","status-publish","format-standard","has-post-thumbnail","category-poznan","tag-allahyar-sayyadmanesh","tag-antoni-kozubal","tag-antonio-milic","tag-bryan-fiabema","tag-europejskie-puchary","tag-filip-szymczak","tag-gisli-thordarson","tag-gustav-berggren","tag-kornel-lisman","tag-lech-poznan","tag-liga-europy","tag-mateusz-lis","tag-michal-gurgul","tag-niels-frederiksen","tag-patrik-walemark","tag-pilka-nozna","tag-pko-ekstraklasa","tag-pl","tag-poland","tag-polish","tag-polska","tag-polski","tag-poznan","tag-terry-yegbe","tag-wojciech-monka"],"share_on_mastodon":{"url":"https:\/\/pubeurope.com\/@pl\/117215199486914103","error":""},"_links":{"self":[{"href":"https:\/\/www.europesays.com\/pl\/wp-json\/wp\/v2\/posts\/667929","targetHints":{"allow":["GET"]}}],"collection":[{"href":"https:\/\/www.europesays.com\/pl\/wp-json\/wp\/v2\/posts"}],"about":[{"href":"https:\/\/www.europesays.com\/pl\/wp-json\/wp\/v2\/types\/post"}],"author":[{"embeddable":true,"href":"https:\/\/www.europesays.com\/pl\/wp-json\/wp\/v2\/users\/2"}],"replies":[{"embeddable":true,"href":"https:\/\/www.europesays.com\/pl\/wp-json\/wp\/v2\/comments?post=667929"}],"version-history":[{"count":0,"href":"https:\/\/www.europesays.com\/pl\/wp-json\/wp\/v2\/posts\/667929\/revisions"}],"wp:featuredmedia":[{"embeddable":true,"href":"https:\/\/www.europesays.com\/pl\/wp-json\/wp\/v2\/media\/667930"}],"wp:attachment":[{"href":"https:\/\/www.europesays.com\/pl\/wp-json\/wp\/v2\/media?parent=667929"}],"wp:term":[{"taxonomy":"category","embeddable":true,"href":"https:\/\/www.europesays.com\/pl\/wp-json\/wp\/v2\/categories?post=667929"},{"taxonomy":"post_tag","embeddable":true,"href":"https:\/\/www.europesays.com\/pl\/wp-json\/wp\/v2\/tags?post=667929"}],"curies":[{"name":"wp","href":"https:\/\/api.w.org\/{rel}","templated":true}]}}