{"id":667935,"date":"2026-09-04T22:48:37","date_gmt":"2026-09-04T22:48:37","guid":{"rendered":"https:\/\/www.europesays.com\/pl\/667935\/"},"modified":"2026-09-04T22:48:37","modified_gmt":"2026-09-04T22:48:37","slug":"uber-zwalnia-masowo-w-krakowie-prace-straci-wiele-osob-benefity-za-przeszkolenie-hindusa","status":"publish","type":"post","link":"https:\/\/www.europesays.com\/pl\/667935\/","title":{"rendered":"Uber zwalnia masowo w Krakowie. Prace straci wiele os\u00f3b. &#8222;Benefity za przeszkolenie Hindusa&#8221;"},"content":{"rendered":"<p>Kilka dni temu w Krakowie gruchn\u0119\u0142a wiadomo\u015b\u0107 o zwolnieniach grupowych w HSBC, u jednego z najwi\u0119kszych pracodawc\u00f3w w mie\u015bcie. Prac\u0119 straci\u0142y tam 134 osoby, ale by\u0142a to ju\u017c kolejna w tym roku fala redukcji etat\u00f3w.<\/p>\n<p>Pierwsze zwolnienia przeprowadzono w marcu, a nast\u0119pnie w czerwcu firma zwolni\u0142a 128 os\u00f3b z r\u00f3\u017cnych dzia\u0142\u00f3w. Sp\u00f3\u0142ka zatrudnia obecnie w Krakowie blisko 5 tys. os\u00f3b, kt\u00f3re wspieraj\u0105 bank w obszarach finans\u00f3w, operacji, ryzyka i technologii. Cho\u0107 przedstawiciele firmy deklaruj\u0105, \u017ce nie zmierzaj\u0105 do ca\u0142kowitej likwidacji oddzia\u0142u pod Wawelem, to na pracownik\u00f3w pad\u0142 blady strach.<\/p>\n<p>\u2014 Korporacje lubi\u0105 u\u017cywa\u0107 w takich sytuacjach s\u0142owa &#8222;restrukturyzacja&#8221;. Mo\u017ce si\u0119 pod nim kry\u0107 w\u0142a\u015bciwie cokolwiek. Wewn\u0105trz firmy wszyscy wiemy jednak, o co chodzi. Ludzie sami szkolili Hindus\u00f3w, \u017ceby ci przej\u0119li ich zadania \u2014 m\u00f3wi krakowskiej &#8222;Wyborczej&#8221; pracownica HSBC Service Delivery.<\/p>\n<p>Jak si\u0119 okazuje, bli\u017aniaczo podobny scenariusz w\u0142a\u015bnie zosta\u0142 zrealizowany w krakowskim oddziale Ubera. Jego pracownicy w rozmowie z Onetem opowiadaj\u0105 o kulisach akcji &#8222;Another India&#8221;.<\/p>\n<p>Uber przeprowadza w\u0142a\u015bnie najwi\u0119ksze zwolnienia od czasu wybuchu pandemii koronawirusa. Wed\u0142ug informacji Reutersa firma zapowiedzia\u0142a redukcj\u0119 oko\u0142o 3,3 tys. miejsc pracy, czyli mniej wi\u0119cej 10 proc. globalnego zatrudnienia. Firma chce w ten spos\u00f3b upro\u015bci\u0107 struktur\u0119 organizacyjn\u0105, po\u0142\u0105czy\u0107 cz\u0119\u015b\u0107 zespo\u0142\u00f3w i ograniczy\u0107 koszty. Prezes Ubera Dara Khosrowshahi przekazuje, \u017ce rozbudowana struktura organizacyjna zacz\u0119\u0142a spowalnia\u0107 podejmowanie decyzji i prowadzi\u0142a do tworzenia stanowisk skoncentrowanych g\u0142\u00f3wnie na koordynacji pracy innych os\u00f3b.<\/p>\n<p>Dalszy ci\u0105g artyku\u0142u pod materia\u0142em wideo<\/p>\n<p>\u2014 Chcemy ograniczy\u0107 z\u0142o\u017cono\u015b\u0107 organizacyjn\u0105, kt\u00f3ra spowalnia\u0142a podejmowanie decyzji i prowadzi\u0142a do powstawania r\u00f3l skupionych na koordynacji \u2014 przekaza\u0142 Khosrowshahi.<\/p>\n<p>Jak dowiedzia\u0142 si\u0119 Onet, redukcja ju\u017c obj\u0119\u0142a tak\u017ce oddzia\u0142 Ubera w Krakowie. Ju\u017c pod koniec lipca w ramach zwolnie\u0144 grupowych z prac\u0105 po\u017cegna\u0142o si\u0119 ponad 150 os\u00f3b. Ale na tym ci\u0119cia nie poprzestan\u0105. W\u015br\u00f3d pracownik\u00f3w w\u0142a\u015bnie zacz\u0119\u0142a kr\u0105\u017cy\u0107 informacja, \u017ce uruchomiona zostanie druga fala zwolnie\u0144, kt\u00f3ra mo\u017ce obj\u0105\u0107 dodatkowe kilkadziesi\u0105t os\u00f3b.<\/p>\n<p>Nasi rozm\u00f3wcy wskazuj\u0105, \u017ce mechanizm zwolnie\u0144 w krakowskich korporacjach jest podobny i sukcesywnie powielany. Pracownicy jako pow\u00f3d zwolnie\u0144 s\u0142ysz\u0105 has\u0142a o &#8222;restrukturyzacji&#8221; i &#8222;uproszczeniu proces\u00f3w&#8221;. Czasem firmy t\u0142umacz\u0105 redukcje wkroczeniem AI \u2014 sztucznej inteligencji \u2014 na rynek. Ale w\u015br\u00f3d pracownik\u00f3w korporacji ten skr\u00f3t bywa ironicznie rozwijany jako &#8222;Another India&#8221;. Bo w rzeczywisto\u015bci g\u0142\u00f3wnym powodem zwolnie\u0144 jest przenoszenie si\u0119 globalnych firm do Indii.<\/p>\n<p>Wspomniane HSBC otworzy\u0142o w\u0142a\u015bnie nowy oddzia\u0142 w Suracie, jednym z najwi\u0119kszych miast Indii. W sumie ma ju\u017c ich w tym kraju 32, a zapowiedzianych jest kolejnych 14. Cz\u0119\u015b\u0107 proces\u00f3w do tego kraju przeni\u00f3s\u0142 te\u017c producent piwa Heineken, kt\u00f3ry tak\u017ce jest znacz\u0105cym krakowskim pracodawc\u0105.<\/p>\n<p>Przez trzy lata wys\u0142a\u0142 2 tys. CV, by\u0142 na setkach rozm\u00f3w. Teraz m\u00f3wi wprost: HR jest niepotrzebny<\/p>\n<p class=\"ods-o-frame-in-text__paragraph\"><a href=\"https:\/\/wiadomosci.onet.pl\/kraj\/grzegorz-odkryl-techniki-rekruterow-dzieki-temu-dostal-oferte-na-stanowisko\/7w0xtr2\" id=\"6e843bd9-dc99-4470-bdb4-cb2b2c193975\" rel=\"nofollow noopener\" target=\"_blank\">Czytaj tekst Diany Wawrzusiszyn-Michnicz<\/a><\/p>\n<p><img class=\"ods-a-photo ods-a-photo--background\" src=\"https:\/\/www.europesays.com\/pl\/wp-content\/uploads\/2026\/09\/Gggk9lBaHR0cHM6Ly9vY2RuLmV1L3B1bHNjbXMvTURBXy80NzdjYjZlNjlmMDdlYTNjMGRiYjg5ZjY5NTIzMGU1Ni5qcGeRlQLNA.jpeg\" height=\"253\" width=\"450\" alt=\"Grzegorz No\u017cownik rozgryz\u0142 schemat rekruter\u00f3w (zdj. ilustracyjne)\" loading=\"lazy\" fetchpriority=\"low\" decoding=\"async\"\/>&#8222;To niebywa\u0142e&#8221;<\/p>\n<p>Nie inaczej wygl\u0105da to w Uberze. Pracownicy, kt\u00f3rzy s\u0105 w\u0142a\u015bnie w okresie wypowiedzenia, dostali nowe zadania \u2014 przeszkolenie swoich hinduskich nast\u0119pc\u00f3w.<\/p>\n<p>\u2014 Do Krakowa przyjecha\u0142a grupa Hindus\u00f3w, kt\u00f3rym mamy przekaza\u0107 swoje obowi\u0105zki, pokaza\u0107 co jak dzia\u0142a i wdro\u017cy\u0107 ich w procesy \u2014 opowiada jeden z pracownik\u00f3w Ubera.<\/p>\n<p>\u2014 To niebywa\u0142e, \u017ce Uberowi bardziej op\u0142aca si\u0119 op\u0142aci\u0107 przyjazd tutaj pracownik\u00f3w z Indii, \u017ceby nauczyli si\u0119 robi\u0107 to, co my, ni\u017c utrzymanie naszych miejsc pracy w Krakowie \u2014 dziwi si\u0119 kolejny z pracownik\u00f3w.<\/p>\n<p>Nasi rozm\u00f3wcy opowiadaj\u0105 tak\u017ce o tym, jak firma zabezpieczy\u0142a si\u0119, by nie zabrak\u0142o ch\u0119tnych do przeszkolenia Hindus\u00f3w. \u2014 Uber wiedzia\u0142, \u017ce mo\u017cemy gremialnie uciec na L4, ale potrzebowa\u0142 nas, \u017ceby przekaza\u0107 wszystko nowym. Zaproponowano nam spore benefity, byle tylko nie zabrak\u0142o ch\u0119tnych do szkolenia Hindus\u00f3w \u2014 s\u0142yszymy od pracownika Ubera.<\/p>\n<p>Onet przes\u0142a\u0142 pytania do biura prasowego Ubera dotycz\u0105ce skali zwolnie\u0144 w Krakowie. Pytamy tak\u017ce o to, czy planowane s\u0105 kolejne redukcje etat\u00f3w. Na odpowied\u017a czekamy.<\/p>\n<p>Koniec &#8222;doliny krzemowej&#8221; pod Wawelem<\/p>\n<p>Zwolnienia grupowe w korporacjach z mi\u0119dzynarodowym rodowodem sta\u0142y si\u0119 zmor\u0105 Krakowa. Miasto b\u0119d\u0105ce niegdy\u015b magnesem dla globalnych biznes\u00f3w podupada na znaczeniu. Ci\u0119\u017cki dla pracownik\u00f3w by\u0142 ju\u017c 2024 r. Wiele firm po ci\u0119\u017ckich latach pandemii zacz\u0119\u0142o szuka\u0107 oszcz\u0119dno\u015bci. Trend zwi\u0105zany z automatyzacj\u0105 i digitalizacj\u0105 proces\u00f3w odpowiada\u0142 ju\u017c wtedy za co drugie zwolnienie w bran\u017cy us\u0142ug IT czy finansowo-ksi\u0119gowych. Z czasem te problemy zacz\u0119\u0142a pog\u0142\u0119bia\u0107 sztuczna inteligencja. Kiedy\u015b do kraj\u00f3w Europy \u015arodkowo-Wschodniej globalne firmy przyci\u0105ga\u0142y nie tylko dost\u0119p do wykwalifikowanych kadr, ale tak\u017ce ni\u017csze ni\u017c na Zachodzie wynagrodzenia. Teraz ta r\u00f3\u017cnica zacz\u0119\u0142a si\u0119 zaciera\u0107. Krak\u00f3w zacz\u0105\u0142 traci\u0107 miano &#8222;eldorado IT&#8221;, cho\u0107 byli i tacy, kt\u00f3rzy wie\u015bcili mu upadek na wz\u00f3r ameryka\u0144skiego Detroit.<\/p>\n<p>\u2014 Je\u017celi Krak\u00f3w nie wymy\u015bli si\u0119 na nowo i nie przedstawi inwestorom nowej oferty, b\u0119dziemy mieli powa\u017cny problem \u2014 m\u00f3wi\u0142 Onetowi Przemys\u0142aw Kadula, CEO w Everuptive Group, inwestor w firmie All IT Club i cz\u0142onek zarz\u0105du Polskiego Forum HR. I dodawa\u0142, \u017ce Krak\u00f3w powinien postawi\u0107 na bardziej skomplikowane procesy technologiczne, jednak \u2014 m\u00f3wi\u0142 \u2014 do tego potrzebne jest zaplecze.<\/p>\n<p>Dyrektor tech-giganta o kulisach pracy w polskim IT. &#8222;Bardzo du\u017co si\u0119 zmieni\u0142o&#8221;<\/p>\n<p class=\"ods-o-frame-in-text__paragraph\"><a href=\"https:\/\/businessinsider.com.pl\/technologie\/nowe-technologie\/jak-wyglada-praca-programisty-dyrektor-giganta-mowi-o-wielkiej-zmianie\/mkke1hg\" id=\"507f3ea8-e3fd-4f8f-8081-820eccb8587e\" rel=\"nofollow noopener\" target=\"_blank\">Przeczytaj tekst Grzegorza Kowalczyka<\/a><\/p>\n<p><img class=\"ods-a-photo ods-a-photo--background\" src=\"https:\/\/www.europesays.com\/pl\/wp-content\/uploads\/2026\/09\/U8lk9lBaHR0cHM6Ly9vY2RuLmV1L3B1bHNjbXMvTURBXy9jZjZlMWY3NWM2ZDdmZDA3MjYyNWZlNzllOTE2M2JkNi5qcGeRlQLNA.jpeg\" height=\"253\" width=\"450\" alt=\"5b89e68527e36afa5859d4c9581c177b\" loading=\"lazy\" fetchpriority=\"low\" decoding=\"async\"\/><\/p>\n<p>W\u0142adze miasta zapewnia\u0142y w\u00f3wczas, \u017ce problem znaj\u0105 i staraj\u0105 si\u0119 stawi\u0107 mu czo\u0142a. \u2014 Kluczowe b\u0119dzie zbudowanie sieci z urz\u0119dami pracy, biznesem i uczelniami wy\u017cszymi, kt\u00f3ra pomo\u017ce w redefiniowaniu kompetencji \u2014 m\u00f3wi\u0142 w ubieg\u0142ym roku Onetowi Stanis\u0142aw Mazur, \u00f3wczesny wiceprezydent Krakowa. I dodawa\u0142: \u2014 Z naszych obserwacji wynika, \u017ce ci pracownicy, kt\u00f3rzy tracili prac\u0119, szybko znajdowali now\u0105 pod warunkiem, \u017ce byli w stanie si\u0119 przekwalifikowa\u0107. Rynek pracy staje si\u0119 coraz bardziej dynamiczny i turbulentny i dzi\u015b trudno przewidzie\u0107, jakie kompetencje b\u0119d\u0105 potrzebne w przysz\u0142o\u015bci, ale wa\u017cne, \u017ceby umie\u0107 na te wyzwania reagowa\u0107.<\/p>\n<p>Globalne marki opuszcz\u0105 Krak\u00f3w? Pracy b\u0119dzie mniej, ale b\u0119dzie ona lepiej p\u0142atna<\/p>\n<p>W 2025 r. zwolnienia grupowe obj\u0119\u0142y w Krakowie w sumie 4443 pracownik\u00f3w, a stopa bezrobocia na zako\u0144czenie roku osi\u0105gn\u0119\u0142a poziom 2,5 proc. Dla por\u00f3wnania, w pierwszym p\u00f3\u0142roczu 2026 r. firmy w Krakowie zg\u0142osi\u0142y zamiar redukcji 2050 etat\u00f3w, z czego ponad 1300 dotyczy sektora us\u0142ug dla biznesu. Jednak w samym lipcu liczba ta zwi\u0119kszy\u0142a si\u0119 o kolejne 1079 os\u00f3b i dotyczy\u0142a zwolnie\u0144 w dw\u00f3ch firmach. To oznacza, \u017ce przed ko\u0144cem trzeciego kwarta\u0142u liczba planowanych zwolnie\u0144 zbli\u017ca si\u0119 do sumy z ca\u0142ego ubieg\u0142ego roku. Stopniowo ro\u015bnie te\u017c stopa bezrobocia w mie\u015bcie. Na koniec czerwca 2026 r. wynosi\u0142a ona 2,8 proc.<\/p>\n<p>Micha\u0142 M\u0142ynarczyk, dyrektor zarz\u0105dzaj\u0105cy w Polskim Forum HR, w rozmowie z Onetem wskazuje, \u017ce miasto mo\u017ce, a nawet powinno pe\u0142ni\u0107 rol\u0119 wspomagaj\u0105c\u0105 w okresie przej\u015bciowym, jaki przechodzi obecnie krakowski rynek pracy. \u2014 Tak jak g\u00f3rnicy na \u015al\u0105sku w procesie transformacji nie s\u0105 pozostawieni sami sobie, ale mog\u0105 korzysta\u0107 z program\u00f3w rz\u0105dowych, tak samo pracownicy korporacji powinni m\u00f3c korzysta\u0107 z dofinansowa\u0144 zak\u0142adania w\u0142asnych biznes\u00f3w, do robienia kurs\u00f3w podnosz\u0105cych kwalifikacje czy pozwalaj\u0105cych si\u0119 przekwalifikowa\u0107 \u2014 zaznacza ekspert.<\/p>\n<p>Jego zdaniem, cho\u0107 problem zwolnie\u0144 dotyczy bardzo du\u017cej grupy os\u00f3b, wci\u0105\u017c nie jest priorytetem dla decydent\u00f3w. Dlaczego? \u2014 Pokutuje wizja, \u017ce problem dotyczy dobrze zarabiaj\u0105cych, wykszta\u0142conych os\u00f3b, kt\u00f3re powinny same sobie poradzi\u0107, a w rzeczywisto\u015bci dla wielu os\u00f3b jest to bolesny okres, w kt\u00f3rym potrzebuj\u0105 wsparcia \u2014 m\u00f3wi M\u0142ynarczyk.<\/p>\n<p>Chocia\u017c stopa bezrobocia w Krakowie pozostaje jedn\u0105 z najni\u017cszych w kraju, to jej wzrost w pierwszym p\u00f3\u0142roczu tego roku mo\u017ce by\u0107 sygna\u0142em, \u017ce nie wszyscy zwalniani s\u0105 w stanie natychmiast znale\u017a\u0107 nowe zaj\u0119cie. Z danych Grodzkiego Urz\u0119du Pracy wynika, \u017ce liczba ofert pracy ro\u015bnie, ale barier\u0105 mo\u017ce pozostawa\u0107 to, \u017ce pracownicy nie chc\u0105 si\u0119 przekwalifikowa\u0107 albo nie zamierzaj\u0105 podejmowa\u0107 pracy, w kt\u00f3rej b\u0119d\u0105 gorzej wynagradzani ni\u017c poprzednio.<\/p>\n<p>Micha\u0142 M\u0142ynarczyk uspokaja jednak przed wizj\u0105 ca\u0142kowitej wyprowadzki globalnych korporacji z Polski. \u2014 Owszem, stali\u015bmy si\u0119 ju\u017c drogim krajem, st\u0105d wyprowadzka cz\u0119\u015bci zada\u0144 do Indii. Ale globalne korporacje, chocia\u017cby ze wzgl\u0119d\u00f3w bezpiecze\u0144stwa, musz\u0105 mie\u0107 swoje centra w r\u00f3\u017cnych cz\u0119\u015bciach \u015bwiata, dlatego nie s\u0105dz\u0119, \u017ceby mia\u0142y rezygnowa\u0107 z Polski. Efektem dzisiejszych przekszta\u0142ce\u0144 b\u0119dzie raczej sprowadzenie na polski rynek bardziej wymagaj\u0105cych proces\u00f3w. Pracy b\u0119dzie mniej, ale b\u0119dzie lepiej p\u0142atna, bo b\u0119dzie wymaga\u0142a wy\u017cszych kompetencji \u2014 przewiduje ekspert.<\/p>\n","protected":false},"excerpt":{"rendered":"Kilka dni temu w Krakowie gruchn\u0119\u0142a wiadomo\u015b\u0107 o zwolnieniach grupowych w HSBC, u jednego z najwi\u0119kszych pracodawc\u00f3w w&hellip;\n","protected":false},"author":2,"featured_media":667936,"comment_status":"","ping_status":"","sticky":false,"template":"","format":"standard","meta":{"footnotes":"","_share_on_mastodon":"0"},"categories":[51606],"tags":[56,61195,1304,48,46,42,38,40,39,41,2239,47,341,18429],"class_list":["post-667935","post","type-post","status-publish","format-standard","has-post-thumbnail","category-krakow","tag-article_premium","tag-bottomfeed_styl","tag-krakow","tag-nat_styl","tag-omp","tag-pl","tag-poland","tag-polish","tag-polska","tag-polski","tag-rynek_pracy","tag-screening_general","tag-tylko_w_onecie","tag-uber"],"share_on_mastodon":{"url":"https:\/\/pubeurope.com\/@pl\/117215213691756856","error":""},"_links":{"self":[{"href":"https:\/\/www.europesays.com\/pl\/wp-json\/wp\/v2\/posts\/667935","targetHints":{"allow":["GET"]}}],"collection":[{"href":"https:\/\/www.europesays.com\/pl\/wp-json\/wp\/v2\/posts"}],"about":[{"href":"https:\/\/www.europesays.com\/pl\/wp-json\/wp\/v2\/types\/post"}],"author":[{"embeddable":true,"href":"https:\/\/www.europesays.com\/pl\/wp-json\/wp\/v2\/users\/2"}],"replies":[{"embeddable":true,"href":"https:\/\/www.europesays.com\/pl\/wp-json\/wp\/v2\/comments?post=667935"}],"version-history":[{"count":0,"href":"https:\/\/www.europesays.com\/pl\/wp-json\/wp\/v2\/posts\/667935\/revisions"}],"wp:featuredmedia":[{"embeddable":true,"href":"https:\/\/www.europesays.com\/pl\/wp-json\/wp\/v2\/media\/667936"}],"wp:attachment":[{"href":"https:\/\/www.europesays.com\/pl\/wp-json\/wp\/v2\/media?parent=667935"}],"wp:term":[{"taxonomy":"category","embeddable":true,"href":"https:\/\/www.europesays.com\/pl\/wp-json\/wp\/v2\/categories?post=667935"},{"taxonomy":"post_tag","embeddable":true,"href":"https:\/\/www.europesays.com\/pl\/wp-json\/wp\/v2\/tags?post=667935"}],"curies":[{"name":"wp","href":"https:\/\/api.w.org\/{rel}","templated":true}]}}