{"id":667945,"date":"2026-09-04T22:54:10","date_gmt":"2026-09-04T22:54:10","guid":{"rendered":"https:\/\/www.europesays.com\/pl\/667945\/"},"modified":"2026-09-04T22:54:10","modified_gmt":"2026-09-04T22:54:10","slug":"trener-stali-gorzow-nie-wytrzymal-sedzia-nas-okradl","status":"publish","type":"post","link":"https:\/\/www.europesays.com\/pl\/667945\/","title":{"rendered":"Trener Stali Gorz\u00f3w nie wytrzyma\u0142: S\u0119dzia nas okrad\u0142"},"content":{"rendered":"<p>Stal nie odrobi\u0142a sze\u015bciu punkt\u00f3w straty z pierwszego meczu. Wygra\u0142a z Falubazem 47:43. W Zielonej G\u00f3rze Falubaz by\u0142 g\u00f3r\u0105 48:42.<\/p>\n<p>Dalszy ci\u0105g artyku\u0142u pod materia\u0142em wideo<\/p>\n<p>W przypadku remisu w dwumeczu wy\u017cej by\u0142aby Stal, bo by\u0142a wy\u017cej po rundzie zasadniczej.<\/p>\n<p><a href=\"https:\/\/przegladsportowy.onet.pl\/\" title=\"Strona g\u0142\u00f3wna serwisu\" aria-label=\"Strona g\u0142\u00f3wna serwisu\" data-astro-prefetch=\"tap\" class=\"ods-a-logo-main-desktop\" rel=\"nofollow noopener\" target=\"_blank\"><img src=\"https:\/\/cdn.przegladsportowy.onet.pl\/img\/Logo_desktop_Onet.svg\" class=\"ods-a-logo-main-desktop__image\" alt=\"Logo\" width=\"107\" height=\"60\" fetchpriority=\"high\" decoding=\"sync\" style=\"height:60px\"\/><\/a><\/p>\n<p class=\"ods-m-google-article__text\">Czytaj nas cz\u0119\u015bciej w Google<\/p>\n<p><a href=\"https:\/\/google.com\/preferences\/source?q=przegladsportowy.onet.pl\" target=\"_blank\" rel=\"noopener noreferrer nofollow\" aria-label=\"Dodaj w Google\" title=\"Dodaj w Google\" class=\"ods-a-button ods-a-button__primary ods-a-button__default ods-a-button-l\">Dodaj w Google<\/a><\/p>\n<p>\u2014 Troch\u0119 punkt\u00f3w potracili\u015bmy \u2014 rozpocz\u0105\u0142 po meczu z Falubazem Piotr Paluch, trener Stali w Canal+. \u2014 By\u0142a na pewno najdro\u017csza ta\u015bma sezonu Adama Bednara. Oskar Paluch te\u017c przyjecha\u0142 czwarty w 12 biegu, a nie powinien. Pollestad i Przedpe\u0142ski te\u017c nie zdobyli tylu punkt\u00f3w jak oczekiwali\u015bmy. Na s\u0142owa uznania zas\u0142u\u017cyli Wright i Thomsen. Swoje zrobili te\u017c juniorzy, Bednar, Kordun i Paluch w trzech biegach. Zabrak\u0142o jednak wsparcia. Jestem bardzo roz\u017calony i nie ma co szerzej m\u00f3wi\u0107, kto co i jak. Przed nami wa\u017cne mecze. Musimy si\u0119 pozbiera\u0107 \u2014 doda\u0142.<\/p>\n<p>Piotr Paluch: S\u0119dzia nas okrad\u0142<\/p>\n<p>Piotr Paluch nie wytrzyma\u0142 przed kamerami Canal+ i nawi\u0105za\u0142 tak\u017ce do pierwszego meczu w Zielonej G\u00f3rze, w kt\u00f3rym szalenie kontrowersyjne decyzje podejmowa\u0142 s\u0119dzia Micha\u0142 Sasie\u0144.<\/p>\n<p>\u2014 Wracaj\u0105c do dwumeczu, powiedzia\u0142em ju\u017c to wcze\u015bniej i powiem jeszcze raz, okradli nas w Zielonej G\u00f3rze i nie jeste\u015bmy tam gdzie powinni\u015bmy. To s\u0105 nie tylko moje s\u0142owa, ale wielu kibic\u00f3w i tego nie zmieni\u0119. S\u0119dzia nas okrad\u0142 z sz\u00f3stego miejsca \u2014 zako\u0144czy\u0142 Paluch.<\/p>\n","protected":false},"excerpt":{"rendered":"Stal nie odrobi\u0142a sze\u015bciu punkt\u00f3w straty z pierwszego meczu. Wygra\u0142a z Falubazem 47:43. W Zielonej G\u00f3rze Falubaz by\u0142&hellip;\n","protected":false},"author":2,"featured_media":667946,"comment_status":"","ping_status":"","sticky":false,"template":"","format":"standard","meta":{"footnotes":"","_share_on_mastodon":"0"},"categories":[24],"tags":[128289,61195,173,4992,128027,48,46,175,30205,42,38,40,39,41,47,127,126,3050,174],"class_list":["post-667945","post","type-post","status-publish","format-standard","has-post-thumbnail","category-sport","tag-adshield_tst0","tag-bottomfeed_styl","tag-ekstraliga","tag-falubaz_zielona_gora","tag-michal_sasien","tag-nat_styl","tag-omp","tag-pge_ekstraliga","tag-piotr_paluch","tag-pl","tag-poland","tag-polish","tag-polska","tag-polski","tag-screening_general","tag-sport","tag-sports","tag-stal_gorzow_wielkopolski","tag-zuzel"],"share_on_mastodon":{"url":"https:\/\/pubeurope.com\/@pl\/117215237272711158","error":""},"_links":{"self":[{"href":"https:\/\/www.europesays.com\/pl\/wp-json\/wp\/v2\/posts\/667945","targetHints":{"allow":["GET"]}}],"collection":[{"href":"https:\/\/www.europesays.com\/pl\/wp-json\/wp\/v2\/posts"}],"about":[{"href":"https:\/\/www.europesays.com\/pl\/wp-json\/wp\/v2\/types\/post"}],"author":[{"embeddable":true,"href":"https:\/\/www.europesays.com\/pl\/wp-json\/wp\/v2\/users\/2"}],"replies":[{"embeddable":true,"href":"https:\/\/www.europesays.com\/pl\/wp-json\/wp\/v2\/comments?post=667945"}],"version-history":[{"count":0,"href":"https:\/\/www.europesays.com\/pl\/wp-json\/wp\/v2\/posts\/667945\/revisions"}],"wp:featuredmedia":[{"embeddable":true,"href":"https:\/\/www.europesays.com\/pl\/wp-json\/wp\/v2\/media\/667946"}],"wp:attachment":[{"href":"https:\/\/www.europesays.com\/pl\/wp-json\/wp\/v2\/media?parent=667945"}],"wp:term":[{"taxonomy":"category","embeddable":true,"href":"https:\/\/www.europesays.com\/pl\/wp-json\/wp\/v2\/categories?post=667945"},{"taxonomy":"post_tag","embeddable":true,"href":"https:\/\/www.europesays.com\/pl\/wp-json\/wp\/v2\/tags?post=667945"}],"curies":[{"name":"wp","href":"https:\/\/api.w.org\/{rel}","templated":true}]}}