{"id":667969,"date":"2026-09-04T23:12:14","date_gmt":"2026-09-04T23:12:14","guid":{"rendered":"https:\/\/www.europesays.com\/pl\/667969\/"},"modified":"2026-09-04T23:12:14","modified_gmt":"2026-09-04T23:12:14","slug":"wypadek-na-ekspresowce-kolo-lublina-trwa-akcja-ratunkowa-droga-jest-zablokowana","status":"publish","type":"post","link":"https:\/\/www.europesays.com\/pl\/667969\/","title":{"rendered":"Wypadek na ekspres\u00f3wce ko\u0142o Lublina. Trwa akcja ratunkowa, droga jest zablokowana"},"content":{"rendered":"<p>Do wypadku dosz\u0142o w pi\u0105tek, 4 wrze\u015bnia, na drodze ekspresowej S12\/17 mi\u0119dzy Piaskami a Lublinem. Oko\u0142o godziny 21:30, na wysoko\u015bci Kalin\u00f3wki, zderzy\u0142y si\u0119 dwa samochody osobowe. Jedno z nich dachowa\u0142o. Na miejscu interweniowa\u0142a stra\u017c po\u017carna, zespo\u0142y ratownictwa medycznego oraz policja.<\/p>\n<p>Jak nam przekazano, zdarzenie mia\u0142o miejsce na jezdni w kierunku Lublina, tu\u017c przed zjazdem na wiadukt prowadz\u0105cy do al. Witosa. Obecnie trwa akcja ratunkowa. Na razie nie ma jeszcze informacji co do liczby poszkodowanych.<\/p>\n<p>Funkcjonariusze dopiero przyst\u0119puj\u0105 do ustalania szczeg\u00f3\u0142owych okoliczno\u015bci oraz przyczyn zdarzenia. Z pewno\u015bci\u0105 chwil\u0119 to potrwa, gdy\u017c obecnie priorytetem jest udzielenie pomocy poszkodowanym.<\/p>\n<p>Kierowcy napotkaj\u0105 na powa\u017cne problemy z przejazdem. Jezdnia w kierunku Lublina jest ca\u0142kowicie zablokowana. Dlatego na w\u0119\u017ale \u015awidnik nale\u017cy zjecha\u0107 na ul. Kusoci\u0144skiego i kierowa\u0107 si\u0119 przez miasto. Zablokowany jest te\u017c lewy pas jezdni w kierunku Piask.<\/p>\n<p>wideo \u2013 Patryk<\/p>\n<p>\u00a0<\/p>\n<p>\n                                    <a href=\"https:\/\/www.google.com\/preferences\/source?q=lublin112.pl\" target=\"_blank\" rel=\"noopener noreferrer nofollow\" onclick=\"if (!window.__cfRLUnblockHandlers) return false; gtag(&#039;event&#039;, &#039;google_preferred_source_click&#039;, {&#010;                                           &#039;link_url&#039;: this.href,&#010;                                           &#039;link_text&#039;: &#039;Ustaw lublin112.pl jako preferowane \u017ar\u00f3d\u0142o&#039;&#010;                                       });\" style=\"text-align:center;display:block;\" data-cf-modified-6b5a27a24d616d5ca396bb1b-=\"\"><br \/>\n                                        <img decoding=\"async\" src=\"https:\/\/www.europesays.com\/pl\/wp-content\/uploads\/2026\/09\/1788563534_163_lublin112-google-source.webp\" alt=\"Ustaw lublin112.pl jako preferowane \u017ar\u00f3d\u0142o w Google\" style=\"max-width: 70%;\"\/><br \/>\n                                    <\/a><br \/>\n                                    <\/p>\n","protected":false},"excerpt":{"rendered":"Do wypadku dosz\u0142o w pi\u0105tek, 4 wrze\u015bnia, na drodze ekspresowej S12\/17 mi\u0119dzy Piaskami a Lublinem. Oko\u0142o godziny 21:30,&hellip;\n","protected":false},"author":2,"featured_media":667970,"comment_status":"","ping_status":"","sticky":false,"template":"","format":"standard","meta":{"footnotes":"","_share_on_mastodon":"0"},"categories":[51612],"tags":[95509,3431,1081,42,38,40,39,41,50530,20302,4321,2588,93141,52324],"class_list":["post-667969","post","type-post","status-publish","format-standard","has-post-thumbnail","category-lublin","tag-kalinowka","tag-kolizja","tag-lublin","tag-pl","tag-poland","tag-polish","tag-polska","tag-polski","tag-s12","tag-s17","tag-swidnik","tag-wypadek","tag-wypadek-na-ekspresowce","tag-zablokowana-droga"],"share_on_mastodon":{"url":"https:\/\/pubeurope.com\/@pl\/117215308266276651","error":""},"_links":{"self":[{"href":"https:\/\/www.europesays.com\/pl\/wp-json\/wp\/v2\/posts\/667969","targetHints":{"allow":["GET"]}}],"collection":[{"href":"https:\/\/www.europesays.com\/pl\/wp-json\/wp\/v2\/posts"}],"about":[{"href":"https:\/\/www.europesays.com\/pl\/wp-json\/wp\/v2\/types\/post"}],"author":[{"embeddable":true,"href":"https:\/\/www.europesays.com\/pl\/wp-json\/wp\/v2\/users\/2"}],"replies":[{"embeddable":true,"href":"https:\/\/www.europesays.com\/pl\/wp-json\/wp\/v2\/comments?post=667969"}],"version-history":[{"count":0,"href":"https:\/\/www.europesays.com\/pl\/wp-json\/wp\/v2\/posts\/667969\/revisions"}],"wp:featuredmedia":[{"embeddable":true,"href":"https:\/\/www.europesays.com\/pl\/wp-json\/wp\/v2\/media\/667970"}],"wp:attachment":[{"href":"https:\/\/www.europesays.com\/pl\/wp-json\/wp\/v2\/media?parent=667969"}],"wp:term":[{"taxonomy":"category","embeddable":true,"href":"https:\/\/www.europesays.com\/pl\/wp-json\/wp\/v2\/categories?post=667969"},{"taxonomy":"post_tag","embeddable":true,"href":"https:\/\/www.europesays.com\/pl\/wp-json\/wp\/v2\/tags?post=667969"}],"curies":[{"name":"wp","href":"https:\/\/api.w.org\/{rel}","templated":true}]}}