{"id":667973,"date":"2026-09-04T23:14:24","date_gmt":"2026-09-04T23:14:24","guid":{"rendered":"https:\/\/www.europesays.com\/pl\/667973\/"},"modified":"2026-09-04T23:14:24","modified_gmt":"2026-09-04T23:14:24","slug":"wjechal-pod-pociag-w-gdansku-jest-ruch-prokuratury","status":"publish","type":"post","link":"https:\/\/www.europesays.com\/pl\/667973\/","title":{"rendered":"Wjecha\u0142 pod poci\u0105g w Gda\u0144sku. Jest ruch prokuratury"},"content":{"rendered":"<p><a href=\"https:\/\/www.google.com\/preferences\/source?q=wiadomosci.wp.pl\" target=\"_blank\" rel=\"nofollow noopener\" class=\"preferred-source-banner\" id=\"preferred-source-banner\" data-vab-box=\"preferred_source_banner\"><\/p>\n<p class=\"preferred-source-banner-title\">Dodaj WP Wiadomo\u015bci jako preferowane \u017ar\u00f3d\u0142o w Google<\/p>\n<p class=\"preferred-source-banner-subtitle\">Nasze tre\u015bci b\u0119d\u0105 cz\u0119\u015bciej wy\u015bwietla\u0107 si\u0119 w Twoich wynikach Google<\/p>\n<p><\/a><\/p>\n<p>Najwa\u017cniejsze informacje:<\/p>\n<p> Podejrzany us\u0142ysza\u0142 zarzut z\u00a0art. 174\u00a0\u00a7 2\u00a0kk, za co grozi mu do 3\u00a0lat wi\u0119zienia.Wobec kierowcy zastosowano wolno\u015bciowe \u015brodki zapobiegawcze.Kierowca tira nie przyzna\u0142 si\u0119 do winy i\u00a0z\u0142o\u017cy\u0142 wyja\u015bnienia. <\/p>\n<p>W\u00a0pi\u0105tek prokurator Wioleta Noch z\u00a0Prokuratury Okr\u0119gowej w\u00a0Gda\u0144sku przekaza\u0142a, \u017ce kierowca ci\u0119\u017car\u00f3wki us\u0142ysza\u0142 zarzut sprowadzenia bezpo\u015bredniego niebezpiecze\u0144stwa katastrofy w\u00a0ruchu l\u0105dowym (art. 174\u00a0\u00a7 2\u00a0kk). Za ten czyn 42-letniemu obywatelowi Bo\u015bni i\u00a0Hercegowiny grozi do trzech lat wi\u0119zienia.<\/p>\n<p> Poci\u0105g Intercity zmi\u00f3t\u0142 ci\u0119\u017car\u00f3wk\u0119. Jest nagranie z\u00a0monitoringu  <img role=\"presentation\" class=\"absolute left-1\/2 top-1\/2 max-h-[80%] max-w-[100px] -translate-x-1\/2 -translate-y-1\/2\" src=\"https:\/\/v.wpimg.pl\/ZXJfd3AudTkrBBIAbg54LGhcRlAxHQUrPgJGH2MAeGJoSQ1eIBI_K2UHAEVuBTY5KQMMXC0RPyoVERQdMgM9ejc\" loading=\"lazy\" decoding=\"async\"\/> <\/p>\n<p>Prokurator doda\u0142a, \u017ce po zako\u0144czeniu czynno\u015bci procesowych wobec podejrzanego zastosowano \u015brodki zapobiegawcze o\u00a0charakterze wolno\u015bciowym. M\u0119\u017cczyzna nie przyzna\u0142 si\u0119 do winy, ale z\u0142o\u017cy\u0142 wyja\u015bnienia.<\/p>\n<p>Wypadek na ul. Niegowskiej. Poci\u0105g uderzy\u0142 w naczep\u0119<\/p>\n<p>Do wypadku dosz\u0142o w\u00a0czwartek przed godz. 14\u00a0na przeje\u017adzie kolejowym przy ul. Niegowskiej w\u00a0Gda\u0144sku. <a href=\"https:\/\/wiadomosci.wp.pl\/zderzenie-ciezarowki-z-pociagiem-relacja-swiadkow-ujawnia-nowe-fakty-7325536048056416a\" rel=\"noopener noreferrer nofollow\" target=\"_blank\">Kierowca ci\u0105gnika siod\u0142owego z\u00a0naczep\u0105 wjecha\u0142 na torowisko w\u00a0momencie, gdy rogatki zacz\u0119\u0142y si\u0119 opuszcza\u0107<\/a>. Pojazd utkn\u0105\u0142 mi\u0119dzy szlabanami, a\u00a0chwil\u0119 p\u00f3\u017aniej w\u00a0naczep\u0119 uderzy\u0142 poci\u0105g relacji Gdynia G\u0142\u00f3wna &#8211; Zielona G\u00f3ra.<\/p>\n<p> [1\/9] Wypadek poci\u0105gu z ci\u0119\u017car\u00f3wk\u0105. \u0179r\u00f3d\u0142o zdj\u0119\u0107: \u00a9 Facebook | KM PSP Gda\u0144sk <img role=\"presentation\" class=\"absolute left-1\/2 top-1\/2 max-h-[80%] max-w-[100px] -translate-x-1\/2 -translate-y-1\/2\" src=\"https:\/\/v.wpimg.pl\/ZXJfd3AudTkrBBIAbg54LGhcRlAxHQUrPgJGH2MAeGJoSQ1eIBI_K2UHAEVuBTY5KQMMXC0RPyoVERQdMgM9ejc\" loading=\"lazy\" decoding=\"async\"\/> <\/p>\n<p>Wed\u0142ug informacji podanych przez PKP Polskie Linie Kolejowe w\u00a0sk\u0142adzie podr\u00f3\u017cowa\u0142o ok. 250-300 pasa\u017cer\u00f3w. \u017baden z\u00a0nich nie odni\u00f3s\u0142 obra\u017ce\u0144. Do szpitala przewieziono kierowc\u0119 ci\u0119\u017car\u00f3wki (w celu pobrania krwi) oraz maszynist\u0119 poci\u0105gu. Maszynista po badaniach lekarskich wr\u00f3ci\u0142 do domu.<\/p>\n<p>W\u00a0czwartek Anna Znajewska-Pawluk z\u00a0zespo\u0142u prasowego PKP PLK informowa\u0142a, \u017ce \u015bwiadkowie zdarzenia sygnalizowali kierowcy, aby wy\u0142ama\u0142 rogatk\u0119 i\u00a0zjecha\u0142 z\u00a0przejazdu, ale ten nie podj\u0105\u0142 takiej pr\u00f3by. PKP PLK podkre\u015bla, \u017ce zar\u00f3wno kierowca ci\u0119\u017car\u00f3wki, jak i\u00a0maszynista byli trze\u017awi.<\/p>\n<p>Utrudnienia na trasie Tczew &#8211; Gda\u0144sk i koszty napraw<\/p>\n<p>Zdarzenie sparali\u017cowa\u0142o ruch na linii kolejowej \u0142\u0105cz\u0105cej Tczew z\u00a0Gda\u0144skiem, b\u0119d\u0105cej cz\u0119\u015bci\u0105 magistral Warszawa &#8211; Tr\u00f3jmiasto oraz Pozna\u0144 &#8211; Bydgoszcz &#8211; Tr\u00f3jmiasto. Uszkodzeniu uleg\u0142 tor nr 1.<\/p>\n<p> <img role=\"presentation\" class=\"absolute left-1\/2 top-1\/2 max-h-[80%] max-w-[100px] -translate-x-1\/2 -translate-y-1\/2\" src=\"https:\/\/v.wpimg.pl\/ZXJfd3AudTkrBBIAbg54LGhcRlAxHQUrPgJGH2MAeGJoSQ1eIBI_K2UHAEVuBTY5KQMMXC0RPyoVERQdMgM9ejc\" loading=\"lazy\" decoding=\"async\"\/> <a href=\"https:\/\/wiadomosci.wp.pl\/sa-nowe-ustalenia-ws-wypadku-ciezarowki-z-pociagiem-na-przejezdzie-7325804428523680a\" class=\"teaser-inline\" rel=\"nofollow noopener\" target=\"_blank\">  <img decoding=\"async\" src=\"https:\/\/www.europesays.com\/pl\/wp-content\/uploads\/2026\/09\/ODZlZmNhYCU7DixeYRNtMHhWeAQnSmNmL05gT2FZfXxqFHULJwQqNj8cNUMpGjo0OxsqQz4EYCUqBXUbf0crLSkcNgw3RyopOAk-.jpeg\" loading=\"lazy\" class=\"wp-media-image cropped\" alt=\"S\u0105 nowe ustalenia ws. wypadku ci\u0119\u017car\u00f3wki z poci\u0105giem na przeje\u017adzie\"\/><\/p>\n<p>S\u0105 nowe ustalenia ws. wypadku ci\u0119\u017car\u00f3wki z poci\u0105giem na przeje\u017adzie<\/p>\n<p><\/a> <\/p>\n<p>W\u00a0pi\u0105tek Przemys\u0142aw Zieli\u0144ski z\u00a0zespo\u0142u prasowego PKP PLK przekaza\u0142, \u017ce cz\u0119\u015b\u0107 poci\u0105g\u00f3w kierowano tras\u0105 zmienion\u0105 przez stacj\u0119 Gda\u0144sk Olszynka. Rozk\u0142adow\u0105 organizacj\u0119 ruchu przywr\u00f3cono dopiero w\u00a0czwartek przed p\u00f3\u0142noc\u0105, po naprawie uszkodzonej infrastruktury.<\/p>\n<p>PKP PLK poda\u0142y, \u017ce op\u00f3\u017anionych zosta\u0142o 279\u00a0poci\u0105g\u00f3w na \u0142\u0105cznie ponad 17,5 tys. minut. Na cz\u0119\u015bci trasy odwo\u0142ano 30\u00a0poci\u0105g\u00f3w, a\u00a045\u00a0skierowano na tras\u0119 zmienion\u0105. Zieli\u0144ski wskaza\u0142 te\u017c na uszkodzenia lokomotywy i\u00a0infrastruktury kolejowej.<\/p>\n<p> <img role=\"presentation\" class=\"absolute left-1\/2 top-1\/2 max-h-[80%] max-w-[100px] -translate-x-1\/2 -translate-y-1\/2\" src=\"https:\/\/v.wpimg.pl\/ZXJfd3AudTkrBBIAbg54LGhcRlAxHQUrPgJGH2MAeGJoSQ1eIBI_K2UHAEVuBTY5KQMMXC0RPyoVERQdMgM9ejc\" loading=\"lazy\" decoding=\"async\"\/> <\/p>\n<p>Sp\u00f3\u0142ka szacuje koszty naprawy obu tor\u00f3w, ogrodzenia doj\u015bcia do peron\u00f3w s\u0105siedniego przystanku oraz urz\u0105dze\u0144 przejazdowych na ok. 140\u00a0tys. z\u0142. PKP PLK zapowiada, \u017ce b\u0119dzie dochodzi\u0107 zwrotu tych koszt\u00f3w od sprawcy zdarzenia na drodze s\u0105dowej.<\/p>\n<p> <a href=\"https:\/\/wiadomosci.wp.pl\/makabra-na-torach-matka-z-dzieckiem-zgineli-pod-kolami-pociagu-7325837225388192a\" class=\"teaser-inline\" rel=\"nofollow noopener\" target=\"_blank\">  <img decoding=\"async\" src=\"https:\/\/www.europesays.com\/pl\/wp-content\/uploads\/2026\/09\/Y2YwMTk5dlM4FTtnRE57RntNbz0CF3UQLFV3dkQEawppD2IyAlk8QDwHInoMRyxCOAA9ehtZdlMpHmIiWho9WyoHITUSGjxfOxIp.jpeg\" loading=\"lazy\" class=\"wp-media-image cropped\" alt=\"Makabra na torach. Matka z dzieckiem zgin\u0119li pod ko\u0142ami poci\u0105gu\"\/><\/p>\n<p>Makabra na torach. Matka z dzieckiem zgin\u0119li pod ko\u0142ami poci\u0105gu<\/p>\n<p><\/a><\/p>\n<p>Apel PKP PLK i wpis wiceministra infrastruktury<\/p>\n<p> Do sprawy odni\u00f3s\u0142 si\u0119 w\u00a0czwartek na platformie X\u00a0wiceminister infrastruktury Piotr Malepszak. &#8222;Kolejny z\u00a0prawem jazdy za czapk\u0119 gruszek kierowca TIR-a zlekcewa\u017cy\u0142 sygnalizacj\u0119 informuj\u0105c\u0105 o\u00a0zbli\u017ceniu si\u0119 poci\u0105gu i\u00a0spanikowa\u0142, zatrzymuj\u0105c si\u0119 przed rogatk\u0105 na przeje\u017adzie kolejowym. Brak s\u0142\u00f3w na skrajn\u0105 bezmy\u015blno\u015b\u0107 w\u00a0tym przypadku&#8221; &#8211; napisa\u0142, dodaj\u0105c, \u017ce na szcz\u0119\u015bcie oby\u0142o si\u0119 bez ofiar. <img role=\"presentation\" class=\"absolute left-1\/2 top-1\/2 max-h-[80%] max-w-[100px] -translate-x-1\/2 -translate-y-1\/2\" src=\"https:\/\/v.wpimg.pl\/ZXJfd3AudTkrBBIAbg54LGhcRlAxHQUrPgJGH2MAeGJoSQ1eIBI_K2UHAEVuBTY5KQMMXC0RPyoVERQdMgM9ejc\" loading=\"lazy\" decoding=\"async\"\/> <\/p>\n<p>W\u00a0pi\u0105tek Zieli\u0144ski z\u00a0PKP PLK zaapelowa\u0142, by w\u00a0podobnych sytuacjach wy\u0142ama\u0107 rogatk\u0119 i\u00a0opu\u015bci\u0107 przejazd. &#8211; Rogatka nie jest barier\u0105, za kt\u00f3r\u0105 nale\u017cy czeka\u0107 na zderzenie &#8211; zaznaczy\u0142.<\/p>\n<p>Przedstawiciel PKP PLK podkre\u015bli\u0142, \u017ce poci\u0105g wa\u017cy setki ton i\u00a0nie zatrzyma si\u0119 w\u00a0miejscu. Zwr\u00f3ci\u0142 uwag\u0119, \u017ce kierowca, kt\u00f3ry pozostaje na torach, nara\u017ca na niebezpiecze\u0144stwo nie tylko siebie, ale te\u017c za\u0142og\u0119 poci\u0105gu i\u00a0podr\u00f3\u017cnych.<\/p>\n<p>Tego samego dnia, r\u00f3wnie\u017c na przeje\u017adzie przy ul. Niegowskiej, dosz\u0142o do kolejnego niebezpiecznego incydentu. Jak informowa\u0142y PKP PLK, <a href=\"https:\/\/wiadomosci.wp.pl\/pociag-zmiotl-tam-ciezarowke-kolejny-kierowca-zrobil-to-samo-7325817741345857v\" rel=\"noopener noreferrer nofollow\" target=\"_blank\">kieruj\u0105ca samochodem osobowym wjecha\u0142a na torowisko przy opuszczaj\u0105cych si\u0119 rogatkach i\u00a0utkn\u0119\u0142a mi\u0119dzy szlabanami<\/a>. Do zderzenia nie dosz\u0142o dzi\u0119ki pomocy \u015bwiadk\u00f3w, kt\u00f3rzy wy\u0142amali rogatk\u0119.<\/p>\n","protected":false},"excerpt":{"rendered":"Dodaj WP Wiadomo\u015bci jako preferowane \u017ar\u00f3d\u0142o w Google Nasze tre\u015bci b\u0119d\u0105 cz\u0119\u015bciej wy\u015bwietla\u0107 si\u0119 w Twoich wynikach Google&hellip;\n","protected":false},"author":2,"featured_media":667974,"comment_status":"","ping_status":"","sticky":false,"template":"","format":"standard","meta":{"footnotes":"","_share_on_mastodon":"0"},"categories":[51610],"tags":[1048,42,38,40,39,41],"class_list":["post-667973","post","type-post","status-publish","format-standard","has-post-thumbnail","category-gdansk","tag-gdansk","tag-pl","tag-poland","tag-polish","tag-polska","tag-polski"],"share_on_mastodon":{"url":"https:\/\/pubeurope.com\/@pl\/117215316122365453","error":""},"_links":{"self":[{"href":"https:\/\/www.europesays.com\/pl\/wp-json\/wp\/v2\/posts\/667973","targetHints":{"allow":["GET"]}}],"collection":[{"href":"https:\/\/www.europesays.com\/pl\/wp-json\/wp\/v2\/posts"}],"about":[{"href":"https:\/\/www.europesays.com\/pl\/wp-json\/wp\/v2\/types\/post"}],"author":[{"embeddable":true,"href":"https:\/\/www.europesays.com\/pl\/wp-json\/wp\/v2\/users\/2"}],"replies":[{"embeddable":true,"href":"https:\/\/www.europesays.com\/pl\/wp-json\/wp\/v2\/comments?post=667973"}],"version-history":[{"count":0,"href":"https:\/\/www.europesays.com\/pl\/wp-json\/wp\/v2\/posts\/667973\/revisions"}],"wp:featuredmedia":[{"embeddable":true,"href":"https:\/\/www.europesays.com\/pl\/wp-json\/wp\/v2\/media\/667974"}],"wp:attachment":[{"href":"https:\/\/www.europesays.com\/pl\/wp-json\/wp\/v2\/media?parent=667973"}],"wp:term":[{"taxonomy":"category","embeddable":true,"href":"https:\/\/www.europesays.com\/pl\/wp-json\/wp\/v2\/categories?post=667973"},{"taxonomy":"post_tag","embeddable":true,"href":"https:\/\/www.europesays.com\/pl\/wp-json\/wp\/v2\/tags?post=667973"}],"curies":[{"name":"wp","href":"https:\/\/api.w.org\/{rel}","templated":true}]}}