{"id":667979,"date":"2026-09-04T23:18:00","date_gmt":"2026-09-04T23:18:00","guid":{"rendered":"https:\/\/www.europesays.com\/pl\/667979\/"},"modified":"2026-09-04T23:18:00","modified_gmt":"2026-09-04T23:18:00","slug":"wroclaw-rozpoczecie-sezonu-2026-2027-w-teatrze-pantomimy","status":"publish","type":"post","link":"https:\/\/www.europesays.com\/pl\/667979\/","title":{"rendered":"Wroc\u0142aw. Rozpocz\u0119cie sezonu 2026\/2027 w Teatrze Pantomimy"},"content":{"rendered":"<p>Wydarzenia jubileuszowe, edukacyjne oraz zbli\u017caj\u0105ce si\u0119 premiery we Wroc\u0142awskim Teatrze Pantomimy im. Henryka Tomaszewskiego.<\/p>\n<p>            <a data-lightbox=\"article-gallery\" href=\"https:\/\/e-teatr.pl\/files\/multimedias\/182656\/ogloszenie_dr.jpg\" rel=\"nofollow noopener\" target=\"_blank\">&#13;<br \/>\n        <img loading=\"lazy\" decoding=\"async\" src=\"https:\/\/www.europesays.com\/pl\/wp-content\/uploads\/2026\/09\/thumb_ogloszenie_dr.jpg\" alt=\"\" title=\"\" width=\"800\" height=\"800\"\/>      <\/a><\/p>\n<p>fot. mat. teatru<\/p>\n<p>\u25c6 Po\u017cegnanie z tytu\u0142em: Mikrokosmos w re\u017c. Konrada Dworakowskiego z warsztatami dla najm\u0142odszych<\/p>\n<p>5 i 6 wrze\u015bnia po raz ostatni zobaczymy to magiczne przedstawienie wystawiane w niezwyk\u0142ych okoliczno\u015bciach \u2013 na Ogrodzie, Scenie Letniej WTP przy Al. D\u0119bowej.<\/p>\n<p>Christian Andersen napisa\u0142 Calineczk\u0119 poszukuj\u0105c w dziecku, kt\u00f3rego metafor\u0105 jest dwuip\u00f3\u0142centymetrowa dziewczynka, dowodu bezbronno\u015bci, pos\u0142usze\u0144stwa, niewinno\u015bci; wskazuj\u0105c jednocze\u015bnie ogromny wp\u0142yw \u015bwiata zewn\u0119trznego na to, co dzieje si\u0119 z bohaterem. Mikrokosmos jest swobodn\u0105 interpretacj\u0105 tej popularnej ba\u015bni.<\/p>\n<p>Calineczka jest jedynie pretekstem do zderzenia si\u0119 z podobnymi w\u0105tkami, ale na zasadach, kt\u00f3re dyktuje w opowie\u015bci bohater ciekawy \u015bwiata, silny i zdecydowany, d\u0105\u017c\u0105cy do tego, by by\u0107 sob\u0105 i czu\u0107 si\u0119 wolnym. Powodem tej swobodnej interpretacji jest ch\u0119\u0107 podj\u0119cia dialogu ze stereotypem bohatera dzieci\u0119cego, sprowadzonego do postawy bezwolnej, pozbawionej charakteru i wp\u0142ywu na w\u0142asny los.\u00a0<\/p>\n<p>Warsztaty dla najm\u0142odszych<\/p>\n<p>Podczas warsztatu najm\u0142odsi widzowie przyjrz\u0105 si\u0119 bli\u017cej naszej wyobra\u017ani, pobudzonej przez \u015bwiat owad\u00f3w oraz niezwyk\u0142e postaci ze spektaklu \u201eMikrokosmos\u201d w re\u017cyserii Konrada Dworakowskiego. Odkryj\u0105 \u015bwiat poprzez ruch, taniec i rozmow\u0119. W ramach warsztatu zaplanowane jest tworzenie masek ze \u015bwiata owad\u00f3w.\u00a0\u00a0<\/p>\n<p>Warsztat poprowadzi Anastazja Kowalska \u2013 aktorka i instruktorka teatralna, absolwentka Akademii Sztuk Teatralnych we Wroc\u0142awiu. Prowadzi dwie pr\u0119\u017cnie rozwijaj\u0105ce si\u0119 grupy teatralne dla m\u0142odzie\u017cy. W pracy pedagogicznej stawia na szczero\u015b\u0107 , r\u00f3wno\u015b\u0107 \u00a0i kreatywno\u015b\u0107, tworz\u0105c przestrze\u0144, w kt\u00f3rej m\u0142odzi ludzie mog\u0105 swobodnie wyra\u017ca\u0107 siebie i rozwija\u0107 swoje zainteresowania teatrem. Jako aktorka wsp\u00f3\u0142pracuje z Teatrem Polskim w Podziemiu.\u00a0<\/p>\n<p>Spektakle: 5 i 6 wrze\u015bnia | godz. 11:00\u00a0<br \/>Miejsce: Ogr\u00f3d. Scena letnia, Al. D\u0119bowa 16.\u00a0<\/p>\n<p>\u25c6 Panto idzie na spacer \u2013 \u015bladami Henryka Tomaszewskiego<\/p>\n<p>Kontynuujemy obchody 70-lecia Wroc\u0142awskiego Teatru Pantomimy. Podczas urodzinowego spaceru widzowie b\u0119d\u0105 mieli okazj\u0119 przyjrze\u0107 si\u0119 miejscom zwi\u0105zanym z rozwojem i kolejnymi etapami dzia\u0142ania wroc\u0142awskich mim\u00f3w. Histori\u0119 Pantomimy \u015bladami Henryka Tomaszewskiego opowie Hubert Michalak, kt\u00f3ry zabierze widz\u00f3w m.in. do Wroc\u0142awskiego Teatru Lalek, Opery Wroc\u0142awskiej, Muzeum Teatru im. Henryka Tomaszewskiego czy Teatru Polskiego we Wroc\u0142awiu.<\/p>\n<p>Spacer rozpocznie si\u0119 20 wrze\u015bnia o godz. 12:30 pod biurowcem Hansa Poelziga przy ul. Ofiar O\u015bwi\u0119cimskich 38.\u00a0\u00a0<\/p>\n<p>\u25c6 Pa\u017adziernikowa ofensywa teatralna z najnowszymi spektaklami WTP: \u201eWieczne rodeo\u201d w re\u017c. Anny Karasi\u0144skiej, \u201eLittle\u201d w re\u017c. Gosi Wdowik oraz \u201eZ\u0142e ba\u015bnie\u201d w re\u017c. Marcina Libera na Halloween<\/p>\n<p>Trzy tytu\u0142y, kt\u00f3re zosta\u0142y zauwa\u017cone i wyr\u00f3\u017cnione w najwa\u017cniejszych podsumowaniach teatralnych w Polsce minionego sezonu. Trzy inne podej\u015bcia do tworzenia teatru, r\u00f3\u017cne estetyki, tematy, ale \u0142\u0105czy je jedno \u2013 silne, wzajemne oddzia\u0142ywanie z wroc\u0142awskim zespo\u0142em pantomimy.\u00a0<\/p>\n<p>\u25c6 \u201eLittle\u201d w re\u017c. Gosi Wdowik opowiada histori\u0119 dojrzewaj\u0105cego ch\u0142opca. Zmiany, kt\u00f3re przechodzi w ciele oraz w kszta\u0142tuj\u0105cej si\u0119 to\u017csamo\u015bci, przypadaj\u0105 na okres transformacji ustrojowej w Polsce. Bohater z jednej strony do\u015bwiadcza raczkuj\u0105cego indywidualizmu i poczucia nieograniczonych mo\u017cliwo\u015bci przychodz\u0105cych z mitycznego zachodu, a z drugiej \u2013 szaro\u015bci Polski lat 90&#8242; cechuj\u0105cej si\u0119 katolick\u0105 pokor\u0105. Spektakl zdoby\u0142 kilka wyr\u00f3\u017cnie\u0144 w plebiscycie Najlepszy, najlepsza, najlepsi w sezonie 2025\/2026 Miesi\u0119cznika Teatr.<\/p>\n<p>Spektakle: 7 i 8 pa\u017adziernika | godz. 19:00<br \/>Miejsce: Centrum Sztuk Performatywnych Instytutu Grotowskiego, ul. Ksi\u0119cia Witolda 62\u00a0<\/p>\n<p>\u25c6 \u201eWieczne rodeo\u201d w re\u017c. Anny Karasi\u0144skiej, laureatki Nagrody im. Konrada Swinarskiego za ten w\u0142a\u015bnie spektakl. Nagroda im. Konrada Swinarskiego, przyznawana przez miesi\u0119cznik \u201eTeatr\u201d, nale\u017cy do najwa\u017cniejszych wyr\u00f3\u017cnie\u0144 dla tw\u00f3rc\u00f3w teatralnych w Polsce. W 1999 roku jej laureatem zosta\u0142 za\u0142o\u017cyciel Wroc\u0142awskiego Teatru Pantomimy, Henryk Tomaszewski, kt\u00f3ry otrzyma\u0142 wyr\u00f3\u017cnienie za re\u017cyseri\u0119 spektaklu \u201eTraktat o marionetkach\u201d w Teatrze Narodowym w Warszawie.<\/p>\n<p>Materi\u0105 \u201eWiecznego rodeo\u201d s\u0105 cia\u0142a, g\u0142osy, impet i wysi\u0142ek. Czerpi\u0105c z logiki widowiska sportowego, koncertu i cyrku, performerzy poddaj\u0105 swoje cia\u0142a zadaniom, kt\u00f3re\u00a0 uruchamiaj\u0105 przep\u0142yw intensywno\u015bci pomi\u0119dzy nimi, a widzami. Emocje staj\u0105 si\u0119 tu zadaniem, konkurencj\u0105, ale i wsp\u00f3lnym wydarzeniem. Przechodz\u0105 z cia\u0142a do cia\u0142a, rozlu\u017aniaj\u0105c potrzeb\u0119 interpretacji i pozostawiaj\u0105c widza przede wszystkim w do\u015bwiadczeniu.<\/p>\n<p>Spektakle: 10 pa\u017adziernika | godz. 19:00 oraz 11 pa\u017adziernika | godz. 17:00<br \/>Miejsce: Centrum Sztuk Performatywnych Instytutu Grotowskiego, ul. Ksi\u0119cia Witolda 62<\/p>\n<p>\u25c6 \u201eZ\u0142e ba\u015bnie\u201d w re\u017c. Marcina Libera<\/p>\n<p>\u00a0\u201eZ\u0142e ba\u015bnie\u201d to spektakl dla doros\u0142ych, kt\u00f3rzy kiedy\u015b byli dzie\u0107mi. Powr\u00f3t do zapomnianych, wypartych i brutalnych wersji ba\u015bni braci Grimm, w kt\u00f3rych nie ma miejsca na iluzj\u0119 \u201eszcz\u0119\u015bliwego zako\u0144czenia\u201d. Inspiracj\u0105 by\u0142 zbi\u00f3r \u017byli d\u0142ugo i szcz\u0119\u015bliwie, a\u017c nie umarli w wyborze i przek\u0142adzie Elizy Pieciul-Karmi\u0144skiej.<\/p>\n<p>Na scenie Centrum Sztuk Performatywnych Marcin Liber uruchamia niezwykle widowiskow\u0105 machin\u0119 teatraln\u0105 z ca\u0142ym zespo\u0142em pantomimy oraz z muzyk\u0105 na \u017cywo blackmetalowego, wroc\u0142awskiego zespo\u0142u T H V N. Efekt widowiska osza\u0142amiaj\u0105cy, tym bardziej w czasie Halloween.<\/p>\n<p>Spektakle: 28, 29, 30 i 31\u00a0 pa\u017adziernika | godz. 19:00<br \/>Miejsce: Centrum Sztuk Performatywnych Instytutu Grotowskiego, ul. Ksi\u0119cia Witolda 62\u00a0<\/p>\n<p>\u25c6 Kierunek PANTO \u2013 forum teatru ruchu \u00a0<\/p>\n<p>70 lat temu Henryk Tomaszewski, solista Opery Wroc\u0142awskiej, zapragn\u0105\u0142 niemo\u017cliwego \u2013 teatru ruchu, ale takiego z rozmachem, gdzie ruch podporz\u0105dkowany jest historii i anegdocie, z bogat\u0105 opraw\u0105 scenograficzn\u0105. Ale jak to bywa z marzeniami \u2013 niemo\u017cliwe nie istnieje. Z okazji jubileuszu 70-lecia \u00a0w dniach 8-11 pa\u017adziernika odb\u0119dzie si\u0119 wyj\u0105tkowe wydarzenie, maj\u0105ce na celu przyjrze\u0107 si\u0119 kondycji sztuki pantomimy i zmianom jakie zachodz\u0105 we wsp\u00f3\u0142czesnym teatrze. W programie zaplanowane s\u0105 rozmowy oraz warsztaty.<\/p>\n<p>Forum: 8-11\u00a0 pa\u017adziernika | pe\u0142ny program na stronie teatru.<br \/>Miejsce: Centrum Sztuk Performatywnych Instytutu Grotowskiego, ul. Ksi\u0119cia Witolda 62\u00a0<\/p>\n<p>\u25c6 Premiery i edukacja\u00a0 w sezonie 2026\/2027\u00a0\u00a0 \u00a0<\/p>\n<p>W nadchodz\u0105cym sezonie Wroc\u0142awski Teatr Pantomimy zaplanowa\u0142 4 premiery. Z zespo\u0142em pracowa\u0107 b\u0119d\u0105 Piotr S\u0119dkowski \u2013 zwyci\u0119zca tegorocznego Konkursu na debiut re\u017cyserki, kt\u00f3ry zrealizuje projekt \u201eFigure X\u201d inspirowany motywami z powie\u015bci Philipa K. Dicka Czy androidy \u015bni\u0105 o elektrycznych owcach? oraz kultowego filmu Ridleya Scotta. Koncepcja osadzona zosta\u0142a na styku teatru fizycznego, ta\u0144ca, teatru dramatycznego i instalacji interdyscyplinarnej. Spektakl podejmuje wielowymiarow\u0105 refleksj\u0119 nad natur\u0105 cz\u0142owiecze\u0144stwa oraz nad wsp\u00f3\u0142czesnym \u015bwiatem zdominowanym przez technologi\u0119, kapitalizm i patriarchalne struktury. W listopadzie 2026r. na scenie Centrum Sztuk Performatynych Instytutu Grotowskiego odb\u0119dzie si\u0119 premiera Rados\u0142awa Rychcika pod roboczym tytu\u0142em \u201eKrwawe gody\u201d inspirowana dramatem hiszpa\u0144skiego poety Federica Garc\u00eda Lorci oraz filmem Carlosa Saury.\u00a0 W drugiej po\u0142owie sezonu zobaczymy premiery Weroniki Szczawi\u0144skiej oraz Piotra Ratajczaka.<\/p>\n<p>W obszarze edukacji WTP kontynuuje ciesz\u0105ce si\u0119 ogromnym powodzeniem Studio Pantomimy. Roczny kurs aktorski powsta\u0142 w oparciu o unikalne po\u0142\u0105czenie tradycji, do\u015bwiadczenia i nowoczesnych technik aktorskich. \u0141\u0105czymy tradycyjny warsztat aktora-mima z warsztatem aktora totalnego: pos\u0142uguj\u0105cego si\u0119 cia\u0142em i g\u0142osem, umiej\u0119tnie \u0142\u0105cz\u0105cego r\u00f3\u017cne techniki i \u015brodki wyrazu. Unikalne do\u015bwiadczenie wroc\u0142awskich mim\u00f3w w pracy z choreografami, re\u017cyserami teatru formy, re\u017cyserami przedstawie\u0144 teatru dramatycznego, dramaturgami pozwoli\u0142o nam wypracowa\u0107 takie techniki i sposoby pracy z cia\u0142em i g\u0142osem, kt\u00f3re tworz\u0105 niepowtarzalny zestaw umiej\u0119tno\u015bci wsp\u00f3\u0142czesnego performera. Zwie\u0144czeniem ca\u0142orocznej pracy jest pokaz fina\u0142owy uczestniczek i uczestnik\u00f3w.<\/p>\n<p>Raz w miesi\u0105cu widzowie b\u0119d\u0105 mieli mo\u017cliwo\u015b\u0107 uczestniczenia w Dyskusyjnym Klubie Pantomimy prowadzonym przez Agat\u0119 Dominik (psycholo\u017ck\u0119) oraz Milana Lesiaka (teatrologa). Po wybranym spektaklu publiczno\u015b\u0107 b\u0119dzie mia\u0142a przestrze\u0144 do wyra\u017cenia swojej opinii, spokojnej, merytorycznej rozmowy o tym, co porusza, co zostaje w pami\u0119ci, jak odczytywa\u0107 sceny, obrazy, a jak emocje, kt\u00f3re temu towarzysz\u0105. Natomiast dla szkolnych grup odb\u0119d\u0105 si\u0119 Pr\u00f3by otwarte, kt\u00f3re wprowadz\u0105 uczestnik\u00f3w za kulisy powstawania przedstawie\u0144.<\/p>\n<p>Do oferty edukacyjnej powr\u00f3c\u0105 Warsztaty mistrzowskie organizowane raz na kwarta\u0142.\u00a0<\/p>\n<p>\u25a0\u25a0\u25a0<\/p>\n<p>PANTOMIMA PORUSZA \u2013 emocje, wyobra\u017ani\u0119 i cia\u0142o. Poruszamy Was ju\u017c blisko 70 lat i ci\u0105gle nam ma\u0142o. B\u0105d\u017acie cz\u0119\u015bci\u0105 poruszanej spo\u0142eczno\u015bci.<\/p>\n","protected":false},"excerpt":{"rendered":"Wydarzenia jubileuszowe, edukacyjne oraz zbli\u017caj\u0105ce si\u0119 premiery we Wroc\u0142awskim Teatrze Pantomimy im. Henryka Tomaszewskiego. &#13; fot. mat. teatru&hellip;\n","protected":false},"author":2,"featured_media":667980,"comment_status":"","ping_status":"","sticky":false,"template":"","format":"standard","meta":{"footnotes":"","_share_on_mastodon":"0"},"categories":[51607],"tags":[2434,8588,6588,17490,16331,51630,42,38,40,39,41,649,650,11541,51629,8815,51631,8767,51628,800,8816,1853],"class_list":["post-667979","post","type-post","status-publish","format-standard","has-post-thumbnail","category-wroclaw","tag-aktor","tag-aktorzy","tag-festiwal","tag-festiwale","tag-kariera","tag-kariery","tag-pl","tag-poland","tag-polish","tag-polska","tag-polski","tag-premiera","tag-premiery","tag-realizacja","tag-realizacje","tag-repertuar","tag-ruch-teatralny","tag-sztuka","tag-sztuki","tag-teatr","tag-teatry","tag-wroclaw"],"share_on_mastodon":{"url":"https:\/\/pubeurope.com\/@pl\/117215331670235626","error":""},"_links":{"self":[{"href":"https:\/\/www.europesays.com\/pl\/wp-json\/wp\/v2\/posts\/667979","targetHints":{"allow":["GET"]}}],"collection":[{"href":"https:\/\/www.europesays.com\/pl\/wp-json\/wp\/v2\/posts"}],"about":[{"href":"https:\/\/www.europesays.com\/pl\/wp-json\/wp\/v2\/types\/post"}],"author":[{"embeddable":true,"href":"https:\/\/www.europesays.com\/pl\/wp-json\/wp\/v2\/users\/2"}],"replies":[{"embeddable":true,"href":"https:\/\/www.europesays.com\/pl\/wp-json\/wp\/v2\/comments?post=667979"}],"version-history":[{"count":0,"href":"https:\/\/www.europesays.com\/pl\/wp-json\/wp\/v2\/posts\/667979\/revisions"}],"wp:featuredmedia":[{"embeddable":true,"href":"https:\/\/www.europesays.com\/pl\/wp-json\/wp\/v2\/media\/667980"}],"wp:attachment":[{"href":"https:\/\/www.europesays.com\/pl\/wp-json\/wp\/v2\/media?parent=667979"}],"wp:term":[{"taxonomy":"category","embeddable":true,"href":"https:\/\/www.europesays.com\/pl\/wp-json\/wp\/v2\/categories?post=667979"},{"taxonomy":"post_tag","embeddable":true,"href":"https:\/\/www.europesays.com\/pl\/wp-json\/wp\/v2\/tags?post=667979"}],"curies":[{"name":"wp","href":"https:\/\/api.w.org\/{rel}","templated":true}]}}