{"id":668007,"date":"2026-09-04T23:32:21","date_gmt":"2026-09-04T23:32:21","guid":{"rendered":"https:\/\/www.europesays.com\/pl\/668007\/"},"modified":"2026-09-04T23:32:21","modified_gmt":"2026-09-04T23:32:21","slug":"prezydent-nawrocki-odpowiada-na-atak-tuska-to-tak-nie-dziala","status":"publish","type":"post","link":"https:\/\/www.europesays.com\/pl\/668007\/","title":{"rendered":"Prezydent Nawrocki odpowiada na atak Tuska. &#8222;To tak nie dzia\u0142a&#8221;"},"content":{"rendered":"<p data-v-01d4021f=\"\">Prezydent Karol Nawrocki skomentowa\u0142 g\u0142o\u015bn\u0105 wypowied\u017a Donalda Tuska na temat Przemys\u0142awa Krala, kt\u00f3ra pad\u0142a w Sejmie. &#8222;Je\u017celi postacie znane zaproponuj\u0105 panu u\u0142askawienie, prosz\u0119 nie wierzy\u0107&#8221; &#8211; zadrwi\u0142 z premiera. <\/p>\n<p data-v-01d4021f=\"\">Donald Tusk zabra\u0142 g\u0142os z sejmowej m\u00f3wnicy przed g\u0142osowaniem ws. odrzucenia weta prezydenta do ustawy o kryptowalutach. Premier zaatakowa\u0142 ca\u0142\u0105 prawic\u0119, \u0142\u0105cznie z prezydentem Nawrockim. Zacytowa\u0142 fragment zeznania &#8222;g\u0142\u00f3wnego \u015bwiadka&#8221; czyli Przemys\u0142awa Krala:<\/p>\n<p data-v-01d4021f=\"\">Zgodnie z sugesti\u0105 prokuratora nie wymieniam tego nazwiska, \u017ce pan X obiecywa\u0142 mi, \u017ce jak Nawrocki zostanie prezydentem, to on za\u0142atwi mi u\u0142askawienie, gdybym zosta\u0142 skazany w tej sprawie. Ta obietnica u\u0142askawienia to by\u0142o za te wszystkie p\u0142atno\u015bci, to jest CPAC, reklamy i kongres organizowany w USA<\/p>\n<p data-v-01d4021f=\"\">&#8211; cytowa\u0142 premier.<\/p>\n<p data-v-01d4021f=\"\">Tak, Zondacypto infiltrowa\u0142a pa\u0144stwo polskie d\u0142ugo i bezkarnie. Dlatego, bo czo\u0142owi politycy waszej partii prowadzili t\u0119 firm\u0119, jej w\u0142a\u015bcicieli do najwy\u017cszych szczyt\u00f3w w\u0142adzy. Dzisiaj to prawdziwe pytanie i pan [Zbigniew Bogucki] b\u0119dzie zobowi\u0105zany, \u017ceby na to pytanie odpowiedzie\u0107\u00a0w trybie przes\u0142uchania, nie przem\u00f3w sejmowych, to kluczowe pytanie jest, czy za rz\u0105d\u00f3w PiS-u mo\u017cna by\u0142o kupi\u0107 u\u0142askawienie? Za ile si\u0119 kupowa\u0142o u\u0142askawienie?<\/p>\n<p data-v-01d4021f=\"\">&#8211; stwierdzi\u0142 premier Donald Tusk w Sejmie<\/p>\n<p>Prezydent zakpi\u0142 z premiera: &#8222;Prosz\u0119 nie wierzy\u0107 postaciom znanym&#8221;\u00a0<\/p>\n<p data-v-01d4021f=\"\">Rewelacje Donalda Tuska na gor\u0105co skomentowa\u0142 prezydent Karol Nawrocki, kt\u00f3ry zadrwi\u0142 ze s\u0142\u00f3w premiera, nawi\u0105zuj\u0105c przy tym do g\u0142o\u015bnej wypowiedzi premiera z kampanii prezydenckiej w 2025 roku zwi\u0105zanej z Jackiem Mura\u0144skim.<\/p>\n<p data-v-01d4021f=\"\">Panie Premierze, my\u015bla\u0142em, \u017ce t\u0119 lekcj\u0119 mamy ju\u017c za sob\u0105. Ale powt\u00f3rz\u0119: je\u017celi Pan X albo nawet Pan Y \u2013 postacie znane \u2013 zaproponuj\u0105 Panu lub komu\u015b z Pana otoczenia u\u0142askawienie, to prosz\u0119 nie wierzy\u0107 i od razu zg\u0142osi\u0107 takich oszust\u00f3w do prokuratury. To tak nie dzia\u0142a \u2013 przynajmniej u mnie<\/p>\n<p data-v-01d4021f=\"\">&#8211; napisa\u0142 na portalu X.\u00a0<\/p>\n<p data-v-01d4021f=\"\">kh\/x.com\/sejm<\/p>\n","protected":false},"excerpt":{"rendered":"Prezydent Karol Nawrocki skomentowa\u0142 g\u0142o\u015bn\u0105 wypowied\u017a Donalda Tuska na temat Przemys\u0142awa Krala, kt\u00f3ra pad\u0142a w Sejmie. &#8222;Je\u017celi postacie&hellip;\n","protected":false},"author":2,"featured_media":668008,"comment_status":"","ping_status":"","sticky":false,"template":"","format":"standard","meta":{"footnotes":"","_share_on_mastodon":"0"},"categories":[62712],"tags":[121116,690,88380,127822,13347,72917,907,99789,4362,2462,1005,380,423,231,127821,123474,3654],"class_list":["post-668007","post","type-post","status-publish","format-standard","has-post-thumbnail","category-karol-nawrocki","tag-analizy-polityczne","tag-karol-nawrocki","tag-komentarze-polityczne","tag-kulisy-polityki","tag-opozycja","tag-partie-polityczne","tag-polityka","tag-polityka-krajowa","tag-polityka-zagraniczna","tag-polska-polityka","tag-prezydent","tag-rzad","tag-sejm","tag-sondaze","tag-wiadomosci-polityczne","tag-wpolityce-pl","tag-wybory"],"share_on_mastodon":{"url":"","error":""},"_links":{"self":[{"href":"https:\/\/www.europesays.com\/pl\/wp-json\/wp\/v2\/posts\/668007","targetHints":{"allow":["GET"]}}],"collection":[{"href":"https:\/\/www.europesays.com\/pl\/wp-json\/wp\/v2\/posts"}],"about":[{"href":"https:\/\/www.europesays.com\/pl\/wp-json\/wp\/v2\/types\/post"}],"author":[{"embeddable":true,"href":"https:\/\/www.europesays.com\/pl\/wp-json\/wp\/v2\/users\/2"}],"replies":[{"embeddable":true,"href":"https:\/\/www.europesays.com\/pl\/wp-json\/wp\/v2\/comments?post=668007"}],"version-history":[{"count":0,"href":"https:\/\/www.europesays.com\/pl\/wp-json\/wp\/v2\/posts\/668007\/revisions"}],"wp:featuredmedia":[{"embeddable":true,"href":"https:\/\/www.europesays.com\/pl\/wp-json\/wp\/v2\/media\/668008"}],"wp:attachment":[{"href":"https:\/\/www.europesays.com\/pl\/wp-json\/wp\/v2\/media?parent=668007"}],"wp:term":[{"taxonomy":"category","embeddable":true,"href":"https:\/\/www.europesays.com\/pl\/wp-json\/wp\/v2\/categories?post=668007"},{"taxonomy":"post_tag","embeddable":true,"href":"https:\/\/www.europesays.com\/pl\/wp-json\/wp\/v2\/tags?post=668007"}],"curies":[{"name":"wp","href":"https:\/\/api.w.org\/{rel}","templated":true}]}}