{"id":668041,"date":"2026-09-04T23:57:14","date_gmt":"2026-09-04T23:57:14","guid":{"rendered":"https:\/\/www.europesays.com\/pl\/668041\/"},"modified":"2026-09-04T23:57:14","modified_gmt":"2026-09-04T23:57:14","slug":"zapas-na-kilka-lat-skoro-lidl-przecenil-na-375-zl","status":"publish","type":"post","link":"https:\/\/www.europesays.com\/pl\/668041\/","title":{"rendered":"Zapas na kilka lat, skoro Lidl przeceni\u0142 na 3,75 z\u0142"},"content":{"rendered":"<p>Tym razem sie\u0107 wystartowa\u0142a z czyszczeniem asortymentu warsztatowo-remontowego, \u015bcinaj\u0105c ceny profesjonalnych kartuszy do absolutnego minimum. Za mniej ni\u017c 4 z\u0142ote mo\u017cemy zaopatrzy\u0107 si\u0119 w niezb\u0119dne preparaty do domowych napraw.<\/p>\n<p>W\u015br\u00f3d wszystkich przecenionych rzeczy pojawi\u0142a si\u0119 pere\u0142ka w postaci o wiele ta\u0144szego kleju monta\u017cowego. Je\u017celi nie potrzebujecie \u201eMamuta\u201d, to ten wyb\u00f3r mo\u017ce by\u0107 okej do przyklejania podstawowych rzeczy. Klej monta\u017cowy i akryl od Parkside jest po 3,75 z\u0142.<\/p>\n<p>W tej cenie kupimy:<\/p>\n<ul>\n<li data-path-to-node=\"4,0,0\">bia\u0142y klej monta\u017cowy w tubie o wadze a\u017c 450 g,<\/li>\n<li data-path-to-node=\"4,1,0\">uniwersalny akryl malarski w kartuszu 310 ml.<\/li>\n<\/ul>\n<p>Okazja obowi\u0105zuje stacjonarnie i ma charakter lokalnego czyszczenia stan\u00f3w magazynowych na dziale z narz\u0119dziami i artyku\u0142ami DIY. Przy tak niskiej kwocie produkty znikaj\u0105 z koszy w zawrotnym tempie, czemu trudno si\u0119 dziwi\u0107. Normalnie za kleje trzeba zap\u0142aci\u0107 od kilkunastu do nawet i 30-40 z\u0142otych.<\/p>\n<p>Tutaj oryginalne te kleje kosztowa\u0142y 14,99 z\u0142. Potem ich cena spad\u0142a na 7,50 z\u0142, a teraz mo\u017cna je kupi\u0107 za mniej, ni\u017c 4 z\u0142ote.<\/p>\n<p><a href=\"https:\/\/boop.pl\/img\/#https:\/\/img.boop.pl\/uploads\/2026\/09\/430604263714.jpg?class=full\" data-no-instant=\"\" rel=\"noopener nofollow\" aria-label=\"Obrazek 518x687\" target=\"_blank\"><img decoding=\"async\" loading=\"lazy\" class=\"aligncenter size-full img-444385\" src=\"https:\/\/www.europesays.com\/pl\/wp-content\/uploads\/2026\/09\/430604263714.jpg\"   width=\"518\" height=\"687\" alt=\"\"\/><\/a><\/p>\n<p>Do czego ten klej? Da sobie rad\u0119 z drewnem, tworzywami sztucznymi, czy ceramik\u0105. \u015awietnie sprawdza si\u0119 przy podklejaniu lu\u017anych coko\u0142\u00f3w, listew progowych, maskownic kabli czy wieszak\u00f3w \u015bciennych.<\/p>\n<p>Drugim przecenionym produktem jest klasyczny akryl malarski w standardowym formacie 310 ml (pasuj\u0105cym do ka\u017cdego standardowego wyciskacza pistoletowego). W przeciwie\u0144stwie do silikonu, akryl doskonale poddaje si\u0119 malowaniu farbami \u015bciennymi. Mo\u017cna nim wype\u0142ni\u0107 mikrop\u0119kni\u0119cia w tynkach, szczelinach drzwiowych, czy po\u0142\u0105czenia p\u0142yt gipsowo-kartonowych.<\/p>\n","protected":false},"excerpt":{"rendered":"Tym razem sie\u0107 wystartowa\u0142a z czyszczeniem asortymentu warsztatowo-remontowego, \u015bcinaj\u0105c ceny profesjonalnych kartuszy do absolutnego minimum. Za mniej ni\u017c&hellip;\n","protected":false},"author":2,"featured_media":668042,"comment_status":"","ping_status":"","sticky":false,"template":"","format":"standard","meta":{"footnotes":"","_share_on_mastodon":"0"},"categories":[20],"tags":[3103,3343,120,118,119,42,38,40,39,41,862,116,114,115,121,117],"class_list":["post-668041","post","type-post","status-publish","format-standard","has-post-thumbnail","category-nauka-i-technika","tag-dla-ciebie","tag-lidl","tag-nauka","tag-nauka-i-technika","tag-naukatechnika","tag-pl","tag-poland","tag-polish","tag-polska","tag-polski","tag-promocje","tag-science","tag-science-and-technology","tag-sciencetechnology","tag-technika","tag-technology"],"share_on_mastodon":{"url":"https:\/\/pubeurope.com\/@pl\/117215484946944911","error":""},"_links":{"self":[{"href":"https:\/\/www.europesays.com\/pl\/wp-json\/wp\/v2\/posts\/668041","targetHints":{"allow":["GET"]}}],"collection":[{"href":"https:\/\/www.europesays.com\/pl\/wp-json\/wp\/v2\/posts"}],"about":[{"href":"https:\/\/www.europesays.com\/pl\/wp-json\/wp\/v2\/types\/post"}],"author":[{"embeddable":true,"href":"https:\/\/www.europesays.com\/pl\/wp-json\/wp\/v2\/users\/2"}],"replies":[{"embeddable":true,"href":"https:\/\/www.europesays.com\/pl\/wp-json\/wp\/v2\/comments?post=668041"}],"version-history":[{"count":0,"href":"https:\/\/www.europesays.com\/pl\/wp-json\/wp\/v2\/posts\/668041\/revisions"}],"wp:featuredmedia":[{"embeddable":true,"href":"https:\/\/www.europesays.com\/pl\/wp-json\/wp\/v2\/media\/668042"}],"wp:attachment":[{"href":"https:\/\/www.europesays.com\/pl\/wp-json\/wp\/v2\/media?parent=668041"}],"wp:term":[{"taxonomy":"category","embeddable":true,"href":"https:\/\/www.europesays.com\/pl\/wp-json\/wp\/v2\/categories?post=668041"},{"taxonomy":"post_tag","embeddable":true,"href":"https:\/\/www.europesays.com\/pl\/wp-json\/wp\/v2\/tags?post=668041"}],"curies":[{"name":"wp","href":"https:\/\/api.w.org\/{rel}","templated":true}]}}