{"id":668045,"date":"2026-09-04T23:59:10","date_gmt":"2026-09-04T23:59:10","guid":{"rendered":"https:\/\/www.europesays.com\/pl\/668045\/"},"modified":"2026-09-04T23:59:10","modified_gmt":"2026-09-04T23:59:10","slug":"media-wojsko-ukrainskie-dostalo-rozkaz-wstrzymania-ognia-wiadomosci-onet","status":"publish","type":"post","link":"https:\/\/www.europesays.com\/pl\/668045\/","title":{"rendered":"Media: wojsko ukrai\u0144skie dosta\u0142o rozkaz wstrzymania ognia &#8211; Wiadomo\u015bci Onet"},"content":{"rendered":"<ol>\n<li><a href=\"https:\/\/news.google.com\/rss\/articles\/CBMingFBVV95cUxNTGJnZE1MdWdMUEN6WkNhNlRxOWx0OS1SMGV0R2diX2ZYdC0yemRmWEN0NWEzQWhrZ2t3MVFvdk9ELUQ5eWxDWi15Z2JKR0NZNjctVlozcVlBam5NdXRpWHFneUgtUUU2a1hYMGQ4QjFPZVBNYjZFYzFUUGlGZHJZQlNNU2pydllzN3ZPQV9DaXlhOWNoR1JBOVpRaGZTdw?oc=5\" target=\"_blank\" rel=\"nofollow noopener\">Media: wojsko ukrai\u0144skie dosta\u0142o rozkaz wstrzymania ognia<\/a>&nbsp;&nbsp;Wiadomo\u015bci Onet<\/li>\n<li><a href=\"https:\/\/news.google.com\/rss\/articles\/CBMinwFBVV95cUxPQk9oUTJuQUI3emJlTU9sLUlCZndZeF9Cc01BV05UdFQzT3BxNmRWa3I1N2lieTVwU2lyOVdibnp6T1RxcXd6SEo4bU5pT1NOWFp4TEVzZlFSdmp2bnByV1dLZ0l2Mm53cTJwZEdjWE9aUjhscXRuWVJQREstejgyWVNmUmxMQm1EaHpQbjEtU0liU3BZempFMElWa01WMEk?oc=5\" target=\"_blank\" rel=\"nofollow noopener\">Ukrai\u0144scy \u017co\u0142nierze dostali rozkaz. Maj\u0105 wstrzyma\u0107 ogie\u0144<\/a>&nbsp;&nbsp;WP Wiadomo\u015bci<\/li>\n<li><a href=\"https:\/\/news.google.com\/rss\/articles\/CBMitgFBVV95cUxQOXVyRGw1LW83WmI0NTI3TjhfQVVaODRFUDdDY0lzc2JtRkdyb1JxZWJNOTFETUdRejBzT0ppVUtwYkNpb2FCbmpCeTBQaU5VcDVvNDJKWE9QNXRwRGkteXdMRXRYY3Ixcjhzd2VUSGxxMnp1SlNELVoxY3k5ZTBRb0tiTUtkTjZTemFBVEdJb3FteWhHNTB6bG1UbVZDWDBJRDlVSEQ4YUpRdWMwOGpZc0thajNqZw?oc=5\" target=\"_blank\" rel=\"nofollow noopener\">Si\u0142y obronne otrzyma\u0142y rozkaz przestrzegania zawieszenia broni na froncie w dniach od 5 do 8 wrze\u015bnia \u2014 donosz\u0105 media<\/a>&nbsp;&nbsp;UA.NEWS<\/li>\n<li><a href=\"https:\/\/news.google.com\/rss\/articles\/CBMipgFBVV95cUxPSXJQTVZVelJEUTdmVExkLUNEOWhaa0lZdXdlNlB5emJUY2NtbEZOU3ZmTzluYlUwRG84bVF0WlJHR0tNNExKbkhTalVXMEx6dkRyWnFzR1BjNjRPc2NmcEhmbFEwUG00UzVnalVUWTg1U3RfTTZUTjhiZ0xlTF9ZUWxYQVhvSE9zdTFYRHJOVWZ3enl1TGhpTW5mSW9Nd0xtRXNVTk93?oc=5\" target=\"_blank\" rel=\"nofollow noopener\">Z ostatniej chwili. Ukrai\u0144skie wojsko mia\u0142o dosta\u0107 rozkaz wstrzymania ognia<\/a>&nbsp;&nbsp;Warszawa w Pigu\u0142ce<\/li>\n<\/ol>\n","protected":false},"excerpt":{"rendered":"Media: wojsko ukrai\u0144skie dosta\u0142o rozkaz wstrzymania ognia&nbsp;&nbsp;Wiadomo\u015bci Onet Ukrai\u0144scy \u017co\u0142nierze dostali rozkaz. Maj\u0105 wstrzyma\u0107 ogie\u0144&nbsp;&nbsp;WP Wiadomo\u015bci Si\u0142y obronne&hellip;\n","protected":false},"author":2,"featured_media":668046,"comment_status":"","ping_status":"","sticky":false,"template":"","format":"standard","meta":{"footnotes":"","_share_on_mastodon":"0"},"categories":[14],"tags":[61195,32,33,27,76,34,35,28,31,48,25,46,40,41,87,47,80,29,30,415,26,892,82,83,84],"class_list":["post-668045","post","type-post","status-publish","format-standard","has-post-thumbnail","category-swiat","tag-bottomfeed_styl","tag-breaking-news","tag-breakingnews","tag-headlines","tag-inwazja_rosji_na_ukraine","tag-latest-news","tag-latestnews","tag-naglowki","tag-najwazniejsze-artykuly","tag-nat_styl","tag-news","tag-omp","tag-polish","tag-polski","tag-rosja","tag-screening_general","tag-swiat","tag-top-stories","tag-topstories","tag-ukraina","tag-wiadomosci","tag-wojna","tag-world","tag-world-news","tag-worldnews"],"share_on_mastodon":{"url":"https:\/\/pubeurope.com\/@pl\/117215491779796222","error":""},"_links":{"self":[{"href":"https:\/\/www.europesays.com\/pl\/wp-json\/wp\/v2\/posts\/668045","targetHints":{"allow":["GET"]}}],"collection":[{"href":"https:\/\/www.europesays.com\/pl\/wp-json\/wp\/v2\/posts"}],"about":[{"href":"https:\/\/www.europesays.com\/pl\/wp-json\/wp\/v2\/types\/post"}],"author":[{"embeddable":true,"href":"https:\/\/www.europesays.com\/pl\/wp-json\/wp\/v2\/users\/2"}],"replies":[{"embeddable":true,"href":"https:\/\/www.europesays.com\/pl\/wp-json\/wp\/v2\/comments?post=668045"}],"version-history":[{"count":0,"href":"https:\/\/www.europesays.com\/pl\/wp-json\/wp\/v2\/posts\/668045\/revisions"}],"wp:featuredmedia":[{"embeddable":true,"href":"https:\/\/www.europesays.com\/pl\/wp-json\/wp\/v2\/media\/668046"}],"wp:attachment":[{"href":"https:\/\/www.europesays.com\/pl\/wp-json\/wp\/v2\/media?parent=668045"}],"wp:term":[{"taxonomy":"category","embeddable":true,"href":"https:\/\/www.europesays.com\/pl\/wp-json\/wp\/v2\/categories?post=668045"},{"taxonomy":"post_tag","embeddable":true,"href":"https:\/\/www.europesays.com\/pl\/wp-json\/wp\/v2\/tags?post=668045"}],"curies":[{"name":"wp","href":"https:\/\/api.w.org\/{rel}","templated":true}]}}