{"id":668065,"date":"2026-09-05T00:15:44","date_gmt":"2026-09-05T00:15:44","guid":{"rendered":"https:\/\/www.europesays.com\/pl\/668065\/"},"modified":"2026-09-05T00:15:44","modified_gmt":"2026-09-05T00:15:44","slug":"gdansk-14-edycja-krec-kilometry-punkty-podwojne-i-potrojne-jesienia","status":"publish","type":"post","link":"https:\/\/www.europesays.com\/pl\/668065\/","title":{"rendered":"Gda\u0144sk: 14. edycja \u201eKr\u0119\u0107 Kilometry\u201d. Punkty podw\u00f3jne i potr\u00f3jne jesieni\u0105"},"content":{"rendered":"<p class=\"wp-block-paragraph\">1 wrze\u015bnia 2026 roku w Gda\u0144sku rozpocz\u0119\u0142a si\u0119 14. edycja kampanii \u201eRowerem do pracy i szko\u0142y \u2013 Kr\u0119\u0107 Kilometry dla Gda\u0144ska\u201d, kt\u00f3ra potrwa przez trzy jesienne miesi\u0105ce.<\/p>\n<p class=\"wp-block-paragraph\">Uczestnicy od 16. roku \u017cycia rejestruj\u0105 aktywne podr\u00f3\u017ce w aplikacji Activy i zdobywaj\u0105 za nie punkty oraz ActiveCoiny. Kampania obejmuje dojazdy do pracy, szk\u00f3\u0142 i uczelni, ale dopuszcza r\u00f3wnie\u017c inne przejazdy rowerem i \u015brodkami mikromobilno\u015bci rozpoczynaj\u0105ce si\u0119 lub ko\u0144cz\u0105ce w granicach Gda\u0144ska. O zapisach do tegorocznej, 14. edycji <a href=\"https:\/\/transinfo.pl\/infobike\/gdansk-kreci-kilometry-po-raz-14-firmy-moga-zglaszac-druzyny-do-rowerowej-kampanii\/\" rel=\"nofollow noopener\" target=\"_blank\">pisali\u015bmy ju\u017c wcze\u015bniej w TransInfo.pl<\/a>.<\/p>\n<p>Rozk\u0142ad jazdy:<\/p>\n<p>Jak d\u0142ugo potrwa 14. edycja \u201eKr\u0119\u0107 Kilometry dla Gda\u0144ska\u201d?<\/p>\n<p>Ile punkt\u00f3w mo\u017cna otrzyma\u0107 za dojazd do pracy, szko\u0142y lub uczelni?<\/p>\n<p>Jak punkty uczestnik\u00f3w mog\u0105 pom\u00f3c Schronisku dla Bezdomnych Zwierz\u0105t PROMYK?<\/p>\n<p><a href=\"https:\/\/transinfo.pl\/?attachment_id=589474\" rel=\"nofollow noopener\" target=\"_blank\"><\/p>\n<p><img loading=\"lazy\" decoding=\"async\" width=\"1024\" height=\"683\" src=\"data:image\/svg+xml,%3Csvg%20xmlns=\" http:=\"\" alt=\"\" data-lazy- data-lazy- data-lazy-src=\"https:\/\/www.europesays.com\/pl\/wp-content\/uploads\/2026\/09\/krec_kilometry_dla_gdanska_2026_fot_piotr_wittmangdansk_pl_7_-1024x683.jpg\"\/><\/p>\n<p><\/a>Uczestnicy od 16. roku \u017cycia rejestruj\u0105 aktywne podr\u00f3\u017ce w aplikacji Activy i zdobywaj\u0105 za nie punkty oraz ActiveCoiny. \/fot. Piotr Wittman gdansk.pl<\/p>\n<p>14. edycja od 1 wrze\u015bnia do 30 listopada<\/p>\n<p class=\"wp-block-paragraph\">Kampania \u201eRowerem do pracy i szko\u0142y \u2013 Kr\u0119\u0107 Kilometry dla Gda\u0144ska\u201d potrwa od 1 wrze\u015bnia do 30 listopada 2026 roku.<\/p>\n<p class=\"wp-block-paragraph\">Udzia\u0142 jest bezp\u0142atny i mog\u0105 w nim bra\u0107 udzia\u0142 osoby, kt\u00f3re uko\u0144czy\u0142y 16 lat. Przejazdy rejestrowane s\u0105 za pomoc\u0105 bezp\u0142atnej aplikacji Activy.<\/p>\n<p class=\"wp-block-paragraph\">Kampania skierowana jest przede wszystkim do os\u00f3b wykorzystuj\u0105cych rower i inne \u015brodki mobilno\u015bci aktywnej w codziennych dojazdach do pracy, szko\u0142y lub uczelni.<\/p>\n<p class=\"wp-block-paragraph\">\u201e\u2013 1 wrze\u015bnia rozpoczynamy 14. edycj\u0119 kampanii Kr\u0119\u0107 Kilometry dla Gda\u0144ska, kt\u00f3ra od lat zach\u0119ca mieszka\u0144c\u00f3w do wybierania roweru jako codziennego \u015brodka transportu. To nie tylko przyjazna rywalizacja mi\u0119dzy szko\u0142ami, uczelniami i miejscami pracy, ale przede wszystkim wsp\u00f3lne budowanie kultury zr\u00f3wnowa\u017conej mobilno\u015bci w naszym mie\u015bcie \u2013 m\u00f3wi Piotr Borawski, zast\u0119pca prezydenta Gda\u0144ska ds. mobilno\u015bci i bezpiecze\u0144stwa. \u2013 Skala zaanga\u017cowania uczestnik\u00f3w pokazuje, \u017ce rower staje si\u0119 coraz wa\u017cniejszym elementem codziennych podr\u00f3\u017cy Gda\u0144szczanek i Gda\u0144szczan, a inwestycje w infrastruktur\u0119 rowerow\u0105 dodatkowo wzmacniaj\u0105 ten pozytywny trend. Zach\u0119cam wszystkich do udzia\u0142u w tegorocznej edycji, bo ka\u017cda podr\u00f3\u017c odbyta rowerem to korzy\u015b\u0107 dla zdrowia, \u015brodowiska i jako\u015bci \u017cycia w naszym mie\u015bcie.\u201d \u2013 powiedzia\u0142 Piotr Borawski, zast\u0119pca prezydenta Gda\u0144ska ds. mobilno\u015bci i bezpiecze\u0144stwa.<\/p>\n<p>20 punkt\u00f3w za dojazd do pracy lub szko\u0142y<\/p>\n<p class=\"wp-block-paragraph\">Najwy\u017cej premiowane s\u0105 codzienne przejazdy zwi\u0105zane z dojazdem do pracy, szko\u0142y albo uczelni.<\/p>\n<p class=\"wp-block-paragraph\">Za ka\u017cd\u0105 tak\u0105 podr\u00f3\u017c uczestnik otrzymuje 20 punkt\u00f3w. Punkty mo\u017cna zdoby\u0107 dwa razy dziennie \u2013 za dojazd oraz powr\u00f3t \u2013 maksymalnie dziesi\u0119\u0107 razy w tygodniu.<\/p>\n<p class=\"wp-block-paragraph\">Ka\u017cdy pe\u0142ny przejechany kilometr oznacza kolejny punkt. W dniu z najwi\u0119kszym tygodniowym dystansem mo\u017cna otrzyma\u0107 za kilometry maksymalnie 100 punkt\u00f3w, natomiast w ka\u017cdym z pozosta\u0142ych sze\u015bciu dni limit wynosi 20 punkt\u00f3w dziennie.<\/p>\n<p class=\"wp-block-paragraph\">W ka\u017cdym tygodniu w aplikacji pojawi si\u0119 r\u00f3wnie\u017c inne miejsce bonusowe. Dotarcie do niego daje dodatkowe 20 punkt\u00f3w.<\/p>\n<p>Nowo\u015b\u0107: do 100 punkt\u00f3w za zaproszenie znajomych<\/p>\n<p class=\"wp-block-paragraph\">W 14. edycji pojawi\u0142 si\u0119 program polece\u0144.<\/p>\n<p class=\"wp-block-paragraph\">Ka\u017cdy uczestnik mo\u017ce za pomoc\u0105 indywidualnego linku w aplikacji Activy zaprosi\u0107 nowych u\u017cytkownik\u00f3w. Je\u017celi zaproszona osoba do\u0142\u0105czy do kampanii i zarejestruje przynajmniej jedn\u0105 aktywno\u015b\u0107, zapraszaj\u0105cy otrzyma 20 punkt\u00f3w.<\/p>\n<p class=\"wp-block-paragraph\">Premiowanych jest maksymalnie pi\u0119\u0107 skutecznych polece\u0144, co pozwala uzyska\u0107 do 100 dodatkowych punkt\u00f3w.<\/p>\n<p class=\"wp-block-paragraph\">Punkty z programu polece\u0144 nie b\u0119d\u0105 obj\u0119te p\u00f3\u017aniejszym podwajaniem ani potrajaniem.<\/p>\n<p>Od 28 wrze\u015bnia punkty razy dwa, w listopadzie razy trzy<\/p>\n<p class=\"wp-block-paragraph\">System punktowy zmieni si\u0119 wraz z kolejnymi etapami jesiennej kampanii.<\/p>\n<p class=\"wp-block-paragraph\">Od 28 wrze\u015bnia do 1 listopada zdobywane punkty b\u0119d\u0105 naliczane podw\u00f3jnie.<\/p>\n<p class=\"wp-block-paragraph\">Od 2 do 30 listopada uczestnicy otrzymaj\u0105 natomiast potr\u00f3jn\u0105 liczb\u0119 punkt\u00f3w. Zwi\u0119kszone zostan\u0105 r\u00f3wnie\u017c limity punkt\u00f3w przypadaj\u0105cych na przejechane kilometry.<\/p>\n<p class=\"wp-block-paragraph\">Dla uczestnik\u00f3w pokonuj\u0105cych szczeg\u00f3lnie d\u0142ugie dystanse przygotowano dodatkowe poziomy osi\u0105gane po ka\u017cdych 1111 km.<\/p>\n<p>Punkty mo\u017cna zamieni\u0107 na ActiveCoiny<\/p>\n<p class=\"wp-block-paragraph\">Ka\u017cdy punkt zdobyty w kampanii odpowiada jednemu ActiveCoinowi, czyli wirtualnej walucie wykorzystywanej w kampanijnym sklepie.<\/p>\n<p class=\"wp-block-paragraph\">Wydanie ActiveCoin\u00f3w nie zmniejsza wyniku uczestnika w klasyfikacji.<\/p>\n<p class=\"wp-block-paragraph\">W\u015br\u00f3d nagr\u00f3d przewidziano m.in. skarpetki, czapk\u0119 rowerow\u0105 i sakw\u0119. Aktywni uczestnicy, kt\u00f3rzy osi\u0105gn\u0105 najwy\u017cszy poziom misji, mog\u0105 otrzyma\u0107 r\u00f3wnie\u017c dedykowan\u0105 koszulk\u0119 rowerow\u0105.<\/p>\n<p class=\"wp-block-paragraph\">Najlepsze firmy w poszczeg\u00f3lnych kategoriach wielko\u015bci oraz najlepsza uczelnia mog\u0105 uzyska\u0107 bezp\u0142atn\u0105 certyfikacj\u0119 w ramach Europejskiego Certyfikatu Pracodawcy Przyjaznego Rowerzystom. Dla zwyci\u0119skich szk\u00f3\u0142 \u015brednich przewidziano mobilny serwis rowerowy.<\/p>\n<p>3333 ActiveCoiny to 100 PLN dla schroniska PROMYK<\/p>\n<p class=\"wp-block-paragraph\">Kampania ponownie ma wymiar charytatywny.<\/p>\n<p class=\"wp-block-paragraph\">Uczestnicy mog\u0105 przeznacza\u0107 zdobyte ActiveCoiny na wsparcie Schroniska dla Bezdomnych Zwierz\u0105t PROMYK.<\/p>\n<p class=\"wp-block-paragraph\">Ka\u017cdy wykupiony bon o warto\u015bci 3333 ActiveCoin\u00f3w oznacza przekazanie przez Miasto Gda\u0144sk kwoty 100 PLN na potrzeby schroniska.<\/p>\n<p class=\"wp-block-paragraph\">W poprzedniej edycji dzi\u0119ki uczestnikom przekazano w ten spos\u00f3b 34.800 PLN.<\/p>\n<p class=\"wp-block-paragraph\">\u201e\u2013 W kampanii Kr\u0119\u0107 Kilometry dla Gda\u0144ska ka\u017cdy kilometr ma realn\u0105 warto\u015b\u0107. Zdobywane przez uczestnik\u00f3w punkty mog\u0105 prze\u0142o\u017cy\u0107 si\u0119 na wsparcie dla schroniska \u201ePROMYK\u201d, kt\u00f3re w ubieg\u0142ym roku otrzyma\u0142o dzi\u0119ki tej akcji ponad 34 tysi\u0105ce z\u0142otych. Chcemy, aby w tegorocznej edycji wzi\u0119\u0142o udzia\u0142 jeszcze wi\u0119cej os\u00f3b, dlatego wprowadzili\u015bmy system polece\u0144 premiuj\u0105cy zapraszanie kolejnych uczestnik\u00f3w. Zach\u0119camy, by do wsp\u00f3lnego kr\u0119cenia kilometr\u00f3w zaprosi\u0107 rodzin\u0119, znajomych i wsp\u00f3\u0142pracownik\u00f3w. To prosty spos\u00f3b, by po\u0142\u0105czy\u0107 aktywno\u015b\u0107 fizyczn\u0105 z pomoc\u0105 potrzebuj\u0105cym zwierz\u0119tom\u201d \u2013 powiedzia\u0142 \u0141ukasz \u015awiacki, radny Miasta Gda\u0144ska.<\/p>\n<p>6208 uczestnik\u00f3w i prawie 4,2 mln km w 2025 roku<\/p>\n<p class=\"wp-block-paragraph\">Punktem odniesienia dla tegorocznej rywalizacji jest 13. edycja kampanii.<\/p>\n<p class=\"wp-block-paragraph\">W 2025 roku uczestniczy\u0142o w niej 6208 os\u00f3b reprezentuj\u0105cych wszystkie 35 dzielnic Gda\u0144ska. Do kampanii przyst\u0105pi\u0142o 550 firm, 45 szk\u00f3\u0142 ponadpodstawowych i 10 uczelni wy\u017cszych.<\/p>\n<p class=\"wp-block-paragraph\">\u0141\u0105czny zarejestrowany dystans wyni\u00f3s\u0142 blisko 4,2 mln km.<\/p>\n<p class=\"wp-block-paragraph\">Wed\u0142ug danych przedstawionych przez miasto przejazdy prze\u0142o\u017cy\u0142y si\u0119 na ograniczenie emisji dwutlenku w\u0119gla o 559 ton, a uczestnicy spalili ponad 126 mln kilokalorii.<\/p>\n<p>Rywalizacja indywidualna i zespo\u0142owa<\/p>\n<p class=\"wp-block-paragraph\">Do kampanii mo\u017cna przyst\u0105pi\u0107 indywidualnie, a nast\u0119pnie do\u0142\u0105czy\u0107 r\u00f3wnie\u017c do rywalizacji zespo\u0142owej.<\/p>\n<p class=\"wp-block-paragraph\">Kategorie zespo\u0142owe obejmuj\u0105 firmy, uczelnie, szko\u0142y ponadpodstawowe, grupy nieformalne, Gda\u0144skich Senior\u00f3w oraz dzielnice.<\/p>\n<p class=\"wp-block-paragraph\">Zapisy zespo\u0142\u00f3w rozpocz\u0119\u0142y si\u0119 1 lipca. Uczestnicy indywidualni mog\u0105 do\u0142\u0105cza\u0107 do kampanii a\u017c do jej zako\u0144czenia.<\/p>\n<p class=\"wp-block-paragraph\">Podstawow\u0105 zasad\u0105 rejestracji przejazdu jest jego rozpocz\u0119cie albo zako\u0144czenie w granicach administracyjnych Gda\u0144ska.<\/p>\n<p>Mobilny serwis przy drogach rowerowych<\/p>\n<p class=\"wp-block-paragraph\">Przed rozpocz\u0119ciem kampanii oraz podczas jej trwania przy gda\u0144skich drogach rowerowych raz w tygodniu maj\u0105 pojawia\u0107 si\u0119 namioty promuj\u0105ce akcj\u0119.<\/p>\n<p class=\"wp-block-paragraph\">Na uczestnik\u00f3w przyje\u017cd\u017caj\u0105cych rowerem, hulajnog\u0105 lub na rolkach b\u0119d\u0105 czeka\u0142y napoje i drobne przek\u0105ski.<\/p>\n<p class=\"wp-block-paragraph\">W godzinach popo\u0142udniowych przewidziano r\u00f3wnie\u017c mobilny serwis rowerowy.<\/p>\n","protected":false},"excerpt":{"rendered":"1 wrze\u015bnia 2026 roku w Gda\u0144sku rozpocz\u0119\u0142a si\u0119 14. edycja kampanii \u201eRowerem do pracy i szko\u0142y \u2013 Kr\u0119\u0107&hellip;\n","protected":false},"author":2,"featured_media":668066,"comment_status":"","ping_status":"","sticky":false,"template":"","format":"standard","meta":{"footnotes":"","_share_on_mastodon":"0"},"categories":[51610],"tags":[1048,42,38,40,39,41],"class_list":["post-668065","post","type-post","status-publish","format-standard","has-post-thumbnail","category-gdansk","tag-gdansk","tag-pl","tag-poland","tag-polish","tag-polska","tag-polski"],"share_on_mastodon":{"url":"https:\/\/pubeurope.com\/@pl\/117215554892710314","error":""},"_links":{"self":[{"href":"https:\/\/www.europesays.com\/pl\/wp-json\/wp\/v2\/posts\/668065","targetHints":{"allow":["GET"]}}],"collection":[{"href":"https:\/\/www.europesays.com\/pl\/wp-json\/wp\/v2\/posts"}],"about":[{"href":"https:\/\/www.europesays.com\/pl\/wp-json\/wp\/v2\/types\/post"}],"author":[{"embeddable":true,"href":"https:\/\/www.europesays.com\/pl\/wp-json\/wp\/v2\/users\/2"}],"replies":[{"embeddable":true,"href":"https:\/\/www.europesays.com\/pl\/wp-json\/wp\/v2\/comments?post=668065"}],"version-history":[{"count":0,"href":"https:\/\/www.europesays.com\/pl\/wp-json\/wp\/v2\/posts\/668065\/revisions"}],"wp:featuredmedia":[{"embeddable":true,"href":"https:\/\/www.europesays.com\/pl\/wp-json\/wp\/v2\/media\/668066"}],"wp:attachment":[{"href":"https:\/\/www.europesays.com\/pl\/wp-json\/wp\/v2\/media?parent=668065"}],"wp:term":[{"taxonomy":"category","embeddable":true,"href":"https:\/\/www.europesays.com\/pl\/wp-json\/wp\/v2\/categories?post=668065"},{"taxonomy":"post_tag","embeddable":true,"href":"https:\/\/www.europesays.com\/pl\/wp-json\/wp\/v2\/tags?post=668065"}],"curies":[{"name":"wp","href":"https:\/\/api.w.org\/{rel}","templated":true}]}}