{"id":668087,"date":"2026-09-05T00:29:17","date_gmt":"2026-09-05T00:29:17","guid":{"rendered":"https:\/\/www.europesays.com\/pl\/668087\/"},"modified":"2026-09-05T00:29:17","modified_gmt":"2026-09-05T00:29:17","slug":"fenomenalny-vivo-x300-fe-z-rabatem-az-550-zl-swietna-okazja","status":"publish","type":"post","link":"https:\/\/www.europesays.com\/pl\/668087\/","title":{"rendered":"Fenomenalny vivo X300 FE z rabatem a\u017c 550 z\u0142! \u015awietna okazja"},"content":{"rendered":"<p class=\"lead\">Tanieje m\u00f3j ulubiony kompaktowy Android \u2013 vivo X300 FE. Smartfon jest dost\u0119pny w sieci Plus bez abonamentu, za to w p\u0142atno\u015bci ratalnej. Teraz jego cena spada nawet o 550 z\u0142otych, co czyni ofert\u0119 zielonego operatora jedn\u0105 z najciekawszych ofert dla os\u00f3b, kt\u00f3re chc\u0105 roz\u0142o\u017cy\u0107 zakup na raty. Ile musisz da\u0107 za tego smartfona z ekranem LTPO AMOLED o przek\u0105tnej 6,31\u2033?<\/p>\n<ul>\n<li>vivo X300 FE kupisz teraz w Plusie z rabatem si\u0119gaj\u0105cym 550 z\u0142.<\/li>\n<li>To jego jedna z najlepszych ofert na polskim rynku.<\/li>\n<li>Oferuje LTPO 6,31\u2033 1.5K, peryskopowy tele 50 MP i 6500 mAh.<\/li>\n<\/ul>\n<p>Kompaktowy smartfon marki vivo pochodzi z po\u0142owy kwietnia br. Model vivo X300 FE jest jednym z nielicznych, kt\u00f3re pogodzi\u0142y nie tylko mocn\u0105 specyfikacj\u0119 z kompaktow\u0105 obudow\u0105, ale i naprawd\u0119 pojemn\u0105 bateri\u0119.<\/p>\n<p>Promocja vivo X300 FE w Polsce<\/p>\n<tr>\n<\/tr>\n<tr>\n<td>6,31 cala, LTPO AMOLED, 1.5K, 120 Hz<\/td>\n<\/tr>\n<tr>\n<td>Qualcomm Snapdragon 8 Gen 5, 3,80 GHz<\/td>\n<\/tr>\n<tr>\n<td>12 GB RAM, 256 lub 512 GB UFS 4.1<\/td>\n<\/tr>\n<tr>\n<td>6500 mAh, \u0142adowanie 90 W, indukcja 40 W<\/td>\n<\/tr>\n<tr>\n<td>50 MP aparat g\u0142\u00f3wny z OIS, 50 MP peryskopowy aparat tele 3x z OIS, 8 MP aparat szerokok\u0105tny<\/td>\n<\/tr>\n<tr>\n<td>50 MP<\/td>\n<\/tr>\n<tr>\n<td>Android 16 z OriginOS 6, 5 aktualizacji<\/td>\n<\/tr>\n<tr>\n<td>150,8 x 71,8 x 8,2 mm, 190 g, IP68\/IP69<\/td>\n<\/tr>\n<tr>\n<td>16.04.2026<\/td>\n<\/tr>\n<p>Ceny vivo X300 FE zaczynaj\u0105 si\u0119 na Ceneo.pl <a href=\"https:\/\/www.ceneo.pl\/195771595;0280-0.htm#pid=525\" rel=\"nofollow noopener\" target=\"_blank\">od 3849 z\u0142otych<\/a>:<\/p>\n<p><a href=\"https:\/\/www.ceneo.pl\/195771595;0280-0.htm#pid=525\" rel=\"nofollow noopener\" target=\"_blank\"><img loading=\"lazy\" decoding=\"async\" aria-describedby=\"caption-attachment-1685718\" data-attachment-id=\"1685718\" data-permalink=\"https:\/\/www.gsmmaniak.pl\/wp-content\/uploads\/gsmmaniak\/2026\/09\/vivo-x300-fe-ceneo.jpg\" rel=\"lightbox-post4\" data-orig-file=\"https:\/\/www.gsmmaniak.pl\/wp-content\/uploads\/gsmmaniak\/2026\/09\/vivo-x300-fe-ceneo.jpg\" data-orig-size=\"1280,589\" data-comments-opened=\"1\" data-image-meta=\"[]\" data-image-title=\"vivo-x300-fe-ceneo\" data-image-description=\"\" data-image-caption=\"&lt;p&gt;vivo X300 FE 12\/512 GB \/ fot. Ceneo&lt;\/p&gt;&#10;\" data-medium-file=\"https:\/\/www.europesays.com\/pl\/wp-content\/uploads\/2026\/09\/vivo-x300-fe-ceneo-medium.jpg\" data-large-file=\"https:\/\/www.gsmmaniak.pl\/wp-content\/uploads\/gsmmaniak\/2026\/09\/vivo-x300-fe-ceneo.jpg\" class=\"wp-image-1685718 size-medium\" src=\"https:\/\/www.europesays.com\/pl\/wp-content\/uploads\/2026\/09\/vivo-x300-fe-ceneo-medium.jpg\" alt=\"Polskie ceny vivo X300 FE 12\/512 GB\" width=\"500\" height=\"230\"   itemprop=\"image\" \/><\/a><\/p>\n<p id=\"caption-attachment-1685718\" class=\"wp-caption-text\">vivo X300 FE 12\/512 GB \/ fot. Ceneo<\/p>\n<p>Tyle musisz minimalnie wyda\u0107 na telefon w wersji 12\/512 GB. Oferta Plusa nie jest najta\u0144sza na rynku, ale zosta\u0142a wyra\u017anie przeceniona wzgl\u0119dem regularnych cen obowi\u0105zuj\u0105cych wcze\u015bniej przy poszczeg\u00f3lnych wariantach ratalnych.<\/p>\n<p>Minimum, gdy\u017c im wi\u0119cej rat w Plusie (12, 24 lub 36), tym zazwyczaj wy\u017csza cena urz\u0105dzenia. Tym razem \u2013 na szcz\u0119\u015bcie \u2013 vivo X300 FE kosztuje w wyprzeda\u017cy tyle samo bez wzgl\u0119du na liczb\u0119 rat:<\/p>\n<p><a href=\"https:\/\/www.plus.pl\/sklep\/telefon-e?name=vivo-x300-fe-5g-12-512gb&amp;materialCode=115893&amp;offerUuid=5d7ecc56-de14-4677-b1da-066733a49a4d-637-2&amp;productUuid=47b21662-209e-44f0-8080-d46c045d3040&amp;priceListUuid=757727c6-95be-4860-8609-6ba8f51d02ed&amp;offerUuids=5d7ecc56-de14-4677-b1da-066733a49a4d-637-2&amp;installment=36\" rel=\"nofollow noopener\" target=\"_blank\"><img loading=\"lazy\" decoding=\"async\" aria-describedby=\"caption-attachment-1685719\" data-attachment-id=\"1685719\" data-permalink=\"https:\/\/www.gsmmaniak.pl\/wp-content\/uploads\/gsmmaniak\/2026\/09\/plus-vivo-x300-fe.jpg\" rel=\"lightbox-post4\" data-orig-file=\"https:\/\/www.gsmmaniak.pl\/wp-content\/uploads\/gsmmaniak\/2026\/09\/plus-vivo-x300-fe.jpg\" data-orig-size=\"1280,553\" data-comments-opened=\"1\" data-image-meta=\"[]\" data-image-title=\"plus-vivo-x300-fe\" data-image-description=\"\" data-image-caption=\"&lt;p&gt;vivo X300 FE \/ fot. Plus&lt;\/p&gt;&#10;\" data-medium-file=\"https:\/\/www.europesays.com\/pl\/wp-content\/uploads\/2026\/09\/plus-vivo-x300-fe-medium.jpg\" data-large-file=\"https:\/\/www.gsmmaniak.pl\/wp-content\/uploads\/gsmmaniak\/2026\/09\/plus-vivo-x300-fe.jpg\" class=\"wp-image-1685719 size-medium\" src=\"https:\/\/www.europesays.com\/pl\/wp-content\/uploads\/2026\/09\/plus-vivo-x300-fe-medium.jpg\" alt=\"vivo X300 FE\" width=\"500\" height=\"216\"   \/><\/a><\/p>\n<p id=\"caption-attachment-1685719\" class=\"wp-caption-text\">vivo X300 FE \/ fot. Plus<\/p>\n<p>W\u0142a\u015bnie dlatego oferta vivo X300 FE w Plusie jest tak korzystna \u2013 jest niewiele dro\u017csza od <a href=\"https:\/\/clk.tradedoubler.com\/click?p=253464&amp;a=2098188&amp;epi=link&amp;url=https%3A%2F%2Fwww.sferis.pl%2Fvivo-x300-fe-12-512gb-black-i737168\" rel=\"nofollow noopener\" target=\"_blank\">najta\u0144szej oferty Steris.pl<\/a>, a umo\u017cliwia zakup tego smartfona za jedyne 100 z\u0142 miesi\u0119cznie, gdy zdecydujesz si\u0119 na opcj\u0119 36 rat.<\/p>\n<p>Najbardziej kompletny kompaktowy smartfon z 2026 roku?<\/p>\n<p>Decyduj\u0105c si\u0119 na vivo X300 FE zyskujesz jednego z <a href=\"https:\/\/www.gsmmaniak.pl\/1659083\/jaki-maly-telefon-ranking\/\" rel=\"noopener nofollow\" target=\"_blank\">najfajniejszych kompaktowych smartfon\u00f3w<\/a>, jakie s\u0105 obecnie dost\u0119pne w sprzeda\u017cy. \u0141\u0105czy on:<\/p>\n<ol>\n<li>Mocne podzespo\u0142y (Snapdragon 8 Gen 5, 12 GB RAM).<\/li>\n<li>Wygodn\u0105 obudow\u0119 (nieco ponad 15 cm d\u0142ugo\u015bci).<\/li>\n<li>\u0141adny ekran dotykowy (LTPO AMOLED 6,31\u2033 1.5K 120 Hz).<\/li>\n<li>Dobre aparaty ZEISS (m.in. 50 MP peryskopowy teleobiektyw 3x z OIS).<\/li>\n<li>Pojemn\u0105 bateri\u0119 (6500 mAh z \u0142adowaniem 90 W i indukcj\u0105 40 W).<\/li>\n<\/ol>\n<p>Zw\u0142aszcza to ostatnie jest tak rzadko spotykane w ma\u0142ych smartfonach.<\/p>\n<p><a href=\"https:\/\/www.ceneo.pl\/195771595;0280-0.htm#pid=525\" rel=\"nofollow noopener\" target=\"_blank\"><img loading=\"lazy\" decoding=\"async\" aria-describedby=\"caption-attachment-1685725\" data-attachment-id=\"1685725\" data-permalink=\"https:\/\/www.gsmmaniak.pl\/wp-content\/uploads\/gsmmaniak\/2026\/09\/vivo-x300-fe-1.jpg\" rel=\"lightbox-post4\" data-orig-file=\"https:\/\/www.gsmmaniak.pl\/wp-content\/uploads\/gsmmaniak\/2026\/09\/vivo-x300-fe-1.jpg\" data-orig-size=\"1280,1025\" data-comments-opened=\"1\" data-image-meta=\"[]\" data-image-title=\"vivo-x300-fe-1\" data-image-description=\"\" data-image-caption=\"&lt;p&gt;vivo X300 FE \/ fot. Konrad Bartnik, gsmManiaK.pl&lt;\/p&gt;&#10;\" data-medium-file=\"https:\/\/www.europesays.com\/pl\/wp-content\/uploads\/2026\/09\/vivo-x300-fe-1-medium.jpg\" data-large-file=\"https:\/\/www.gsmmaniak.pl\/wp-content\/uploads\/gsmmaniak\/2026\/09\/vivo-x300-fe-1.jpg\" class=\"wp-image-1685725 size-medium\" src=\"https:\/\/www.europesays.com\/pl\/wp-content\/uploads\/2026\/09\/vivo-x300-fe-1-medium.jpg\" alt=\"vivo X300 FE\" width=\"500\" height=\"400\"   \/><\/a><\/p>\n<p id=\"caption-attachment-1685725\" class=\"wp-caption-text\">vivo X300 FE \/ fot. Konrad Bartnik, gsmManiaK.pl<\/p>\n<p>Mo\u017ce i kompaktowe Samsungi z serii S, Pixele i iPhone\u2019y maj\u0105 jeszcze mocniejsze procesory, ale nie mog\u0105 r\u00f3wna\u0107 si\u0119 pod wzgl\u0119dem zar\u00f3wno pojemno\u015bci baterii, jak i pr\u0119dko\u015bci \u0142adowania. Tegoroczny vivo X300 FE \u0142\u0105czy wszystkie te cechy w jedno. W dodatku wi\u0119kszo\u015b\u0107 jego konkurent\u00f3w jest od niego nieco dro\u017csza.<\/p>\n<p>Je\u015bli chcesz wiedzie\u0107, jak ten telefon sprawdza si\u0119 w praktyce, sprawd\u017a koniecznie <a href=\"https:\/\/www.gsmmaniak.pl\/1674995\/vivo-x300-fe-test-recenzja-opinia-po-dwoch-miesiach\/\" rel=\"noopener nofollow\" target=\"_blank\">d\u0142ugodystansow\u0105 recenzj\u0119 vivo X300 FE<\/a> autorstwa mojego redaKcyjnego kolegi Konrada.<\/p>\n<p>\u0179r\u00f3d\u0142o: <a href=\"https:\/\/www.plus.pl\/sklep\/telefon-e?name=vivo-x300-fe-5g-12-512gb&amp;materialCode=115893&amp;offerUuid=5d7ecc56-de14-4677-b1da-066733a49a4d-637-2&amp;productUuid=47b21662-209e-44f0-8080-d46c045d3040&amp;priceListUuid=757727c6-95be-4860-8609-6ba8f51d02ed&amp;offerUuids=5d7ecc56-de14-4677-b1da-066733a49a4d-637-2&amp;installment=36\" rel=\"nofollow noopener\" target=\"_blank\">Plus<\/a>, <a href=\"https:\/\/www.ceneo.pl\/195771595;0280-0.htm#pid=525\" rel=\"nofollow noopener\" target=\"_blank\">Ceneo<\/a>, opracowanie w\u0142asne<\/p>\n<p>Nie przegap kolejnej promocji<\/p>\n<p><a href=\"https:\/\/www.facebook.com\/Lowcy.Promocji\" target=\"_blank\" rel=\"nofollow noopener\"><img decoding=\"async\" class=\"aligncenter size-medium wp-image-592466\" src=\"https:\/\/www.europesays.com\/pl\/wp-content\/uploads\/2026\/09\/1788568157_618_pasek-fb-lowcy-promocji.png\" alt=\"\u0141owcy Promocji techManiaK.PL\" \/><\/a><\/p>\n<p>Je\u017celi szukasz przecen i promocji i nie chcesz przegapi\u0107 dobrych okazji, zach\u0119cam do \u015bledzenia naszego maniaKalnego profilu <a href=\"https:\/\/www.facebook.com\/Lowcy.Promocji\" target=\"_self\" rel=\"nofollow noopener\">\u0141owcy Promocji na facebooku<\/a>. Codziennie sprawdzamy co ciekawego mo\u017cna znale\u017a\u0107 w Sieci.<\/p>\n","protected":false},"excerpt":{"rendered":"Tanieje m\u00f3j ulubiony kompaktowy Android \u2013 vivo X300 FE. Smartfon jest dost\u0119pny w sieci Plus bez abonamentu, za&hellip;\n","protected":false},"author":2,"featured_media":668088,"comment_status":"","ping_status":"","sticky":false,"template":"","format":"standard","meta":{"footnotes":"","_share_on_mastodon":"0"},"categories":[20],"tags":[120,118,119,42,2527,39677,2528,81780,2531,38,40,39,41,116,114,115,121,117,17815,81781,129685,81779,81775,81778,81776,81777],"class_list":["post-668087","post","type-post","status-publish","format-standard","has-post-thumbnail","category-nauka-i-technika","tag-nauka","tag-nauka-i-technika","tag-naukatechnika","tag-pl","tag-plus-promocja","tag-plus-przecena","tag-plus-rabat","tag-plus-vivo-x300-fe","tag-plus-wyprzedaz","tag-poland","tag-polish","tag-polska","tag-polski","tag-science","tag-science-and-technology","tag-sciencetechnology","tag-technika","tag-technology","tag-vivo-x300-fe","tag-vivo-x300-fe-bez-abonamentu","tag-vivo-x300-fe-bez-umowy","tag-vivo-x300-fe-na-raty","tag-vivo-x300-fe-promocja","tag-vivo-x300-fe-przecena","tag-vivo-x300-fe-rabat","tag-vivo-x300-fe-wyprzedaz"],"share_on_mastodon":{"url":"https:\/\/pubeurope.com\/@pl\/117215611167733560","error":""},"_links":{"self":[{"href":"https:\/\/www.europesays.com\/pl\/wp-json\/wp\/v2\/posts\/668087","targetHints":{"allow":["GET"]}}],"collection":[{"href":"https:\/\/www.europesays.com\/pl\/wp-json\/wp\/v2\/posts"}],"about":[{"href":"https:\/\/www.europesays.com\/pl\/wp-json\/wp\/v2\/types\/post"}],"author":[{"embeddable":true,"href":"https:\/\/www.europesays.com\/pl\/wp-json\/wp\/v2\/users\/2"}],"replies":[{"embeddable":true,"href":"https:\/\/www.europesays.com\/pl\/wp-json\/wp\/v2\/comments?post=668087"}],"version-history":[{"count":0,"href":"https:\/\/www.europesays.com\/pl\/wp-json\/wp\/v2\/posts\/668087\/revisions"}],"wp:featuredmedia":[{"embeddable":true,"href":"https:\/\/www.europesays.com\/pl\/wp-json\/wp\/v2\/media\/668088"}],"wp:attachment":[{"href":"https:\/\/www.europesays.com\/pl\/wp-json\/wp\/v2\/media?parent=668087"}],"wp:term":[{"taxonomy":"category","embeddable":true,"href":"https:\/\/www.europesays.com\/pl\/wp-json\/wp\/v2\/categories?post=668087"},{"taxonomy":"post_tag","embeddable":true,"href":"https:\/\/www.europesays.com\/pl\/wp-json\/wp\/v2\/tags?post=668087"}],"curies":[{"name":"wp","href":"https:\/\/api.w.org\/{rel}","templated":true}]}}