{"id":668097,"date":"2026-09-05T00:35:21","date_gmt":"2026-09-05T00:35:21","guid":{"rendered":"https:\/\/www.europesays.com\/pl\/668097\/"},"modified":"2026-09-05T00:35:21","modified_gmt":"2026-09-05T00:35:21","slug":"tusk-z-kralem-we-wlasnych-sidlach-celna-uwaga-pawelczyk-woickiej","status":"publish","type":"post","link":"https:\/\/www.europesays.com\/pl\/668097\/","title":{"rendered":"Tusk z Kralem we w\u0142asnych sid\u0142ach. Celna uwaga Pawe\u0142czyk-Woickiej"},"content":{"rendered":"<p data-v-01d4021f=\"\">Ujawnienie zezna\u0144 Przemys\u0142awa Krala w Sejmie przez Donalda Tuska budzi powa\u017cne w\u0105tpliwo\u015bci prawne. Nie chodzi tu jedynie o ujawnienie tajemnicy \u015bledztwa przez premiera, ale tak\u017ce o to, co \u015bledczy mieli obieca\u0107 Kralowi w zamian za zeznania. &#8222;Obiecywanie z\u0142agodzenia kary za pomawianie innych os\u00f3b to jest dok\u0142adnie to samo, o co ten Pan pomawia innych&#8221; &#8211; napisa\u0142a w mediach spo\u0142eczno\u015bciowych by\u0142a przewodnicz\u0105ca Krajowej Rady S\u0105downictwa s\u0119dzia Dagmara Pawe\u0142czyk-Woicka. <\/p>\n<p data-v-01d4021f=\"\">Premier Donald Tusk ujawni\u0142 w Sejmie zeznania, jakie mia\u0142 z\u0142o\u017cy\u0107 w prokuraturze g\u0142\u00f3wny podejrzany w aferze Zondacrypto Przemys\u0142aw Kral. Cytowa\u0142 jego s\u0142owa z sejmowej m\u00f3wnicy, jakby wszystko co powiedzia\u0142 Kral by\u0142o bezwzgl\u0119dn\u0105 prawd\u0105. Tymczasem ka\u017cdy prawnik wie, \u017ce zeznania g\u0142\u00f3wnego podejrzanego &#8211; prokuratura zarzuca Kralowi oszustwo na ogromn\u0105 skal\u0119 &#8211;\u00a0 nale\u017cy bardzo mocno weryfikowa\u0107, poniewa\u017c broni\u0105c si\u0119 mo\u017ce pr\u00f3bowa\u0107 zrzuca\u0107 win\u0119 na innych. Tusk jednak prowadz\u0105c wojn\u0119 polityczn\u0105 z opozycj\u0105 prezydentem wykorzysta\u0142 protoko\u0142y prokuratorskie. Jakby tego by\u0142o ma\u0142o, obro\u0144c\u0105 Krala jest wiceszef klubu KO w sejmie, pose\u0142 mec. Roman Giertych.\u00a0<\/p>\n<p data-v-01d4021f=\"\"><a href=\"https:\/\/wpolityce.pl\/polityka\/tusk-popelnil-przestepstwo-zurek-musi-go-przesluchac,245381\" data-v-01d4021f=\"\" rel=\"nofollow noopener\" target=\"_blank\">Tusk pope\u0142ni\u0142 przest\u0119pstwo? &#8222;\u017burek musi go przes\u0142ucha\u0107&#8221;<\/a><\/p>\n<p>Wpis Pawe\u0142czyk-Woickiej<\/p>\n<p data-v-01d4021f=\"\">Do sprawy odnios\u0142a si\u0119 by\u0142a przewodnicz\u0105ca Krajowej Rady S\u0105downictwa s\u0119dzia Dagmara Pawe\u0142czyk-Woicka.<\/p>\n<p data-v-01d4021f=\"\">Czy to nie Pan Kral jest g\u0142\u00f3wn\u0105 osob\u0105 podejrzewan\u0105 o przyw\u0142aszczenie pieni\u0119dzy klient\u00f3w?. Robienie z niego bohatera oskar\u017cenia to przede wszystkim nadu\u017cycie i &#8222;odwracanie kota ogonem&#8221;, a obiecywanie z\u0142agodzenia kary za pomawianie innych os\u00f3b to jest dok\u0142adnie to samo, o co ten Pan pomawia innych<\/p>\n<p data-v-01d4021f=\"\">&#8211; napisa\u0142a w mediach spo\u0142eczno\u015bciowych by\u0142a przewodnicz\u0105ca KRS s\u0119dzia Dagmara Pawe\u0142czyk-Woicka.<\/p>\n<p data-v-01d4021f=\"\">koal\/\u017ar. wPolityce.pl\/X<\/p>\n","protected":false},"excerpt":{"rendered":"Ujawnienie zezna\u0144 Przemys\u0142awa Krala w Sejmie przez Donalda Tuska budzi powa\u017cne w\u0105tpliwo\u015bci prawne. Nie chodzi tu jedynie o&hellip;\n","protected":false},"author":2,"featured_media":668098,"comment_status":"","ping_status":"","sticky":false,"template":"","format":"standard","meta":{"footnotes":"","_share_on_mastodon":"0"},"categories":[62713],"tags":[121116,1345,88380,127822,13347,72917,907,99789,4362,2462,1005,380,423,231,127821,123474,3654],"class_list":["post-668097","post","type-post","status-publish","format-standard","has-post-thumbnail","category-donald-tusk","tag-analizy-polityczne","tag-donald-tusk","tag-komentarze-polityczne","tag-kulisy-polityki","tag-opozycja","tag-partie-polityczne","tag-polityka","tag-polityka-krajowa","tag-polityka-zagraniczna","tag-polska-polityka","tag-prezydent","tag-rzad","tag-sejm","tag-sondaze","tag-wiadomosci-polityczne","tag-wpolityce-pl","tag-wybory"],"share_on_mastodon":{"url":"https:\/\/pubeurope.com\/@pl\/117215633352366123","error":""},"_links":{"self":[{"href":"https:\/\/www.europesays.com\/pl\/wp-json\/wp\/v2\/posts\/668097","targetHints":{"allow":["GET"]}}],"collection":[{"href":"https:\/\/www.europesays.com\/pl\/wp-json\/wp\/v2\/posts"}],"about":[{"href":"https:\/\/www.europesays.com\/pl\/wp-json\/wp\/v2\/types\/post"}],"author":[{"embeddable":true,"href":"https:\/\/www.europesays.com\/pl\/wp-json\/wp\/v2\/users\/2"}],"replies":[{"embeddable":true,"href":"https:\/\/www.europesays.com\/pl\/wp-json\/wp\/v2\/comments?post=668097"}],"version-history":[{"count":0,"href":"https:\/\/www.europesays.com\/pl\/wp-json\/wp\/v2\/posts\/668097\/revisions"}],"wp:featuredmedia":[{"embeddable":true,"href":"https:\/\/www.europesays.com\/pl\/wp-json\/wp\/v2\/media\/668098"}],"wp:attachment":[{"href":"https:\/\/www.europesays.com\/pl\/wp-json\/wp\/v2\/media?parent=668097"}],"wp:term":[{"taxonomy":"category","embeddable":true,"href":"https:\/\/www.europesays.com\/pl\/wp-json\/wp\/v2\/categories?post=668097"},{"taxonomy":"post_tag","embeddable":true,"href":"https:\/\/www.europesays.com\/pl\/wp-json\/wp\/v2\/tags?post=668097"}],"curies":[{"name":"wp","href":"https:\/\/api.w.org\/{rel}","templated":true}]}}