{"id":668099,"date":"2026-09-05T00:36:17","date_gmt":"2026-09-05T00:36:17","guid":{"rendered":"https:\/\/www.europesays.com\/pl\/668099\/"},"modified":"2026-09-05T00:36:17","modified_gmt":"2026-09-05T00:36:17","slug":"radoslaw-sikorski-krytykuje-prezydenta-przebieralby-w-biskupach-jak-w-ulegalkach-2","status":"publish","type":"post","link":"https:\/\/www.europesays.com\/pl\/668099\/","title":{"rendered":"Rados\u0142aw Sikorski krytykuje prezydenta. &#8222;Przebiera\u0142by w biskupach jak w ul\u0119ga\u0142kach&#8221;"},"content":{"rendered":"<p><a href=\"https:\/\/wiadomosci.onet.pl\/kraj\/karol-nawrocki-uderza-w-donalda-tuska-w-tle-negocjacje-z-radoslawem-sikorskim\/e245lf9\" id=\"9c3131f7-815a-4d09-9ff4-de580f656ae6\" rel=\"nofollow noopener\" target=\"_blank\">Prezydent powiedzia\u0142 w czwartek, \u017ce &#8222;by\u0142o bardzo blisko&#8221; porozumienia z resortem spraw zagranicznych w sprawie nominacji ambasadorskich<\/a>. Doda\u0142, \u017ce porozumienie zosta\u0142o wypracowane, ale &#8222;jaki\u015b ze zwierzchnik\u00f3w&#8221; szefa MSZ zadecydowa\u0142, \u017ce porozumienia z prezydentem nie mog\u0105 by\u0107 realizowane.Rados\u0142aw Sikorski: nie ma potrzeby \u017cadnego porozumienia<a href=\"https:\/\/www.onet.pl\/\" title=\"Strona G\u0142\u00f3wna\" aria-label=\"Strona G\u0142\u00f3wna\" data-astro-prefetch=\"tap\" class=\"ods-a-logo-main-desktop\" rel=\"nofollow noopener\" target=\"_blank\"><img src=\"https:\/\/cdn.wiadomosci.onet.pl\/img\/Logo_desktop_Onet.svg\" class=\"ods-a-logo-main-desktop__image\" alt=\"Logo\" width=\"107\" height=\"60\" fetchpriority=\"high\" decoding=\"sync\" style=\"height:60px\"\/><\/a><\/p>\n<p class=\"ods-m-google-article__text\">Czytaj nas cz\u0119\u015bciej w Google<\/p>\n<p><a href=\"https:\/\/google.com\/preferences\/source?q=onet.pl\" target=\"_blank\" rel=\"noopener noreferrer nofollow\" aria-label=\"Dodaj w Google\" title=\"Dodaj w Google\" class=\"ods-a-button ods-a-button__primary ods-a-button__default ods-a-button-l\">Dodaj w Google<\/a><\/p>\n<p>Sikorski zapytany na pi\u0105tkowej konferencji, czy rzeczywi\u015bcie porozumienie w sprawie nominacji ambasadorskich zosta\u0142o zablokowane i z czego to ewentualnie wynika\u0142o, powiedzia\u0142, \u017ce ani w konstytucji, ani w ustawie o sprawach zagranicznych nie ma paragrafu, kt\u00f3ry m\u00f3wi o jakim\u015b porozumieniu mi\u0119dzy ministrem spraw zagranicznych a prezydentem w sprawie nominacji ambasador\u00f3w.<\/p>\n<p>Dalszy ci\u0105g artyku\u0142u pod materia\u0142em wideo<\/p>\n<p>\u2014 Nie ma potrzeby \u017cadnego porozumienia, ustawa m\u00f3wi, \u017ce prezydent powo\u0142uje ambasadora na wniosek ministra spraw zagranicznych. Prawid\u0142owo przygotowany wniosek zawiera zgod\u0119 kandydata, opini\u0119 kontrwywiadu, zgod\u0119 sejmowej komisji [spraw zagranicznych] i zgod\u0119 pa\u0144stwa przyjmuj\u0105cego \u2014 powiedzia\u0142 Sikorski.<\/p>\n<p>\u2014 I pan prezydent na swoim biurku ma 46 tak przygotowanych wniosk\u00f3w, i pan prezydent mo\u017ce jeszcze dzi\u015b si\u0105\u015b\u0107 przy biurku i je podpisa\u0107. I zapewniam, \u017ce do tego nie potrzebuje \u017cadnego porozumienia. To jest jego prerogatywa, ale i obowi\u0105zek \u2014 doda\u0142 szef MSZ.<\/p>\n<p>Rados\u0142aw Sikorski coraz bli\u017cej Karola Nawrockiego. Zmiany w sonda\u017cu zaufania<\/p>\n<p class=\"ods-o-frame-in-text__paragraph\"><a href=\"https:\/\/wiadomosci.onet.pl\/tylko-w-onecie\/radoslaw-sikorski-coraz-blizej-karola-nawrockiego-zmiany-w-sondazu-zaufania\/4xb1vzw?tpcc=202608_bloczek_newsroom\" id=\"6c2a5923-bac6-4c95-881d-85696b25e477\" rel=\"nofollow noopener\" target=\"_blank\">Przeczytaj ca\u0142o\u015b\u0107 artyku\u0142u!<\/a><\/p>\n<p><img class=\"ods-a-photo ods-a-photo--background\" src=\"https:\/\/www.europesays.com\/pl\/wp-content\/uploads\/2026\/09\/1788568577_717_89sk9lBaHR0cHM6Ly9vY2RuLmV1L3B1bHNjbXMvTURBXy8yMTExY2IwYWM2NDZkYWJlMzlmMDM5YjBhY2MzNDhlZS5qcGeRlQLNA.jpeg\" height=\"253\" width=\"450\" alt=\"Donald Tusk, Rados\u0142aw Sikorski, Karol Nawrocki, W\u0142adys\u0142aw Kosiniak-Kamysz, Krzysztof Bosak\" loading=\"lazy\" fetchpriority=\"low\" decoding=\"async\"\/>&#8222;Dla obcych ambasador\u00f3w pan prezydent jest \u0142askawy&#8221;<\/p>\n<p>Sikorski pyta\u0142, czy \u017caden z 46 przedstawionych prezydentowi kandydat\u00f3w nie spe\u0142nia warunk\u00f3w bycia polskim ambasadorem. Szef MSZ podkre\u015bli\u0142, \u017ce w zdecydowanej wi\u0119kszo\u015bci s\u0105 to kandydatury zawodowych dyplomat\u00f3w, kt\u00f3rzy byli ju\u017c ambasadorami, powo\u0142anymi na przyk\u0142ad przez by\u0142ego prezydenta Andrzeja Dud\u0119.<\/p>\n<p>Szef MSZ pyta\u0142 te\u017c, dlaczego prezydent Nawrocki przyjmuje w Polsce ambasador\u00f3w innych pa\u0144stw, a nie podpisuje nominacji dla polskich dyplomat\u00f3w. \u2014 By\u0142y ju\u017c dwie uroczysto\u015bci przyj\u0119cia list\u00f3w uwierzytelniaj\u0105cych od obcych ambasador\u00f3w, a jego [prezydenta] wsp\u00f3\u0142pracownicy m\u00f3wi\u0105, \u017ce b\u0119d\u0105 kolejne. Wi\u0119c dla obcych ambasador\u00f3w pan prezydent jest \u0142askawy, a dla polskich ambasador\u00f3w wynajduje preteksty, \u017ceby im nie podpisywa\u0107 [nominacji] \u2014 powiedzia\u0142 Sikorski.<\/p>\n<p>Zaznaczy\u0142, \u017ce w postawie prezydenta &#8222;nie chodzi tylko o MSZ&#8221; i Karol Nawrocki na przyk\u0142ad nie przyjmuje przysi\u0119gi od wybranych przez Sejm s\u0119dzi\u00f3w Trybuna\u0142u Konstytucyjnego, nie wr\u0119cza nominacji m\u0142odym oficerom w s\u0142u\u017cbach specjalnych i w wojsku, a tak\u017ce &#8222;chce decydowa\u0107 o tym, kto b\u0119dzie profesorem czy asesorem&#8221;. \u2014 Powiem wi\u0119cej, gdyby\u015bmy mieli takie prawo jak w II Rzeczypospolitej, kiedy to zgoda na mianowanie biskupa wymaga\u0142a zgody prezydenta, to pan prezydent by sobie w biskupach przebiera\u0142 jak w ul\u0119ga\u0142kach \u2014 doda\u0142 Sikorski.<\/p>\n<p>Szef MSZ podkre\u015bli\u0142, \u017ce dotrzyma\u0142 swoich zobowi\u0105za\u0144 wobec prezydenta Dudy, je\u015bli chodzi o ambasador\u00f3w i na polskich plac\u00f3wkach zagranicznych nadal s\u0105 dyplomaci z czas\u00f3w rz\u0105d\u00f3w PiS, w tym byli wsp\u00f3\u0142pracownicy by\u0142ego prezydenta. W tym kontek\u015bcie wymieni\u0142 m.in. ambasadora RP przy ONZ Krzysztofa Szczerskiego, ambasadora RP w Bukareszcie Paw\u0142a Solocha czy ambasadora RP w Chinach Paw\u0142a Kumocha.<\/p>\n","protected":false},"excerpt":{"rendered":"Prezydent powiedzia\u0142 w czwartek, \u017ce &#8222;by\u0142o bardzo blisko&#8221; porozumienia z resortem spraw zagranicznych w sprawie nominacji ambasadorskich. Doda\u0142,&hellip;\n","protected":false},"author":2,"featured_media":668100,"comment_status":"","ping_status":"","sticky":false,"template":"","format":"standard","meta":{"footnotes":"","_share_on_mastodon":"0"},"categories":[62712],"tags":[61195,1898,690,43,49,1162,48,46,55,1118,47],"class_list":["post-668099","post","type-post","status-publish","format-standard","has-post-thumbnail","category-karol-nawrocki","tag-bottomfeed_styl","tag-dyplomacja","tag-karol-nawrocki","tag-karol_nawrocki","tag-kraj","tag-msz","tag-nat_styl","tag-omp","tag-phx","tag-radoslaw_sikorski","tag-screening_general"],"share_on_mastodon":{"url":"https:\/\/pubeurope.com\/@pl\/117215638202754079","error":""},"_links":{"self":[{"href":"https:\/\/www.europesays.com\/pl\/wp-json\/wp\/v2\/posts\/668099","targetHints":{"allow":["GET"]}}],"collection":[{"href":"https:\/\/www.europesays.com\/pl\/wp-json\/wp\/v2\/posts"}],"about":[{"href":"https:\/\/www.europesays.com\/pl\/wp-json\/wp\/v2\/types\/post"}],"author":[{"embeddable":true,"href":"https:\/\/www.europesays.com\/pl\/wp-json\/wp\/v2\/users\/2"}],"replies":[{"embeddable":true,"href":"https:\/\/www.europesays.com\/pl\/wp-json\/wp\/v2\/comments?post=668099"}],"version-history":[{"count":0,"href":"https:\/\/www.europesays.com\/pl\/wp-json\/wp\/v2\/posts\/668099\/revisions"}],"wp:featuredmedia":[{"embeddable":true,"href":"https:\/\/www.europesays.com\/pl\/wp-json\/wp\/v2\/media\/668100"}],"wp:attachment":[{"href":"https:\/\/www.europesays.com\/pl\/wp-json\/wp\/v2\/media?parent=668099"}],"wp:term":[{"taxonomy":"category","embeddable":true,"href":"https:\/\/www.europesays.com\/pl\/wp-json\/wp\/v2\/categories?post=668099"},{"taxonomy":"post_tag","embeddable":true,"href":"https:\/\/www.europesays.com\/pl\/wp-json\/wp\/v2\/tags?post=668099"}],"curies":[{"name":"wp","href":"https:\/\/api.w.org\/{rel}","templated":true}]}}