{"id":668117,"date":"2026-09-05T00:51:53","date_gmt":"2026-09-05T00:51:53","guid":{"rendered":"https:\/\/www.europesays.com\/pl\/668117\/"},"modified":"2026-09-05T00:51:53","modified_gmt":"2026-09-05T00:51:53","slug":"sciezki-spacerowe-w-poblizu-wroclawia-ktore-sa-najciekawsze-2","status":"publish","type":"post","link":"https:\/\/www.europesays.com\/pl\/668117\/","title":{"rendered":"\u015acie\u017cki spacerowe w pobli\u017cu Wroc\u0142awia. Kt\u00f3re s\u0105 najciekawsze?"},"content":{"rendered":"<p><img decoding=\"async\" loading=\"eager\" fetchpriority=\"high\" class=\"atomsArticleGalleryImage__mainImg\" src=\"https:\/\/www.europesays.com\/pl\/wp-content\/uploads\/2026\/09\/il20260320_959851297_medium.jpg\" alt=\"Nam&#xF3;w rodzin&#x119; czy przyjaci&#xF3;&#x142; i wybierzcie si&#x119; na spacer w odleg&#x142;o&#x15B;ci 3.2 km od Wroc&#x142;awia\" width=\"1920\" height=\"1280\"\/><\/p>\n<p>\n        Nam\u00f3w rodzin\u0119 czy przyjaci\u00f3\u0142 i wybierzcie si\u0119 na spacer w odleg\u0142o\u015bci 3.2 km od Wroc\u0142awia<\/p>\n<p>          fot. michaeljung\/Getty Images\n        <\/p>\n<p>Nie masz pomys\u0142u na urokliw\u0105 \u015bcie\u017ck\u0119 spacerow\u0105 w okolicy Wroc\u0142awia? Oto nasze propozycje, gdzie mo\u017cna si\u0119 wybra\u0107. Przygotowali\u015bmy 3 ciekawe propozycje. Mog\u0105 mie\u0107 r\u00f3\u017cny dystans, dzi\u0119ki czemu ka\u017cdy mo\u017ce znale\u017a\u0107 co\u015b dla siebie. Razem z Taseo proponujemy Wam 3 trasy na ciekawy spacer w odleg\u0142o\u015bci do 3.2 km od Wroc\u0142awia. Co tydzie\u0144 wybieramy inny zestaw. Zobacz, jakie trasy spacerowe w okolicy Wroc\u0142awia warto sprawdzi\u0107 w weekend.<\/p>\n","protected":false},"excerpt":{"rendered":"Nam\u00f3w rodzin\u0119 czy przyjaci\u00f3\u0142 i wybierzcie si\u0119 na spacer w odleg\u0142o\u015bci 3.2 km od Wroc\u0142awia fot. michaeljung\/Getty Images&hellip;\n","protected":false},"author":2,"featured_media":668118,"comment_status":"","ping_status":"","sticky":false,"template":"","format":"standard","meta":{"footnotes":"","_share_on_mastodon":"0"},"categories":[51607],"tags":[2281,42,38,40,39,41,101816,1853],"class_list":["post-668117","post","type-post","status-publish","format-standard","has-post-thumbnail","category-wroclaw","tag-cwiczenia","tag-pl","tag-poland","tag-polish","tag-polska","tag-polski","tag-trasy-turystyczne","tag-wroclaw"],"share_on_mastodon":{"url":"https:\/\/pubeurope.com\/@pl\/117215701149484944","error":""},"_links":{"self":[{"href":"https:\/\/www.europesays.com\/pl\/wp-json\/wp\/v2\/posts\/668117","targetHints":{"allow":["GET"]}}],"collection":[{"href":"https:\/\/www.europesays.com\/pl\/wp-json\/wp\/v2\/posts"}],"about":[{"href":"https:\/\/www.europesays.com\/pl\/wp-json\/wp\/v2\/types\/post"}],"author":[{"embeddable":true,"href":"https:\/\/www.europesays.com\/pl\/wp-json\/wp\/v2\/users\/2"}],"replies":[{"embeddable":true,"href":"https:\/\/www.europesays.com\/pl\/wp-json\/wp\/v2\/comments?post=668117"}],"version-history":[{"count":0,"href":"https:\/\/www.europesays.com\/pl\/wp-json\/wp\/v2\/posts\/668117\/revisions"}],"wp:featuredmedia":[{"embeddable":true,"href":"https:\/\/www.europesays.com\/pl\/wp-json\/wp\/v2\/media\/668118"}],"wp:attachment":[{"href":"https:\/\/www.europesays.com\/pl\/wp-json\/wp\/v2\/media?parent=668117"}],"wp:term":[{"taxonomy":"category","embeddable":true,"href":"https:\/\/www.europesays.com\/pl\/wp-json\/wp\/v2\/categories?post=668117"},{"taxonomy":"post_tag","embeddable":true,"href":"https:\/\/www.europesays.com\/pl\/wp-json\/wp\/v2\/tags?post=668117"}],"curies":[{"name":"wp","href":"https:\/\/api.w.org\/{rel}","templated":true}]}}