{"id":668127,"date":"2026-09-05T00:58:37","date_gmt":"2026-09-05T00:58:37","guid":{"rendered":"https:\/\/www.europesays.com\/pl\/668127\/"},"modified":"2026-09-05T00:58:37","modified_gmt":"2026-09-05T00:58:37","slug":"warszawa-cos-poszlo-nie-tak-71-sezon-czyli-70-lecie-teatru-komedia","status":"publish","type":"post","link":"https:\/\/www.europesays.com\/pl\/668127\/","title":{"rendered":"Warszawa. Co\u015b posz\u0142o nie tak 71. sezon, czyli 70-lecie Teatru Komedia"},"content":{"rendered":"<p>Od broadwayowskich hit\u00f3w i b\u0142yskotliwego humoru Marii Czubaszek, przez opowie\u015bci o scancelowanej rzeczywisto\u015bci spod r\u0119ki Katarzyny Minkowskiej, bezlitosn\u0105 satyr\u0119 na zepsute spo\u0142ecze\u0144stwo Dario Fo \/ Remigiusza Brzyka i Tomasza \u015apiewaka, po nowy stand-up Macieja Stuhra, jeszcze \u015bmielej poszukuj\u0105ce formy komediowe i trwaj\u0105ce przez ca\u0142y przysz\u0142y rok wydarzenia jubileuszu 70-lecia sceny, dla kt\u00f3rych wsp\u00f3lnym mianownikiem b\u0119dzie pytanie o rol\u0119 humoru w czasach napi\u0119\u0107, czyli o to, \u201eco posz\u0142o nie tak?\u201d. Teatr Komedia w Warszawie zapowiada repertuar na nowy sezon pod has\u0142em \u015bmiechu jako formy oporu i komedii, kt\u00f3ra nie obiecuje, \u017ce wszystko b\u0119dzie dobrze (ale \u017ce na pewno popsujemy co\u015b jeszcze bardziej).\u00a0<\/p>\n<p>            <a data-lightbox=\"article-gallery\" href=\"https:\/\/e-teatr.pl\/files\/multimedias\/182651\/Teatr_Komedia_UPS_2.jpg\" rel=\"nofollow noopener\" target=\"_blank\">&#13;<br \/>\n        <img loading=\"lazy\" decoding=\"async\" src=\"https:\/\/www.europesays.com\/pl\/wp-content\/uploads\/2026\/09\/thumb_Teatr_Komedia_UPS_2.jpg\" alt=\"\" title=\"\" width=\"1080\" height=\"1440\"\/>      <\/a><\/p>\n<p>fot. mat. teatru<\/p>\n<p>Branie pod lup\u0119 ludzkich pomy\u0142ek, kruchych relacji, absurdalnych kryzys\u00f3w, moralnych \u2013 pi\u0119knych i pustych \u2013 deklaracji oraz potkni\u0119\u0107 ka\u017cdego gatunku zacznie si\u0119 na scenie Komedii ju\u017c w pa\u017adzierniku od kameralnego spektaklu inspirowanego humorem Marii Czubaszek \u201eCo na to Maria?\u201d Agaty Biziuk w wykonaniu Izabeli D\u0105browskiej. <br \/>&#13;\n<\/p>\n<p>W listopadzie widzowie zobacz\u0105 hit West Endu i Broadwayu \u201eCo\u015b posz\u0142o nie tak\u201d w re\u017cyserii Anety Groszy\u0144skiej-K\u0105ckiej. W styczniu teatraln\u0105 adaptacj\u0119 norweskiej powie\u015bci Niny Lykke \u201eNie jeste\u015bmy tu dla przyjemno\u015bci\u201d realizowanej przez Katarzyn\u0119 Minkowsk\u0105 i Mariusza Go\u0142osza. W maju spektakl dla m\u0142odzie\u017cy \u201eCo robi\u0105 uczucia\u201d Tiny Oziewicz w adaptacji Macieja Podstawnego i Amadeusza Nosala, a w czerwcu manifest politycznej komedii Dario Fo przygotowany przez Remigiusza Brzyka i Tomasza \u015apiewaka. B\u0119dzie te\u017c stand-up \u201eM\u0142ody Stuhr u bram staro\u015bci\u201d oraz kolejne propozycje Klancyka. Oto premiery zaplanowane na nadchodz\u0105cy, 71. sezon Teatru Komedia, kt\u00f3rym wchodzimy zarazem w jubileuszowy rok naszego 70-lecia.<\/p>\n<p>Tak, wiemy, \u017ce w tych liczbach jest zam\u0119t, ale skoro data powstania \u017coliborskiej sceny wypada w prima aprilis, to czujemy si\u0119 w obowi\u0105zku i p\u0142ata\u0107 figle, i stroi\u0107 \u017carty, i dumnie tkwi\u0107 w Komedii omy\u0142ek \u2013 w ko\u0144cu nazwa zobowi\u0105zuje. <\/p>\n<p>A je\u015bli jednak na okoliczno\u015b\u0107 chwili wypada si\u0119 oficjalnie pochwali\u0107, to zapowiadamy, \u017ce w najbli\u017cszych miesi\u0105cach b\u0119d\u0105 z nami zespo\u0142y uznanych tw\u00f3rc\u00f3w i tw\u00f3rczy\u0144, wspania\u0142e obsady aktorskie, r\u00f3\u017cnorodne, #niepowa\u017cnenaserio tematy przedstawie\u0144 i jeszcze wi\u0119cej odcieni humoru. <\/p>\n<p>W nowym sezonie spotkacie u nas grup\u0119 amator\u00f3w, kt\u00f3ra postanawia wystawi\u0107 krymina\u0142, cho\u0107 rzeczywisto\u015b\u0107 od pierwszej minuty zdecydowanie odmawia wsp\u00f3\u0142pracy. Wzi\u0119tego pisarza odkrywaj\u0105cego, \u017ce nie tylko straci\u0142 kontrol\u0119 nad w\u0142asnym \u017cyciem, ale r\u00f3wnie\u017c nad opowie\u015bci\u0105, kt\u00f3r\u0105 inni uk\u0142adaj\u0105 na jego temat. \u015arodowiska pe\u0142ne pi\u0119knych deklaracji, moralnych pewnik\u00f3w i wzajemnych oskar\u017ce\u0144. Podejrzymy, co dzieje si\u0119 z nami, kiedy ka\u017cde potkni\u0119cie zaczynamy traktowa\u0107 jak win\u0119, ka\u017cde zdanie jak deklaracj\u0119, a ka\u017cd\u0105 pomy\u0142k\u0119 jak akt oskar\u017cenia.<\/p>\n<p>Przyjrzymy si\u0119 r\u00f3wnie\u017c emocjom. Bo to, \u017ce coraz wi\u0119cej o nich m\u00f3wimy, nie musi jeszcze znaczy\u0107, \u017ce lepiej je rozumiemy. Nasze wi\u0119zi staj\u0105 si\u0119 coraz delikatniejsze, rozmowy coraz kr\u00f3tsze, a spotkania twarz\u0105 w twarz coraz rzadsze. Czasem trzeba wi\u0119c przypomnie\u0107 sobie, \u017ce troska robi kanapki, spok\u00f3j owija si\u0119 kocem, a uczucia nie zawsze potrafi\u0105 wyja\u015bni\u0107, o co im w\u0142a\u015bciwie chodzi.<\/p>\n<p>W 2027 roku rozpoczniemy r\u00f3wnie\u017c obchody 70-lecia Teatru Komedia. Na szczeg\u00f3\u0142owy plan i harmonogram jubileuszu przyjdzie jeszcze czas, ale to w\u0142a\u015bnie wtedy wr\u00f3cimy do jednego z wa\u017cniejszych spotka\u0144 w historii \u017coliborskiego Teatru \u2013 do Daria Fo i jego sztuki \u201eSi\u00f3dme: mniej kradnij\u201d, kt\u00f3rej polska prapremiera odby\u0142a si\u0119 w\u0142a\u015bnie w Komedii. Wyjdziemy od tego tekstu, \u017ceby zada\u0107 pytanie, kt\u00f3re w\u0142oski pisarz i satyryk stawia\u0142 przez ca\u0142e \u017cycie: \u201eco komedia mo\u017ce zrobi\u0107 z rzeczywisto\u015bci\u0105?\u201d. B\u0119dziemy te\u017c wraca\u0107 do ludzi, kt\u00f3rzy wiedzieli, \u017ce \u017cycia by\u0107 mo\u017ce nie da si\u0119 doprowadzi\u0107 do idealnego porz\u0105dku, ale mo\u017cna przynajmniej nie pozwoli\u0107 mu si\u0119 ca\u0142kowicie zastraszy\u0107 w\u0142asn\u0105 powag\u0105.<\/p>\n<p>Bo komedia nie obiecuje, \u017ce wszystko b\u0119dzie dobrze. M\u00f3wi co\u015b znacznie ciekawszego: \u017ce co\u015b mo\u017ce p\u00f3j\u015b\u0107 nie tak. \u017be prawdopodobnie p\u00f3jdzie. \u017be mo\u017cemy si\u0119 pomyli\u0107, skompromitowa\u0107, pok\u0142\u00f3ci\u0107, \u017ale zrozumie\u0107, wej\u015b\u0107 za wcze\u015bnie, powiedzie\u0107 za du\u017co albo nie powiedzie\u0107 nic. I \u017ce mimo wszystko przedstawienie si\u0119 nie sko\u0144czy.<\/p>\n<p>Kiedy wi\u0119c nast\u0119pnym razem na ekranie zobaczycie komunikat: \u201eUps, co\u015b posz\u0142o nie tak\u201d, mo\u017ce nie klikajcie od razu \u201eod\u015bwie\u017c\u201d. Mo\u017ce lepiej potraktowa\u0107 to jako podpowied\u017a, \u017ceby zamkn\u0105\u0107 laptop. I przyj\u015b\u0107 do teatru.<\/p>\n<p>            <a data-lightbox=\"article-gallery\" href=\"https:\/\/e-teatr.pl\/files\/multimedias\/182652\/Aneta_Groszy__ska-K__cka_Fot._Marek_Zimakiewicz.JPG\" rel=\"nofollow noopener\" target=\"_blank\">&#13;<br \/>\n        <img loading=\"lazy\" decoding=\"async\" src=\"https:\/\/www.europesays.com\/pl\/wp-content\/uploads\/2026\/09\/thumb_Aneta_Groszy__ska-K__cka_Fot._Marek_Zimakiewicz.JPG\" alt=\"\" title=\"Aneta Groszy\u0144ska-K\u0105cka\" width=\"1100\" height=\"1650\"\/>      <\/a><\/p>\n<p>fot. Marek Zimakiewicz\/mat. teatru<\/p>\n<p>O komediowej sile potkni\u0119\u0107, z przes\u0142aniem nie tylko na najbli\u017csze miesi\u0105ce oraz o tym, co i dlaczego zobaczycie w Komedii pisze Aneta Groszy\u0144ska-K\u0105cka, zast\u0119pczyni dyrektora ds. artystycznych.<\/p>\n<p>Co posz\u0142o nie tak?<br \/>&#13;<br \/>\nTo pytanie towarzyszy nam niemal codziennie. Kiedy patrzymy rano na zegarek i odkrywamy, \u017ce spotkanie zacz\u0119\u0142o si\u0119 dziesi\u0119\u0107 minut temu. Kiedy przez przypadek wysy\u0142amy wiadomo\u015b\u0107 \u201eon jest kompletnym idiot\u0105\u201d do cz\u0142owieka, kt\u00f3rego ona dotyczy. Kiedy przez p\u00f3\u0142 godziny wybieramy serial, a potem jest ju\u017c za p\u00f3\u017ano, \u017ceby cokolwiek obejrze\u0107. Kiedy na grupie rodzicielskiej o 23:48 kto\u015b pyta, czy dzieci maj\u0105 jutro przynie\u015b\u0107 kasztany, str\u00f3j galowy, klej na gor\u0105co i zdj\u0119cie przodka walcz\u0105cego w powstaniu. Kiedy zegarek informuje nas, \u017ce jeste\u015bmy zestresowani, co natychmiast podnosi nam poziom stresu. Albo kiedy przez wiele minut uk\u0142adamy idealn\u0105 odpowied\u017a, \u017ceby nie urazi\u0107 ani prawicy, ani lewicy, ani szefa, ani rodziny, ani znajomych z internetu \u2013 i ostatecznie wysy\u0142amy kciuk. Co posz\u0142o nie tak?<\/p>\n<p>W teatrze odpowied\u017a bywa prostsza. Kurtyna si\u0119 zaci\u0119\u0142a. Aktor zapomnia\u0142 tekstu. Kto\u015b si\u0119 rozchorowa\u0142. Poluzowa\u0142y si\u0119 zawiasy w drzwiach. Kostium skurczy\u0142 si\u0119 w praniu. Kto\u015b wszed\u0142 za wcze\u015bnie. Kto\u015b za p\u00f3\u017ano. Kto\u015b nie odebra\u0142 telefonu. W teatrze, podobnie jak w \u017cyciu, zawsze co\u015b mo\u017ce p\u00f3j\u015b\u0107 nie tak. I ca\u0142e szcz\u0119\u015bcie.<\/p>\n<p>Bo w\u0142a\u015bnie z tej szczeliny pomi\u0119dzy planem a jego wykonaniem, pomi\u0119dzy tym, jacy chcieliby\u015bmy by\u0107, a tym, jacy okazujemy si\u0119 w rzeczywisto\u015bci, bardzo cz\u0119sto rodzi si\u0119 komedia.<\/p>\n<p>Komedia \u017cywi si\u0119 b\u0142\u0119dem. Pomy\u0142k\u0105. Nieporozumieniem. \u0179le wypowiedzianym zdaniem, sp\u00f3\u017anion\u0105 reakcj\u0105, nadmiern\u0105 ambicj\u0105, wielkim planem, kt\u00f3ry zderza si\u0119 z ma\u0142\u0105 ludzk\u0105 bezradno\u015bci\u0105. Zak\u0142ada co\u015b bardzo prostego: cz\u0142owiek nie jest istot\u0105 sko\u0144czon\u0105. Myli si\u0119. Przesadza. Kompromituje. Co innego my\u015bli, co innego robi, a jeszcze co\u015b innego opowiada potem na sw\u00f3j temat.<\/p>\n<p>I mo\u017ce w\u0142a\u015bnie dlatego komedia jest tak g\u0142\u0119boko humanistyczna. Nie wymaga od nas, \u017ceby\u015bmy zawsze byli konsekwentni, \u015bwiadomi, w\u0142a\u015bciwi i mieli racj\u0119. Pozwala si\u0119 potkn\u0105\u0107, powiedzie\u0107 g\u0142upot\u0119, \u017ale odczyta\u0107 sytuacj\u0119 \u2013 ale nie odbiera cz\u0142owiekowi prawa do nast\u0119pnej pr\u00f3by. Dzi\u015b ta mo\u017cliwo\u015b\u0107 wydaje nam si\u0119 szczeg\u00f3lnie cenna.<\/p>\n<p>Coraz wi\u0119cej m\u00f3wimy o bezpiecze\u0144stwie, a coraz mniej przestrzeni zostawiamy na b\u0142\u0105d. Na niezr\u0119czno\u015b\u0107. Na \u017ale dobrane s\u0142owo. Na \u017cart, kt\u00f3ry nie trafi\u0142. Na cz\u0142owieka, kt\u00f3ry czego\u015b nie wiedzia\u0142, nie zrozumia\u0142, przesadzi\u0142 albo zwyczajnie paln\u0105\u0142 g\u0142upot\u0119. Chcieliby\u015bmy wyeliminowa\u0107 ryzyko. Tylko \u017ce razem z nim \u0142atwo wyeliminowa\u0107 spontaniczno\u015b\u0107, odwag\u0119 i swobod\u0119. Bo bez mo\u017cliwo\u015bci pomy\u0142ki nie ma eksperymentu. Bez ryzyka nie ma dowcipu. Bez prawa do kompromitacji nie ma komedii.<\/p>\n<p>Zostaje cz\u0142owiek ostro\u017cnie zarz\u0105dzaj\u0105cy w\u0142asnym wizerunkiem, kt\u00f3ry przed ka\u017cdym zdaniem sprawdza, czy mo\u017cna je wypowiedzie\u0107, kto mo\u017ce si\u0119 obrazi\u0107 i po kt\u00f3rej stronie zostanie zapisany. A komedia robi co\u015b dok\u0142adnie odwrotnego. Burzy ustalony porz\u0105dek. Podwa\u017ca hierarchie. Przebija nad\u0119te balony. Przypomina, \u017ce wobec \u015bmieszno\u015bci wszyscy jeste\u015bmy r\u00f3wni &#8211; prezes, artysta, rodzic, ekspert, dyrektor i cz\u0142owiek, kt\u00f3ry w\u0142a\u015bnie po raz trzeci wpisa\u0142 z\u0142y pin do karty.<\/p>\n<p>Czasami robi to czule. Czasami bezlito\u015bnie. Ale niemal zawsze pokazuje r\u00f3\u017cnic\u0119 mi\u0119dzy naszym wyobra\u017ceniem o sobie a tym, co wida\u0107 z widowni. <br \/>&#13;\n<\/p>\n<p>\u201eCo\u015b posz\u0142o nie tak\u201d w Teatrze Komedia to sezon po\u015bwi\u0119cony w\u0142a\u015bnie tej r\u00f3\u017cnicy.<\/p>\n<p>Aneta Groszy\u0144ska-K\u0105cka<br \/>&#13;<br \/>\nzast\u0119pczyni dyrektora Teatru Komedia ds. artystycznych<\/p>\n<p>***<br \/>&#13;<br \/>\nWi\u0119cej informacji i bilety:<br \/>&#13;<br \/>\nteatrkomedia.pl <\/p>\n<p>Teatr Komedia jest instytucj\u0105 kultury miasta sto\u0142ecznego Warszawy<br \/>&#13;<br \/>\nPartner Teatru: Toyota Bielany <\/p>\n","protected":false},"excerpt":{"rendered":"Od broadwayowskich hit\u00f3w i b\u0142yskotliwego humoru Marii Czubaszek, przez opowie\u015bci o scancelowanej rzeczywisto\u015bci spod r\u0119ki Katarzyny Minkowskiej, bezlitosn\u0105&hellip;\n","protected":false},"author":2,"featured_media":668128,"comment_status":"","ping_status":"","sticky":false,"template":"","format":"standard","meta":{"footnotes":"","_share_on_mastodon":"0"},"categories":[51605],"tags":[2434,8588,6588,17490,16331,51630,42,38,40,39,41,649,650,11541,51629,8815,51631,8767,51628,800,8816,435],"class_list":["post-668127","post","type-post","status-publish","format-standard","has-post-thumbnail","category-warszawa","tag-aktor","tag-aktorzy","tag-festiwal","tag-festiwale","tag-kariera","tag-kariery","tag-pl","tag-poland","tag-polish","tag-polska","tag-polski","tag-premiera","tag-premiery","tag-realizacja","tag-realizacje","tag-repertuar","tag-ruch-teatralny","tag-sztuka","tag-sztuki","tag-teatr","tag-teatry","tag-warszawa"],"share_on_mastodon":{"url":"https:\/\/pubeurope.com\/@pl\/117215725318888128","error":""},"_links":{"self":[{"href":"https:\/\/www.europesays.com\/pl\/wp-json\/wp\/v2\/posts\/668127","targetHints":{"allow":["GET"]}}],"collection":[{"href":"https:\/\/www.europesays.com\/pl\/wp-json\/wp\/v2\/posts"}],"about":[{"href":"https:\/\/www.europesays.com\/pl\/wp-json\/wp\/v2\/types\/post"}],"author":[{"embeddable":true,"href":"https:\/\/www.europesays.com\/pl\/wp-json\/wp\/v2\/users\/2"}],"replies":[{"embeddable":true,"href":"https:\/\/www.europesays.com\/pl\/wp-json\/wp\/v2\/comments?post=668127"}],"version-history":[{"count":0,"href":"https:\/\/www.europesays.com\/pl\/wp-json\/wp\/v2\/posts\/668127\/revisions"}],"wp:featuredmedia":[{"embeddable":true,"href":"https:\/\/www.europesays.com\/pl\/wp-json\/wp\/v2\/media\/668128"}],"wp:attachment":[{"href":"https:\/\/www.europesays.com\/pl\/wp-json\/wp\/v2\/media?parent=668127"}],"wp:term":[{"taxonomy":"category","embeddable":true,"href":"https:\/\/www.europesays.com\/pl\/wp-json\/wp\/v2\/categories?post=668127"},{"taxonomy":"post_tag","embeddable":true,"href":"https:\/\/www.europesays.com\/pl\/wp-json\/wp\/v2\/tags?post=668127"}],"curies":[{"name":"wp","href":"https:\/\/api.w.org\/{rel}","templated":true}]}}