{"id":668146,"date":"2026-09-05T01:06:35","date_gmt":"2026-09-05T01:06:35","guid":{"rendered":"https:\/\/www.europesays.com\/pl\/668146\/"},"modified":"2026-09-05T01:06:35","modified_gmt":"2026-09-05T01:06:35","slug":"od-lat-o-tym-mowie-po-slowach-donalda-tuska-uderzyl-w-roberta-lewandowskiego","status":"publish","type":"post","link":"https:\/\/www.europesays.com\/pl\/668146\/","title":{"rendered":"&#8222;Od lat o tym m\u00f3wi\u0119&#8221;. Po s\u0142owach Donalda Tuska uderzy\u0142 w&#8230; Roberta Lewandowskiego"},"content":{"rendered":"<p>W pi\u0105tek w Sejmie premier m\u00f3wi\u0142 o mechanizmie, w kt\u00f3rym wed\u0142ug jego przekonania, w prokuraturze pod rz\u0105dami by\u0142ego ministra sprawiedliwo\u015bci mo\u017cna by\u0142o liczy\u0107 na bezkarno\u015b\u0107 i prowadzenie spraw zgodnie z oczekiwaniami zainteresowanych os\u00f3b. Te s\u0142owa natychmiast podchwyci\u0142 Kucharski, kt\u00f3ry od lat przekonuje, \u017ce sam pad\u0142 ofiar\u0105 podobnego mechanizmu.<\/p>\n<p>Dalszy ci\u0105g artyku\u0142u pod materia\u0142em wideo<\/p>\n<p>By\u0142y agent Lewandowskiego przypomnia\u0142 spraw\u0119 z 2020 r., kiedy zosta\u0142 zatrzymany i us\u0142ysza\u0142 zarzuty dotycz\u0105ce szanta\u017cu wobec pi\u0142karza. Przypomnijmy, \u017ce prokuratura oskar\u017cy\u0142a go o \u017c\u0105danie od najlepszego strzelca w historii naszej kadry 20 mln euro w zamian za milczenie.<\/p>\n<p><a href=\"https:\/\/przegladsportowy.onet.pl\/\" title=\"Strona g\u0142\u00f3wna serwisu\" aria-label=\"Strona g\u0142\u00f3wna serwisu\" data-astro-prefetch=\"tap\" class=\"ods-a-logo-main-desktop\" rel=\"nofollow noopener\" target=\"_blank\"><img src=\"https:\/\/cdn.przegladsportowy.onet.pl\/img\/Logo_desktop_Onet.svg\" class=\"ods-a-logo-main-desktop__image\" alt=\"Logo\" width=\"107\" height=\"60\" fetchpriority=\"high\" decoding=\"sync\" style=\"height:60px\"\/><\/a><\/p>\n<p class=\"ods-m-google-article__text\">Czytaj nas cz\u0119\u015bciej w Google<\/p>\n<p><a href=\"https:\/\/google.com\/preferences\/source?q=przegladsportowy.onet.pl\" target=\"_blank\" rel=\"noopener noreferrer nofollow\" aria-label=\"Dodaj w Google\" title=\"Dodaj w Google\" class=\"ods-a-button ods-a-button__primary ods-a-button__default ods-a-button-l\">Dodaj w Google<\/a>Cezary Kucharski pisze o Zondacrypto. Wspomnia\u0142 o&#8230; Robercie Lewandowskim<\/p>\n<p>Kucharski od pocz\u0105tku odrzuca te zarzuty i utrzymuje, \u017ce jego dzia\u0142ania by\u0142y zwi\u0105zane ze sporem o rozliczenia finansowe po zako\u0144czeniu wieloletniej wsp\u00f3\u0142pracy z napastnikiem. Sprawa trafi\u0142a do s\u0105du i nadal pozostaje elementem ostrego konfliktu obu stron.<\/p>\n<p>Teraz Kucharski poszed\u0142 jeszcze dalej. Stwierdzi\u0142, \u017ce Lewandowscy wraz z prawnikiem Tomaszem Siemi\u0105tkowskim mieli przedstawi\u0107 prokuraturze &#8222;zmy\u015blon\u0105 histori\u0119 o rzekomym szanta\u017cu&#8221;. Zasugerowa\u0142 przy tym, \u017ce sprawa zosta\u0142a potraktowana w spos\u00f3b korzystny dla pi\u0142karza i jego \u017cony. Nast\u0119pnie powi\u0105za\u0142 ten w\u0105tek z <a href=\"https:\/\/wiadomosci.onet.pl\/kraj\/afera-zondacrypto-o-co-chodzi-kim-jest-przemyslaw-kral-wyjasniamy\/pxh2d46?tpcc=202608_bloczek_newsroom\" id=\"905315ef-2db2-4905-8d29-4e57265bad05\" rel=\"nofollow noopener\" target=\"_blank\">g\u0142o\u015bn\u0105 ostatnio afer\u0105 Zondacrypto<\/a>.<img class=\"ods-a-photo ods-a-photo--background\" src=\"https:\/\/www.europesays.com\/pl\/wp-content\/uploads\/2026\/09\/77mk9lBaHR0cHM6Ly9vY2RuLmV1L3B1bHNjbXMvTURBXy84MmZmY2ZkNWQ0NWUyMWRiNjAzZmVmZWVmZWI5ZWEyNC5qcGeRkwXNB.jpeg\" height=\"627\" width=\"940\" alt=\"Cezary Kucharski\" loading=\"lazy\" fetchpriority=\"auto\" decoding=\"auto\" url=\"https:\/\/ocdn.eu\/pulscms\/MDA_\/82ffcfd5d45e21db603fefeefeb9ea24.jpg\" description=\"Cezary Kucharski\" author=\"Marcin Solarz\/FotoPyk \/ newspix.pl\" source=\"\" link=\"\"\/><\/p>\n<p>Marcin Solarz\/FotoPyk \/ newspix.pl<\/p>\n<p>Cezary Kucharski<\/p>\n<p>&#8222;Premier D.Tusk powiedzia\u0142 dzi\u015b w Sejmie, \u017ce w prokuraturze Z.Ziobry mo\u017cna by\u0142o za\u0142atwi\u0107 sobie bezkarno\u015b\u0107 i aby sprawy sz\u0142y zgodnie z oczekiwaniami \u00bbklienta\u00ab. Od lat o tym m\u00f3wi\u0119\u2026bo w takim celu poszli Lewandowscy z panem Tomaszem Siemi\u0105tkowskim do prokuratora B.\u015awi\u0119czkowskiego, ze zmy\u015blon\u0105 histori\u0105 o rzekomym szanta\u017cu. Dzi\u015b s\u0105d aresztowa\u0142 3 osoby w aferze Zondacrypto za wyprowadzanie pieni\u0119dzy\u2026 a Lewandowscy wyprowadzili sobie nielegalnie ze sp\u00f3\u0142ki wi\u0119ksze pieni\u0105dze fikcyjnymi tytu\u0142ami. Adwokat Kamil Gorzelnik doradza\u0142 w wa\u0142kach, a dzi\u015b zas\u0142ania si\u0119 tajemnic\u0105 adwokack\u0105. Prokuratorzy Regionalnej z W-wy Dawid Hieropolita\u0144ski i Tomasz \u0141opatka kpi\u0105 sobie z rozumu zajmuj\u0105c si\u0119 \u00bbochron\u0105 czci Anny i Roberta Lewandowskich\u00ab Paraleli jest du\u017co wi\u0119cej&#8221; \u2014 napisa\u0142 na platformie X.<\/p>\n<p>Przypomnijmy, \u017ce w pi\u0105tek s\u0105d zdecydowa\u0142 o trzymiesi\u0119cznym areszcie dla trzech kolejnych os\u00f3b podejrzanych w \u015bledztwie dotycz\u0105cym gie\u0142dy kryptowalut. Zarzuty obejmuj\u0105 m.in. udzia\u0142 w zorganizowanej grupie przest\u0119pczej, pranie pieni\u0119dzy oraz przyw\u0142aszczenie maj\u0105tku.<\/p>\n<p>Prokuratura bada m.in. mo\u017cliwe oszustwa na szkod\u0119 klient\u00f3w gie\u0142dy, a liczba zawiadomie\u0144 przekroczy\u0142a ju\u017c 3,6 tys. W toku post\u0119powania zabezpieczono ogromne ilo\u015bci danych i przeprowadzono dziesi\u0105tki przeszuka\u0144.<\/p>\n","protected":false},"excerpt":{"rendered":"W pi\u0105tek w Sejmie premier m\u00f3wi\u0142 o mechanizmie, w kt\u00f3rym wed\u0142ug jego przekonania, w prokuraturze pod rz\u0105dami by\u0142ego&hellip;\n","protected":false},"author":2,"featured_media":668147,"comment_status":"","ping_status":"","sticky":false,"template":"","format":"standard","meta":{"footnotes":"","_share_on_mastodon":"0"},"categories":[62713],"tags":[61195,18920,1345,212,48,46,948,300,47,130,17994],"class_list":["post-668146","post","type-post","status-publish","format-standard","has-post-thumbnail","category-donald-tusk","tag-bottomfeed_styl","tag-cezary_kucharski","tag-donald-tusk","tag-donald_tusk","tag-nat_styl","tag-omp","tag-pilka_nozna","tag-robert_lewandowski","tag-screening_general","tag-wiadomosci_sportowe","tag-zondacrypto"],"share_on_mastodon":{"url":"https:\/\/pubeurope.com\/@pl\/117215756536697544","error":""},"_links":{"self":[{"href":"https:\/\/www.europesays.com\/pl\/wp-json\/wp\/v2\/posts\/668146","targetHints":{"allow":["GET"]}}],"collection":[{"href":"https:\/\/www.europesays.com\/pl\/wp-json\/wp\/v2\/posts"}],"about":[{"href":"https:\/\/www.europesays.com\/pl\/wp-json\/wp\/v2\/types\/post"}],"author":[{"embeddable":true,"href":"https:\/\/www.europesays.com\/pl\/wp-json\/wp\/v2\/users\/2"}],"replies":[{"embeddable":true,"href":"https:\/\/www.europesays.com\/pl\/wp-json\/wp\/v2\/comments?post=668146"}],"version-history":[{"count":0,"href":"https:\/\/www.europesays.com\/pl\/wp-json\/wp\/v2\/posts\/668146\/revisions"}],"wp:featuredmedia":[{"embeddable":true,"href":"https:\/\/www.europesays.com\/pl\/wp-json\/wp\/v2\/media\/668147"}],"wp:attachment":[{"href":"https:\/\/www.europesays.com\/pl\/wp-json\/wp\/v2\/media?parent=668146"}],"wp:term":[{"taxonomy":"category","embeddable":true,"href":"https:\/\/www.europesays.com\/pl\/wp-json\/wp\/v2\/categories?post=668146"},{"taxonomy":"post_tag","embeddable":true,"href":"https:\/\/www.europesays.com\/pl\/wp-json\/wp\/v2\/tags?post=668146"}],"curies":[{"name":"wp","href":"https:\/\/api.w.org\/{rel}","templated":true}]}}