{"id":668160,"date":"2026-09-05T01:19:30","date_gmt":"2026-09-05T01:19:30","guid":{"rendered":"https:\/\/www.europesays.com\/pl\/668160\/"},"modified":"2026-09-05T01:19:30","modified_gmt":"2026-09-05T01:19:30","slug":"gdansk-przejazd-przy-niegowskiej-znow-o-krok-od-zderzenia","status":"publish","type":"post","link":"https:\/\/www.europesays.com\/pl\/668160\/","title":{"rendered":"Gda\u0144sk: Przejazd przy Niegowskiej &#8211; zn\u00f3w o krok od zderzenia"},"content":{"rendered":"<p>Zaledwie dzie\u0144 po wypadku na przeje\u017adzie kolejowo-drogowym w ci\u0105gu ul. Niegowskiej w Gda\u0144sku dosz\u0142o do kolejnego gro\u017anego incydentu. Samoch\u00f3d znalaz\u0142 si\u0119 mi\u0119dzy rogatkami, gdy na przeje\u017adzie obowi\u0105zywa\u0142 sygna\u0142 zabraniaj\u0105cy wjazdu. Tym razem nie dosz\u0142o do zderzenia z poci\u0105giem, jednak sytuacja mog\u0142a zako\u0144czy\u0107 si\u0119 tragicznie. Polskie Linie Kolejowe S.A. po raz kolejny przypominaj\u0105 kierowcom, jak nale\u017cy zachowa\u0107 si\u0119 w przypadku unieruchomienia pojazdu na przeje\u017adzie. <\/p>\n<p>Do dzisiejszego incydentu dosz\u0142o na tym samym przeje\u017adzie kolejowo \u2013 drogowym w ci\u0105gu ul. Niegowskiej w Gda\u0144sku, na kt\u00f3rym dzie\u0144 wcze\u015bniej <a href=\"https:\/\/www.rynek-kolejowy.pl\/wiadomosci\/kolejny-wypadek-na-torach-tir-wjechal-pod-pociag-pkp-intercity-w-gdansku-154283.html\" target=\"_blank\" rel=\"nofollow noopener\">poci\u0105g pasa\u017cerski uderzy\u0142 w samoch\u00f3d ci\u0119\u017carowy, kt\u00f3ry nie opu\u015bci\u0142 torowiska<\/a>. W obu przypadkach kierowcy znale\u017ali si\u0119 na przeje\u017adzie w momencie, gdy dzia\u0142a\u0142a sygnalizacja \u015bwietlna, a rogatki zacz\u0119\u0142y si\u0119 opuszcza\u0107. Dzisiaj, mimo sprawnego auta oraz wy\u0142amania rogatki przez \u015bwiadk\u00f3w zdarzenia, kieruj\u0105ca pojazdem nie zdecydowa\u0142a si\u0119 zjecha\u0107 z torowiska.<\/p>\n<p>Na szcz\u0119\u015bcie nie dosz\u0142o do kontaktu samochodu z poci\u0105giem. Zabrak\u0142o jednak niewiele, aby dosz\u0142o do kolejnego wypadku, kt\u00f3ry m\u00f3g\u0142 zagrozi\u0107 \u017cyciu i zdrowiu kierowcy, za\u0142ogi poci\u0105gu oraz podr\u00f3\u017cnych. Na torze, na kt\u00f3rym znajdowa\u0142 si\u0119 samoch\u00f3d, zaledwie kilkadziesi\u0105t metr\u00f3w od przejazdu zatrzymany zosta\u0142 poci\u0105g regionalny zbli\u017caj\u0105cy si\u0119 do przystanku Gda\u0144sk Lipce. Natomiast po drugim torze przejecha\u0142 poci\u0105g dalekobie\u017cny.<\/p>\n<p>\n<br \/>Szczeg\u00f3lnie niebezpieczn\u0105 jest sytuacja, w kt\u00f3rej kierowca, mimo sprawnego pojazdu, nie podejmuje decyzji o opuszczeniu przejazdu i wy\u0142amaniu rogatki. W takich okoliczno\u015bciach nie nale\u017cy obawia\u0107 si\u0119 uszkodzenia zapory \u2013 jej wy\u0142amanie mo\u017ce uratowa\u0107 \u017cycie.<\/p>\n<p>Co zrobi\u0107, gdy samoch\u00f3d znajdzie si\u0119 mi\u0119dzy rogatkami?<br \/>Je\u017celi pojazd jest sprawny i znalaz\u0142 si\u0119 na przeje\u017adzie pomi\u0119dzy opuszczonymi rogatkami, nale\u017cy niezw\u0142ocznie ruszy\u0107 i wy\u0142ama\u0107 rogatk\u0119, aby opu\u015bci\u0107 torowisko.<\/p>\n<p>W przypadku awarii pojazdu nale\u017cy jak najszybciej opu\u015bci\u0107 samoch\u00f3d i przejazd, a nast\u0119pnie skorzysta\u0107 z numeru telefonu znajduj\u0105cego si\u0119 na \u017b\u00f3\u0142tej Naklejce. Jest ona umieszczona na ka\u017cdym przeje\u017adzie kolejowo-drogowym, na nap\u0119dzie rogatki lub na krzy\u017cu \u015bw. Andrzeja.<\/p>\n<p>Podanie indywidualnego numeru przejazdu operatorowi numeru alarmowego 112 pozwala pracownikom PLK SA na szybk\u0105 identyfikacj\u0119 miejsca i podj\u0119cie dzia\u0142a\u0144 maj\u0105cych na celu wstrzymanie ruchu poci\u0105g\u00f3w. Jeden telefon naprawd\u0119 mo\u017ce zapobiec tragedii.<\/p>\n<p>Ka\u017cda sekunda si\u0119 liczy<\/p>\n<p>Zarz\u0105dca infrastruktury apeluje do wszystkich kierowc\u00f3w o zachowanie szczeg\u00f3lnej ostro\u017cno\u015bci na przejazdach kolejowo-drogowych i bezwzgl\u0119dne stosowanie si\u0119 do sygnalizacji oraz znak\u00f3w drogowych. Na przeje\u017adzie nie ma czasu na wahanie. Licz\u0105 si\u0119 sekundy!<\/p>\n<p>Przypomnijmy, \u017ce wczorajszy wypadek z udzia\u0142em samochodu ci\u0119\u017carowego i poci\u0105gu relacji Gdynia G\u0142\u00f3wna \u2013 Zielona G\u00f3ra spowodowa\u0142 wielogodzinne wstrzymanie ruchu na kolejowej trasie Tr\u00f3jmiasto \u2013 Warszawa oraz zniszczenia infrastruktury kolejowej. W efekcie zdarzenia op\u00f3\u017anionych zosta\u0142o 279 poci\u0105g\u00f3w na \u0142\u0105cznie ponad 17,5 tys. minut. Koszty naprawy obu tor\u00f3w, ogrodzenia doj\u015bcia do peron\u00f3w s\u0105siedniego przystanku oraz uszkodzonych urz\u0105dze\u0144 przejazdowych szacujemy \u0142\u0105cznie na oko\u0142o 140 tys. z\u0142.<\/p>\n","protected":false},"excerpt":{"rendered":"Zaledwie dzie\u0144 po wypadku na przeje\u017adzie kolejowo-drogowym w ci\u0105gu ul. Niegowskiej w Gda\u0144sku dosz\u0142o do kolejnego gro\u017anego incydentu.&hellip;\n","protected":false},"author":2,"featured_media":668161,"comment_status":"","ping_status":"","sticky":false,"template":"","format":"standard","meta":{"footnotes":"","_share_on_mastodon":"0"},"categories":[51610],"tags":[425,25061,24540,129688,24541,124322,1048,1201,1205,1203,1200,42,38,40,39,41,24783,1202,1204,1206,129689,129687],"class_list":["post-668160","post","type-post","status-publish","format-standard","has-post-thumbnail","category-gdansk","tag-bezpieczenstwo","tag-bezpieczenstwo-kolei","tag-bezpieczenstwo-na-kolei","tag-bezpieczenstwo-na-przejazdach","tag-bezpieczenstwo-na-torach","tag-bezpieczenstwo-ruchu","tag-gdansk","tag-intercity","tag-kolej","tag-koleje-mazowieckie","tag-pkp","tag-pl","tag-poland","tag-polish","tag-polska","tag-polski","tag-przejazd-kolejowo-drogowy","tag-przewozy-regionalne","tag-rozklady-jazdy-pkp","tag-rynek-kolejowy","tag-wypadki-na-przejazdach","tag-zdarzenie-na-przejezdzie"],"share_on_mastodon":{"url":"https:\/\/pubeurope.com\/@pl\/117215806603901236","error":""},"_links":{"self":[{"href":"https:\/\/www.europesays.com\/pl\/wp-json\/wp\/v2\/posts\/668160","targetHints":{"allow":["GET"]}}],"collection":[{"href":"https:\/\/www.europesays.com\/pl\/wp-json\/wp\/v2\/posts"}],"about":[{"href":"https:\/\/www.europesays.com\/pl\/wp-json\/wp\/v2\/types\/post"}],"author":[{"embeddable":true,"href":"https:\/\/www.europesays.com\/pl\/wp-json\/wp\/v2\/users\/2"}],"replies":[{"embeddable":true,"href":"https:\/\/www.europesays.com\/pl\/wp-json\/wp\/v2\/comments?post=668160"}],"version-history":[{"count":0,"href":"https:\/\/www.europesays.com\/pl\/wp-json\/wp\/v2\/posts\/668160\/revisions"}],"wp:featuredmedia":[{"embeddable":true,"href":"https:\/\/www.europesays.com\/pl\/wp-json\/wp\/v2\/media\/668161"}],"wp:attachment":[{"href":"https:\/\/www.europesays.com\/pl\/wp-json\/wp\/v2\/media?parent=668160"}],"wp:term":[{"taxonomy":"category","embeddable":true,"href":"https:\/\/www.europesays.com\/pl\/wp-json\/wp\/v2\/categories?post=668160"},{"taxonomy":"post_tag","embeddable":true,"href":"https:\/\/www.europesays.com\/pl\/wp-json\/wp\/v2\/tags?post=668160"}],"curies":[{"name":"wp","href":"https:\/\/api.w.org\/{rel}","templated":true}]}}