{"id":668166,"date":"2026-09-05T01:23:43","date_gmt":"2026-09-05T01:23:43","guid":{"rendered":"https:\/\/www.europesays.com\/pl\/668166\/"},"modified":"2026-09-05T01:23:43","modified_gmt":"2026-09-05T01:23:43","slug":"plac-solny-wieczorami-tylko-dla-wybranych-sprawdz-kto-moze-wjechac","status":"publish","type":"post","link":"https:\/\/www.europesays.com\/pl\/668166\/","title":{"rendered":"Plac Solny wieczorami tylko dla wybranych. Sprawd\u017a, kto mo\u017ce wjecha\u0107"},"content":{"rendered":"<p>Miasto przed\u0142u\u017ca pilota\u017cowy zakaz wjazdu na plac Solny i ul. Kie\u0142ba\u015bnicz\u0105 w godzinach wieczornych i nocnychOd 4 wrze\u015bnia w weekendy ograniczenie ruchu zacznie obowi\u0105zywa\u0107 od godz. 18, w tygodniu od 22Klienci ca\u0142odobowych kwiaciarni nadal mog\u0105 wje\u017cd\u017ca\u0107 na plac Solny po poinformowaniu Stra\u017cy MiejskiejOsoby uprawnione, w tym mieszka\u0144cy i go\u015bcie hoteli, zachowuj\u0105 mo\u017cliwo\u015b\u0107 wjazdu po wcze\u015bniejszym zg\u0142oszeniuMieszka\u0144cy i s\u0142u\u017cby pozytywnie oceniaj\u0105 zmiany, liczba policyjnych interwencji w rejonie spad\u0142a o prawie po\u0142ow\u0119<\/p>\n<p>Pilota\u017c rozpocz\u0105\u0142 si\u0119 podczas majowego weekendu. Jego g\u0142\u00f3wnym celem by\u0142o ograniczenie nocnego ha\u0142asu powodowanego przez samochody i motocykle zje\u017cd\u017caj\u0105ce na plac Solny.<\/p>\n<p>\u2014 Rozwi\u0105zanie si\u0119 sprawdza. Wieczorami i w nocy jest zdecydowanie ciszej i bezpieczniej. Teraz, odpowiadaj\u0105c na g\u0142osy floryst\u00f3w, chcemy sprawdzi\u0107 wariant, w kt\u00f3rym w weekendy ograniczenie ruchu b\u0119dzie zaczyna\u0142o si\u0119 od godz. 18 \u2014 m\u00f3wi Arkadiusz Filipowski, zast\u0119pca dyrektora Departamentu Marki Miasta.<\/p>\n<p><a href=\"https:\/\/www.onet.pl\/\" title=\"Strona G\u0142\u00f3wna\" aria-label=\"Strona G\u0142\u00f3wna\" data-astro-prefetch=\"tap\" class=\"ods-a-logo-main-desktop\" rel=\"nofollow noopener\" target=\"_blank\"><img src=\"https:\/\/cdn.wiadomosci.onet.pl\/img\/Logo_desktop_Onet.svg\" class=\"ods-a-logo-main-desktop__image\" alt=\"Logo\" width=\"107\" height=\"60\" fetchpriority=\"high\" decoding=\"sync\" style=\"height:60px\"\/><\/a><\/p>\n<p class=\"ods-m-google-article__text\">Czytaj nas cz\u0119\u015bciej w Google<\/p>\n<p><a href=\"https:\/\/google.com\/preferences\/source?q=onet.pl\" target=\"_blank\" rel=\"noopener noreferrer nofollow\" aria-label=\"Dodaj w Google\" title=\"Dodaj w Google\" class=\"ods-a-button ods-a-button__primary ods-a-button__default ods-a-button-l\">Dodaj w Google<\/a><\/p>\n<p>Od 4 wrze\u015bnia ograniczenie wjazdu b\u0119dzie obowi\u0105zywa\u0107: od poniedzia\u0142ku do czwartku \u2014 od godz. 22.00 do 5.00, w pi\u0105tki \u2014 od godz. 18.00 do 5.00, w soboty i niedziele \u2014 od godz. 18.00 do 5.00. <\/p>\n<p><img class=\"ods-a-photo ods-a-photo--background\" src=\"https:\/\/www.europesays.com\/pl\/wp-content\/uploads\/2026\/09\/uJ2k9lGaHR0cHM6Ly9vY2RuLmV1L3B1bHNjbXMvTURBXy80NTBmZjczZS0zYWJmLTQ0MzAtYWNkMS0xNzUwMTVjYzc1NGUuanBlZ.jpeg\" height=\"800\" width=\"565\" alt=\"Organizacja ruchu na Placu Solnym\" loading=\"lazy\" fetchpriority=\"auto\" decoding=\"auto\" url=\"https:\/\/ocdn.eu\/pulscms\/MDA_\/450ff73e-3abf-4430-acd1-175015cc754e.jpeg\" description=\"Organizacja ruchu na Placu Solnym\" author=\"Partner Strefa Miast\" source=\"\" link=\"\"\/><\/p>\n<p>Partner Strefa Miast<\/p>\n<p>Organizacja ruchu na Placu Solnym<\/p>\n<p>Poza tymi godzinami ruch b\u0119dzie mo\u017cliwy na dotychczasowych zasadach. Kwiaty mo\u017cna kupi\u0107 tak\u017ce po zamkni\u0119ciu placu. Ograniczenie ruchu nie oznacza braku dost\u0119pu do ca\u0142odobowych kwiaciarni na placu Solnym. Klienci kupuj\u0105cy kwiaty mog\u0105 wjecha\u0107 na plac tak\u017ce w godzinach obowi\u0105zywania zakazu. Przy wje\u017adzie trzeba poinformowa\u0107 Stra\u017c Miejsk\u0105, \u017ce celem wjazdu jest zakup kwiat\u00f3w. Samoch\u00f3d mo\u017cna wtedy zostawi\u0107 na specjalnie wyznaczonych miejscach przeznaczonych dla klient\u00f3w kwiaciarni.<\/p>\n<p>To wa\u017cny element pilota\u017cu. Plac Solny pozostaje dost\u0119pny dla klient\u00f3w ca\u0142odobowych punkt\u00f3w sprzeda\u017cy kwiat\u00f3w charakterystycznych dla tego miejsca, a jednocze\u015bnie ograniczone s\u0105 nocny ruch tranzytowy i wjazdy os\u00f3b, kt\u00f3re przyje\u017cd\u017ca\u0142y tu g\u0142\u00f3wnie samochodami i motocyklami dla rozrywki. G\u0142os floryst\u00f3w by\u0142 te\u017c jednym z powod\u00f3w zmiany zasad od 4 wrze\u015bnia.<\/p>\n<p>Jesieni\u0105 miasto chce sprawdzi\u0107 wariant, w kt\u00f3rym w soboty i niedziele plac b\u0119dzie dost\u0119pny dla og\u00f3lnego ruchu do godz. 18.00, a dopiero p\u00f3\u017aniej b\u0119dzie zamykany. W czasie obowi\u0105zywania ograniczenia wjazdu nadal b\u0119d\u0105 mog\u0142y korzysta\u0107 z niego tak\u017ce osoby uprawnione, m.in. mieszka\u0144cy, przedsi\u0119biorcy, restauratorzy, hotelarze, go\u015bcie hoteli oraz mieszka\u0144cy posiadaj\u0105cy abonament strefy A.<\/p>\n<p>Stra\u017c Miejska prowadzi list\u0119 sta\u0142ych numer\u00f3w rejestracyjnych mieszka\u0144c\u00f3w i przedsi\u0119biorc\u00f3w uprawnionych do wjazdu. W przypadku go\u015bci hotelowych potrzeb\u0119 wjazdu zg\u0142asza hotel. Nowe zasady b\u0119d\u0105 testowane przez oko\u0142o dw\u00f3ch miesi\u0119cy, do rozpocz\u0119cia Jarmarku Bo\u017conarodzeniowego. W czasie jarmarku plac Solny, podobnie jak w ubieg\u0142ym roku, zostanie ponownie zamkni\u0119ty dla ruchu.<\/p>\n<p>Po czterech miesi\u0105cach mieszka\u0144cy pozytywnie oceniaj\u0105 zmiany. Podczas spotkania podsumowuj\u0105cego pilota\u017c wskazywali przede wszystkim na mniejszy ha\u0142as i spokojniejsze noce. Pozytywnie efekty oceniaj\u0105 te\u017c s\u0142u\u017cby. \u2014 Przyj\u0119te zasady uspokoi\u0142y ruch w \u015bcis\u0142ym centrum i ograniczy\u0142y ha\u0142as powodowany przez motocykle i samochody sportowe. Mieszka\u0144cy dobrze odbieraj\u0105 te zmiany \u2014 m\u00f3wi Piotr Ko\u015bcielny, komendant Stra\u017cy Miejskiej Wroc\u0142awia.<\/p>\n<p>Od 1 maja do 25 sierpnia 2026 r. policja odnotowa\u0142a w tym rejonie 74 interwencje. Rok wcze\u015bniej w tym samym okresie by\u0142o ich 133.<\/p>\n","protected":false},"excerpt":{"rendered":"Miasto przed\u0142u\u017ca pilota\u017cowy zakaz wjazdu na plac Solny i ul. Kie\u0142ba\u015bnicz\u0105 w godzinach wieczornych i nocnychOd 4 wrze\u015bnia&hellip;\n","protected":false},"author":2,"featured_media":668167,"comment_status":"","ping_status":"","sticky":false,"template":"","format":"standard","meta":{"footnotes":"","_share_on_mastodon":"0"},"categories":[51607],"tags":[61195,399,48,46,55,42,38,40,39,41,47,52268,1853],"class_list":["post-668166","post","type-post","status-publish","format-standard","has-post-thumbnail","category-wroclaw","tag-bottomfeed_styl","tag-informacje","tag-nat_styl","tag-omp","tag-phx","tag-pl","tag-poland","tag-polish","tag-polska","tag-polski","tag-screening_general","tag-strefa_miast","tag-wroclaw"],"share_on_mastodon":{"url":"https:\/\/pubeurope.com\/@pl\/117215823284785825","error":""},"_links":{"self":[{"href":"https:\/\/www.europesays.com\/pl\/wp-json\/wp\/v2\/posts\/668166","targetHints":{"allow":["GET"]}}],"collection":[{"href":"https:\/\/www.europesays.com\/pl\/wp-json\/wp\/v2\/posts"}],"about":[{"href":"https:\/\/www.europesays.com\/pl\/wp-json\/wp\/v2\/types\/post"}],"author":[{"embeddable":true,"href":"https:\/\/www.europesays.com\/pl\/wp-json\/wp\/v2\/users\/2"}],"replies":[{"embeddable":true,"href":"https:\/\/www.europesays.com\/pl\/wp-json\/wp\/v2\/comments?post=668166"}],"version-history":[{"count":0,"href":"https:\/\/www.europesays.com\/pl\/wp-json\/wp\/v2\/posts\/668166\/revisions"}],"wp:featuredmedia":[{"embeddable":true,"href":"https:\/\/www.europesays.com\/pl\/wp-json\/wp\/v2\/media\/668167"}],"wp:attachment":[{"href":"https:\/\/www.europesays.com\/pl\/wp-json\/wp\/v2\/media?parent=668166"}],"wp:term":[{"taxonomy":"category","embeddable":true,"href":"https:\/\/www.europesays.com\/pl\/wp-json\/wp\/v2\/categories?post=668166"},{"taxonomy":"post_tag","embeddable":true,"href":"https:\/\/www.europesays.com\/pl\/wp-json\/wp\/v2\/tags?post=668166"}],"curies":[{"name":"wp","href":"https:\/\/api.w.org\/{rel}","templated":true}]}}